{"id":338172,"date":"2025-08-23T09:15:25","date_gmt":"2025-08-23T09:15:25","guid":{"rendered":"https:\/\/www.europesays.com\/fr\/338172\/"},"modified":"2025-08-23T09:15:25","modified_gmt":"2025-08-23T09:15:25","slug":"des-travaux-tres-bruyants-prevus-la-semaine-prochaine-dans-le-centre-ville-de-strasbourg-voici-ou","status":"publish","type":"post","link":"https:\/\/www.europesays.com\/fr\/338172\/","title":{"rendered":"Des travaux tr\u00e8s bruyants pr\u00e9vus la semaine prochaine dans le centre-ville de Strasbourg : voici o\u00f9"},"content":{"rendered":"<p>            Par<br \/>\n        <strong><br \/>\n            <a href=\"https:\/\/actu.fr\/auteur\/ivan-capecchi\" title=\"Consulter tous les articles de Ivan CAPECCHI\" target=\"_blank\" rel=\"noopener\">Ivan CAPECCHI<\/a><br \/>\n        <\/strong><\/p>\n<p>        Publi\u00e9 le<\/p>\n<p>            22 ao\u00fbt 2025 \u00e0 16h50        <\/p>\n<p>Des <a href=\"https:\/\/actu.fr\/tag\/travaux\" target=\"_blank\" rel=\"noopener\">travaux<\/a> tr\u00e8s bruyants vont \u00eatre men\u00e9s la semaine prochaine dans le <strong>centre-ville de Strasbourg<\/strong>, a averti la Ville ce vendredi, dans le cadre d\u2019une conf\u00e9rence de presse li\u00e9e au <a href=\"https:\/\/actu.fr\/grand-est\/strasbourg_67482\/strasbourg-voici-la-carte-des-nombreux-travaux-prevus-cette-annee-pour-le-ring-velo_62121636.html\" target=\"_blank\" rel=\"noopener\">chantier du ring v\u00e9lo<\/a>. On vous explique.<\/p>\n<p>La place d\u2019Austerlitz bient\u00f4t amput\u00e9e de 6\u2009% de sa surface<\/p>\n<p class=\" wall-content\">D\u2019ici le lancement de <a href=\"https:\/\/actu.fr\/grand-est\/strasbourg_67482\/strasbourg-les-dates-du-marche-de-noel-2025-sont-connues_62710676.html#:~:text=Le%20march%C3%A9%20de%20No%C3%ABl%20de,une%20%C3%A9dition%202024%20exceptionnellement%20d%C3%A9cal%C3%A9e.&amp;text=Le%20march%C3%A9%20de%20No%C3%ABl%20de%20Strasbourg%202025%20aura%20lieu%20du,novembre%20au%20mercredi%2024%20d%C3%A9cembre.\" target=\"_blank\" rel=\"noopener\">l\u2019\u00e9dition 2025 du march\u00e9 de No\u00ebl<\/a>, la municipalit\u00e9 compte achever les portions du ring v\u00e9lo situ\u00e9es au niveau de la <strong>place d\u2019Austerlitz et de la rue Sengenwald<\/strong>.<\/p>\n<p class=\" wall-content\">Comme nous vous l\u2019expliquions dans un pr\u00e9c\u00e9dent papier, ces travaux vont n\u00e9cessiter <a href=\"https:\/\/actu.fr\/grand-est\/strasbourg_67482\/strasbourg-pourquoi-la-place-d-austerlitz-va-etre-amputee-d-environ-6-de-sa-surface_63067711.html\" target=\"_blank\" rel=\"noopener\">d\u2019amputer la place d\u2019Austerlitz d\u2019environ 6\u2009% de sa surface<\/a>.<\/p>\n<p>De fortes nuisances sonores la semaine prochaine<\/p>\n<p class=\" wall-content\">Le <strong>sciage du b\u00e9ton arm\u00e9<\/strong> de la place doit avoir lieu la semaine prochaine.<\/p>\n<p class=\" wall-content\">\u00ab<strong>\u2009Il y aura beaucoup de bruit<\/strong>, il ne faudra pas s\u2019inqui\u00e9ter\u2009\u00bb, pr\u00e9vient la collectivit\u00e9, qui pr\u00e9cise que les travaux auront lieu en journ\u00e9e.<\/p>\n<p class=\" wall-content\">\u00ab\u2009Pass\u00e9e cette semaine un peu difficile, <strong>ce seront des travaux classiques<\/strong>\u2009\u00bb, tient-elle \u00e0 rassurer.<\/p>\n<p class=\" wall-content\">Personnalisez votre actualit\u00e9 en ajoutant vos villes et m\u00e9dias en favori avec <a href=\"https:\/\/moncompte.actu.fr\" title=\"D\u00e9couvez Mon Actu\" rel=\"nofollow noopener\" data-trk=\"{&quot;cta&quot;:{&quot;action&quot;:&quot;https:\\\/\\\/moncompte.actu.fr&quot;,&quot;category&quot;:&quot;mon compte&quot;,&quot;from&quot;:&quot;article footer&quot;,&quot;name&quot;:&quot;Mon actu&quot;,&quot;type&quot;:&quot;cta&quot;}}\" target=\"_blank\">Mon Actu<\/a>.<\/p>\n","protected":false},"excerpt":{"rendered":"Par Ivan CAPECCHI Publi\u00e9 le 22 ao\u00fbt 2025 \u00e0 16h50 Des travaux tr\u00e8s bruyants vont \u00eatre men\u00e9s la&hellip;\n","protected":false},"author":2,"featured_media":338173,"comment_status":"","ping_status":"","sticky":false,"template":"","format":"standard","meta":{"footnotes":""},"categories":[2820],"tags":[1111,11,1777,674,1011,27,775,12,25,104,640,2086,208],"class_list":{"0":"post-338172","1":"post","2":"type-post","3":"status-publish","4":"format-standard","5":"has-post-thumbnail","7":"category-strasbourg","8":"tag-actu","9":"tag-actualites","10":"tag-eu","11":"tag-europe","12":"tag-fr","13":"tag-france","14":"tag-grand-est","15":"tag-news","16":"tag-republique-francaise","17":"tag-societe","18":"tag-strasbourg","19":"tag-travaux","20":"tag-velo"},"share_on_mastodon":{"url":"https:\/\/pubeurope.com\/@fr\/115077324722851272","error":""},"_links":{"self":[{"href":"https:\/\/www.europesays.com\/fr\/wp-json\/wp\/v2\/posts\/338172","targetHints":{"allow":["GET"]}}],"collection":[{"href":"https:\/\/www.europesays.com\/fr\/wp-json\/wp\/v2\/posts"}],"about":[{"href":"https:\/\/www.europesays.com\/fr\/wp-json\/wp\/v2\/types\/post"}],"author":[{"embeddable":true,"href":"https:\/\/www.europesays.com\/fr\/wp-json\/wp\/v2\/users\/2"}],"replies":[{"embeddable":true,"href":"https:\/\/www.europesays.com\/fr\/wp-json\/wp\/v2\/comments?post=338172"}],"version-history":[{"count":0,"href":"https:\/\/www.europesays.com\/fr\/wp-json\/wp\/v2\/posts\/338172\/revisions"}],"wp:featuredmedia":[{"embeddable":true,"href":"https:\/\/www.europesays.com\/fr\/wp-json\/wp\/v2\/media\/338173"}],"wp:attachment":[{"href":"https:\/\/www.europesays.com\/fr\/wp-json\/wp\/v2\/media?parent=338172"}],"wp:term":[{"taxonomy":"category","embeddable":true,"href":"https:\/\/www.europesays.com\/fr\/wp-json\/wp\/v2\/categories?post=338172"},{"taxonomy":"post_tag","embeddable":true,"href":"https:\/\/www.europesays.com\/fr\/wp-json\/wp\/v2\/tags?post=338172"}],"curies":[{"name":"wp","href":"https:\/\/api.w.org\/{rel}","templated":true}]}}