{"id":338174,"date":"2025-08-23T09:16:12","date_gmt":"2025-08-23T09:16:12","guid":{"rendered":"https:\/\/www.europesays.com\/fr\/338174\/"},"modified":"2025-08-23T09:16:12","modified_gmt":"2025-08-23T09:16:12","slug":"comment-progressent-les-travaux-de-renovation-peinture-de-la-mediatheque-a-cagnes-sur-mer-on-fait-le-point","status":"publish","type":"post","link":"https:\/\/www.europesays.com\/fr\/338174\/","title":{"rendered":"Comment progressent les travaux de r\u00e9novation-peinture de la m\u00e9diath\u00e8que \u00e0 Cagnes-sur-Mer? On fait le point"},"content":{"rendered":"<p>\u00ab\u00a0Je ne m\u2019attendais pas \u00e0 \u00e7a en venant: les lieux sont plus d\u00e9grad\u00e9s que pr\u00e9vu.\u00a0\u00bb Employ\u00e9 de l\u2019entreprise Schultz, sp\u00e9cialis\u00e9e dans la peinture de b\u00e2timents, Arnaud Jean s\u2019attaque seul aux travaux de r\u00e9novation picturale de la m\u00e9diath\u00e8que de Cagnes-sur-Mer.<\/p>\n<p>Ferm\u00e9 depuis le 21 juillet, ce b\u00e2timent communal situ\u00e9 dans la mont\u00e9e du chemin de l\u2019Hubac, \u00ab\u00a0se refait une beaut\u00e9\u00a0\u00bb. <\/p>\n<p>Sa r\u00e9ouverture est pr\u00e9vue pour le 1er septembre et si le chantier progresse, la v\u00e9tust\u00e9 des lieux cause quelques impr\u00e9vus.<\/p>\n<p><strong>Pas repeinte depuis 20 ans<\/strong><\/p>\n<p>Le vieux b\u00e2timent en pierre bouge \u00e9norm\u00e9ment. R\u00e9sultat? Aplanir les murs et les repeindre s\u2019av\u00e8re complexe.<\/p>\n<p>Les travaux de modernisation-peinture ne concernent que deux salles du rez-de-chauss\u00e9e, la cage d\u2019escalier et un mur au premier \u00e9tage, mais \u00ab\u00a0la r\u00e9novation n\u2019a pas \u00e9t\u00e9 faite depuis plus de 20 ans: les boiseries et les peintures sont extr\u00eamement us\u00e9es\u00a0\u00bb, constate Arnaud Jean.<\/p>\n<p>Les derniers \u00e9chafaudages viennent tout juste d\u2019\u00eatre retir\u00e9s, mais les finitions m\u00e8nent encore la vie dure \u00e0 l\u2019artisan.<\/p>\n<p><strong>Des d\u00e9lais serr\u00e9s<\/strong><\/p>\n<p>\u00ab\u00a0Non, c\u2019est pas vrai\u2026 Je venais de finir cette salle!\u00a0\u00bb L\u2019artisan-peintre souffle. Il n\u2019a tourn\u00e9 la t\u00eate qu\u2019une fraction de seconde et d\u00e9j\u00e0, une petite fissure appara\u00eet sur le mur.<\/p>\n<p>De simples al\u00e9as, fr\u00e9quents dans le m\u00e9tier, mais \u00ab\u00a0retoucher prend du temps et si la m\u00e9diath\u00e8que rouvre en septembre, son \u00e9quipe revient le 25 ao\u00fbt pour organiser les \u00e9tag\u00e8res.\u00a0\u00bb <\/p>\n<p>Les d\u00e9lais sont serr\u00e9s.<\/p>\n<p><strong>\u00ab\u00a0Il faut que \u00e7a vive!\u00a0\u00bb<\/strong><\/p>\n<p>Malgr\u00e9 tout, la biblioth\u00e8que retrouve peu \u00e0 peu des couleurs. Ces travaux? Ils \u00e9taient n\u00e9cessaires. \u00ab\u00a0J\u2019ai repeint le contour des fen\u00eatres en bleu, les boiseries blanches sont plus \u00e9clatantes que jamais, il y a de l\u2019orange dans la salle lecture, du vert dans la cage d\u2019escalier: il faut que \u00e7a vive! Le rendu va plaire, c\u2019est s\u00fbr.\u00a0\u00bb <\/p>\n<p>Le Cagnois l\u2019assure, habitu\u00e9 des chantiers, il s\u2019engage \u00e0 finir les travaux dans les temps, \u00ab\u00a0quitte \u00e0 dormir sur place\u00a0\u00bb, plaisante-t-il.<\/p>\n","protected":false},"excerpt":{"rendered":"\u00ab\u00a0Je ne m\u2019attendais pas \u00e0 \u00e7a en venant: les lieux sont plus d\u00e9grad\u00e9s que pr\u00e9vu.\u00a0\u00bb Employ\u00e9 de l\u2019entreprise&hellip;\n","protected":false},"author":2,"featured_media":338175,"comment_status":"","ping_status":"","sticky":false,"template":"","format":"standard","meta":{"footnotes":""},"categories":[2819],"tags":[1111,11,1777,674,1011,27,12,2401,882,25,3366],"class_list":{"0":"post-338174","1":"post","2":"type-post","3":"status-publish","4":"format-standard","5":"has-post-thumbnail","7":"category-nice","8":"tag-actu","9":"tag-actualites","10":"tag-eu","11":"tag-europe","12":"tag-fr","13":"tag-france","14":"tag-news","15":"tag-nice","16":"tag-provence-alpes-cote-dazur","17":"tag-republique-francaise","18":"tag-vie-locale"},"share_on_mastodon":{"url":"https:\/\/pubeurope.com\/@fr\/115077328650702700","error":""},"_links":{"self":[{"href":"https:\/\/www.europesays.com\/fr\/wp-json\/wp\/v2\/posts\/338174","targetHints":{"allow":["GET"]}}],"collection":[{"href":"https:\/\/www.europesays.com\/fr\/wp-json\/wp\/v2\/posts"}],"about":[{"href":"https:\/\/www.europesays.com\/fr\/wp-json\/wp\/v2\/types\/post"}],"author":[{"embeddable":true,"href":"https:\/\/www.europesays.com\/fr\/wp-json\/wp\/v2\/users\/2"}],"replies":[{"embeddable":true,"href":"https:\/\/www.europesays.com\/fr\/wp-json\/wp\/v2\/comments?post=338174"}],"version-history":[{"count":0,"href":"https:\/\/www.europesays.com\/fr\/wp-json\/wp\/v2\/posts\/338174\/revisions"}],"wp:featuredmedia":[{"embeddable":true,"href":"https:\/\/www.europesays.com\/fr\/wp-json\/wp\/v2\/media\/338175"}],"wp:attachment":[{"href":"https:\/\/www.europesays.com\/fr\/wp-json\/wp\/v2\/media?parent=338174"}],"wp:term":[{"taxonomy":"category","embeddable":true,"href":"https:\/\/www.europesays.com\/fr\/wp-json\/wp\/v2\/categories?post=338174"},{"taxonomy":"post_tag","embeddable":true,"href":"https:\/\/www.europesays.com\/fr\/wp-json\/wp\/v2\/tags?post=338174"}],"curies":[{"name":"wp","href":"https:\/\/api.w.org\/{rel}","templated":true}]}}