{"id":338176,"date":"2025-08-23T09:17:19","date_gmt":"2025-08-23T09:17:19","guid":{"rendered":"https:\/\/www.europesays.com\/fr\/338176\/"},"modified":"2025-08-23T09:17:19","modified_gmt":"2025-08-23T09:17:19","slug":"tout-savoir-sur-nice-auxerre","status":"publish","type":"post","link":"https:\/\/www.europesays.com\/fr\/338176\/","title":{"rendered":"Tout savoir sur Nice &#8211; Auxerre"},"content":{"rendered":"<p>\n                    Jour de match<\/p>\n<p class=\"accroche\">Deuxi\u00e8me r\u00e9ception de rang pour les Aiglons, qui tenteront de rebondir ce samedi face \u00e0 Auxerre (J2, coup d&rsquo;envoi \u00e0 19h). Voici tout ce qu&rsquo;il faut savoir \u00e0 propos de la rencontre.\u00a0<\/p>\n<p>Les groupes<\/p>\n<p><img loading=\"lazy\" decoding=\"async\" alt=\"\" height=\"1350\" src=\"https:\/\/www.europesays.com\/fr\/wp-content\/uploads\/2025\/08\/Groupe-4-5-aja.jpg\" width=\"1080\"\/><\/p>\n<p><img loading=\"lazy\" decoding=\"async\" alt=\"\" height=\"1350\" src=\"https:\/\/www.europesays.com\/fr\/wp-content\/uploads\/2025\/08\/groupe-AJA.jpeg\" width=\"1080\"\/><\/p>\n<p>La stat rouge et noir<\/p>\n<p>Aucun joueur n\u2019a tent\u00e9 (4) ni r\u00e9ussi (3) plus de tacles lors du match Nice-Toulouse en J1 de Ligue 1 cette saison que Kojo Peprah Oppong. Seul Moutaz Neffati (35) avait tent\u00e9 plus de tacles que lui pour Norrk\u00f6ping entre le d\u00e9but de la saison 2025 de D1 su\u00e9doise et son d\u00e9part pour Nice en juillet (27).<\/p>\n<p style=\"text-align: center;\">Stat : Opta<\/p>\n<p>La conf&rsquo;<\/p>\n<p>L&rsquo;homme \u00e0 suivre\u00a0<\/p>\n<p>Arriv\u00e9 du Havre cet \u00e9t\u00e9, Josu\u00e9 Casimir est l&rsquo;un des nouveaux atouts offensifs du groupe de Christophe P\u00e9lissier. Remuant, l&rsquo;attaquant de 23 ans compte 58 matchs et 4 buts en L1.\u00a0<\/p>\n<p>Le Corps arbitral<\/p>\n<ul>&#13;<\/p>\n<li>J\u00e9r\u00e9my STINAT (Arbitre principal)<\/li>\n<p>&#13;<\/p>\n<li>Christophe MOUYSSET (Arbitre assistant) \/ Cyril MUGNIER (Arbitre assistant)<\/li>\n<p>&#13;<\/p>\n<li>Azz\u00e9dine SOUIFI (Quatri\u00e8me arbitre)<\/li>\n<p>&#13;<\/p>\n<li>Dominique JULIEN (Arbitre assistant vid\u00e9o) \/ Julian GRELOT (Arbitre assistant vid\u00e9o aux.)<\/li>\n<p>&#13;\n<\/ul>\n<p>Le dernier Nice &#8211; Auxerre<\/p>\n<p>LE programme de la 2\u00e8me journ\u00e9e<\/p>\n<p style=\"text-align: center;\"><strong>Vendredi 22 ao\u00fbt 2025 \u00e0 20h45\u00a0sur Ligue 1+<\/strong><br \/>&#13;<br \/>\nParis Saint-Germain 1\u20130 Angers SCO\u00a0<\/p>\n<p style=\"text-align: center;\"><strong>Samedi 23 ao\u00fbt 2025 \u00e0 17h00 sur beIN SPORTS 1<\/strong><br \/>&#13;<br \/>\nOlympique de Marseille \u2013 Paris FC<\/p>\n<p style=\"text-align: center;\">Samedi 23 ao\u00fbt 2025 \u00e0 19h00 sur Ligue 1+<br \/>&#13;<br \/>\nOGC Nice \u2013 AJ Auxerre\u00a0<\/p>\n<p style=\"text-align: center;\"><strong>Samedi 23 ao\u00fbt 2025 \u00e0 21h05 sur Ligue 1+<\/strong><br \/>&#13;<br \/>\nOlympique Lyonnais \u2013 FC Metz<\/p>\n<p style=\"text-align: center;\"><strong>Dimanche 24 ao\u00fbt 2025 \u00e0 15h00 sur Ligue 1+<\/strong><br \/>&#13;<br \/>\nFC Lorient \u2013 Stade Rennais FC<\/p>\n<p style=\"text-align: center;\"><strong>Dimanche 24 ao\u00fbt 2025 \u00e0 17h15 sur Ligue 1+<\/strong><br \/>&#13;<br \/>\nRC Strasbourg Alsace \u2013 FC Nantes<br \/>&#13;<br \/>\nToulouse FC \u2013 Stade Brestois 29<br \/>&#13;<br \/>\nHavre AC \u2013 RC Lens<\/p>\n<p><strong>Dimanche 24 ao\u00fbt 2025 \u00e0 20h45 sur Ligue 1+<\/strong><br \/>&#13;<br \/>\nLOSC Lille \u2013 AS Monaco<\/p>\n<p>O\u00f9 voir le match ?<\/p>\n<ul>&#13;<\/p>\n<li>&#13;<br \/>\n\t\u00c0 la t\u00e9l\u00e9vision, sur Ligue 1 +&#13;\n\t<\/li>\n<p>&#13;\n<\/ul>\n<p class=\"image-center\"><a href=\"https:\/\/ligue1plus.fr\/?utm_campaign=PROMOTION_L1_App+&amp;utm_source=NICE&amp;utm_medium=CLUB\" rel=\"nofollow noopener\" target=\"_blank\"><img loading=\"lazy\" decoding=\"async\" alt=\"\" height=\"450\" src=\"https:\/\/www.europesays.com\/fr\/wp-content\/uploads\/2025\/08\/1755336627_418_ligue1plus.jpg\" width=\"720\"\/><\/a><\/p>\n<ul>&#13;<\/p>\n<li>&#13;\n<p>Les m\u00e9dias du club vous proposent de vivre en\u00a0direct comment\u00e9\u00a0les matchs de votre club de coeur sur Facebook, Youtube, Twitter, Instagram, Twitch\u00a0et OGCNice.com (notre\u00a0commentateur\u00a0Jean-Marc Ponte\u00a0vous donne\u00a0rendez-vous d\u00e8s 18h45).\u00a0<\/p>\n<p>&#13;\n\t<\/li>\n<p>&#13;<\/p>\n<li>&#13;\n<p>Enfin, France Bleu Azur (103,8 FM) et RMC Sport (98,8 FM)\u00a0commenteront la rencontre en direct \u00e0 la radio.<\/p>\n<p>&#13;\n\t<\/li>\n<p>&#13;\n<\/ul>\n<p>\u00a0<\/p>\n<p class=\"article_credit\">Stats : Opta<\/p>\n","protected":false},"excerpt":{"rendered":"Jour de match Deuxi\u00e8me r\u00e9ception de rang pour les Aiglons, qui tenteront de rebondir ce samedi face \u00e0&hellip;\n","protected":false},"author":2,"featured_media":338177,"comment_status":"","ping_status":"","sticky":false,"template":"","format":"standard","meta":{"footnotes":""},"categories":[2819],"tags":[1111,11,1777,674,1011,27,12,2401,882,25],"class_list":{"0":"post-338176","1":"post","2":"type-post","3":"status-publish","4":"format-standard","5":"has-post-thumbnail","7":"category-nice","8":"tag-actu","9":"tag-actualites","10":"tag-eu","11":"tag-europe","12":"tag-fr","13":"tag-france","14":"tag-news","15":"tag-nice","16":"tag-provence-alpes-cote-dazur","17":"tag-republique-francaise"},"share_on_mastodon":{"url":"https:\/\/pubeurope.com\/@fr\/115077333168869057","error":""},"_links":{"self":[{"href":"https:\/\/www.europesays.com\/fr\/wp-json\/wp\/v2\/posts\/338176","targetHints":{"allow":["GET"]}}],"collection":[{"href":"https:\/\/www.europesays.com\/fr\/wp-json\/wp\/v2\/posts"}],"about":[{"href":"https:\/\/www.europesays.com\/fr\/wp-json\/wp\/v2\/types\/post"}],"author":[{"embeddable":true,"href":"https:\/\/www.europesays.com\/fr\/wp-json\/wp\/v2\/users\/2"}],"replies":[{"embeddable":true,"href":"https:\/\/www.europesays.com\/fr\/wp-json\/wp\/v2\/comments?post=338176"}],"version-history":[{"count":0,"href":"https:\/\/www.europesays.com\/fr\/wp-json\/wp\/v2\/posts\/338176\/revisions"}],"wp:featuredmedia":[{"embeddable":true,"href":"https:\/\/www.europesays.com\/fr\/wp-json\/wp\/v2\/media\/338177"}],"wp:attachment":[{"href":"https:\/\/www.europesays.com\/fr\/wp-json\/wp\/v2\/media?parent=338176"}],"wp:term":[{"taxonomy":"category","embeddable":true,"href":"https:\/\/www.europesays.com\/fr\/wp-json\/wp\/v2\/categories?post=338176"},{"taxonomy":"post_tag","embeddable":true,"href":"https:\/\/www.europesays.com\/fr\/wp-json\/wp\/v2\/tags?post=338176"}],"curies":[{"name":"wp","href":"https:\/\/api.w.org\/{rel}","templated":true}]}}