{"id":338179,"date":"2025-08-23T09:19:09","date_gmt":"2025-08-23T09:19:09","guid":{"rendered":"https:\/\/www.europesays.com\/fr\/338179\/"},"modified":"2025-08-23T09:19:09","modified_gmt":"2025-08-23T09:19:09","slug":"un-mort-dans-un-accident-de-la-route-au-sud-de-nantes","status":"publish","type":"post","link":"https:\/\/www.europesays.com\/fr\/338179\/","title":{"rendered":"Un mort dans un accident de la route au sud de Nantes"},"content":{"rendered":"<p>            Par<br \/>\n        <strong><br \/>\n            <a href=\"https:\/\/actu.fr\/auteur\/laurent-fortin\" title=\"Consulter tous les articles de Laurent Fortin\" target=\"_blank\" rel=\"noopener\">Laurent Fortin<\/a><br \/>\n        <\/strong><\/p>\n<p>        Publi\u00e9 le<\/p>\n<p>            23 ao\u00fbt 2025 \u00e0 10h38        <\/p>\n<p><b>Nouvelle trag\u00e9die<\/b> sur les routes de <a href=\"https:\/\/actu.fr\/pays-de-la-loire\/vertou_44215\" target=\"_blank\" rel=\"noopener\">Vertou <\/a>dans la nuit du <b>vendredi\u00a022 au samedi 23\u00a0ao\u00fbt<\/b>. Sur la route entre le <a href=\"https:\/\/www.google.fr\/maps\/place\/La+Bauche+Malo,+44120\/@47.1451767,-1.4965494,537m\/data=!3m1!1e3!4m6!3m5!1s0x4805e813fe352475:0x21eda12759030651!8m2!3d47.1413689!4d-1.4881695!16s%2Fg%2F1tfk8c_5?entry=ttu&amp;g_ep=EgoyMDI1MDgxOS4wIKXMDSoASAFQAw%3D%3D\" target=\"_blank\" rel=\"noopener\">village des P\u00e9gers<\/a> et le bourg des Sorini\u00e8res, \u00e0 hauteur de la Bauche-Malo, un <b>automobiliste a perdu le contr\u00f4le de son v\u00e9hicule<\/b> et a effectu\u00e9<b> une sortie de route<\/b> peu apr\u00e8s minuit<\/p>\n<p>Un autre gri\u00e8vement bless\u00e9<\/p>\n<p class=\" wall-content\">Sous la <b>violence du choc<\/b>, un <b>gar\u00e7on de 22\u00a0ans est d\u00e9c\u00e9d\u00e9<\/b>. L\u2019autre homme dans la voiture est <b>gri\u00e8vement bless\u00e9.<\/b> Ag\u00e9 de 23\u00a0ans, il a \u00e9t\u00e9 pris en charge par la douzaine de sapeurs-pompiers d\u00e9p\u00each\u00e9s sur place et transport\u00e9 au CHU de Nantes. <b>La route a \u00e9t\u00e9 coup\u00e9e et ferm\u00e9e \u00e0 la circulation une partie de la nuit.<\/b><\/p>\n<p class=\" wall-content\">Le 24\u00a0d\u00e9cembre dernier, un <a href=\"https:\/\/actu.fr\/pays-de-la-loire\/vertou_44215\/drame-sur-la-route-la-veille-de-noel-un-garcon-decede-a-scooter-pres-de-nantes_62047211.html\" target=\"_blank\" rel=\"noopener\">gar\u00e7on de 18\u00a0ans avait perdu la vie <\/a>\u00e0 quelques hectom\u00e8tres de l\u00e0. A Portillon, le jeune homme qui roulait \u00e0 scooter avait heurt\u00e9 une voiture.<\/p>\n<p class=\" wall-content\">Personnalisez votre actualit\u00e9 en ajoutant vos villes et m\u00e9dias en favori avec <a href=\"https:\/\/moncompte.actu.fr\" title=\"D\u00e9couvez Mon Actu\" rel=\"nofollow noopener\" data-trk=\"{&quot;cta&quot;:{&quot;action&quot;:&quot;https:\\\/\\\/moncompte.actu.fr&quot;,&quot;category&quot;:&quot;mon compte&quot;,&quot;from&quot;:&quot;article footer&quot;,&quot;name&quot;:&quot;Mon actu&quot;,&quot;type&quot;:&quot;cta&quot;}}\" target=\"_blank\">Mon Actu<\/a>.<\/p>\n","protected":false},"excerpt":{"rendered":"Par Laurent Fortin Publi\u00e9 le 23 ao\u00fbt 2025 \u00e0 10h38 Nouvelle trag\u00e9die sur les routes de Vertou dans&hellip;\n","protected":false},"author":2,"featured_media":338180,"comment_status":"","ping_status":"","sticky":false,"template":"","format":"standard","meta":{"footnotes":""},"categories":[2818],"tags":[119,1111,11,1777,674,1011,27,766,12,2636,1311,25,104,2900],"class_list":{"0":"post-338179","1":"post","2":"type-post","3":"status-publish","4":"format-standard","5":"has-post-thumbnail","7":"category-nantes","8":"tag-accident","9":"tag-actu","10":"tag-actualites","11":"tag-eu","12":"tag-europe","13":"tag-fr","14":"tag-france","15":"tag-nantes","16":"tag-news","17":"tag-pays-de-la-loire","18":"tag-pompiers","19":"tag-republique-francaise","20":"tag-societe","21":"tag-vignoble-nantais"},"share_on_mastodon":{"url":"https:\/\/pubeurope.com\/@fr\/115077340991843825","error":""},"_links":{"self":[{"href":"https:\/\/www.europesays.com\/fr\/wp-json\/wp\/v2\/posts\/338179","targetHints":{"allow":["GET"]}}],"collection":[{"href":"https:\/\/www.europesays.com\/fr\/wp-json\/wp\/v2\/posts"}],"about":[{"href":"https:\/\/www.europesays.com\/fr\/wp-json\/wp\/v2\/types\/post"}],"author":[{"embeddable":true,"href":"https:\/\/www.europesays.com\/fr\/wp-json\/wp\/v2\/users\/2"}],"replies":[{"embeddable":true,"href":"https:\/\/www.europesays.com\/fr\/wp-json\/wp\/v2\/comments?post=338179"}],"version-history":[{"count":0,"href":"https:\/\/www.europesays.com\/fr\/wp-json\/wp\/v2\/posts\/338179\/revisions"}],"wp:featuredmedia":[{"embeddable":true,"href":"https:\/\/www.europesays.com\/fr\/wp-json\/wp\/v2\/media\/338180"}],"wp:attachment":[{"href":"https:\/\/www.europesays.com\/fr\/wp-json\/wp\/v2\/media?parent=338179"}],"wp:term":[{"taxonomy":"category","embeddable":true,"href":"https:\/\/www.europesays.com\/fr\/wp-json\/wp\/v2\/categories?post=338179"},{"taxonomy":"post_tag","embeddable":true,"href":"https:\/\/www.europesays.com\/fr\/wp-json\/wp\/v2\/tags?post=338179"}],"curies":[{"name":"wp","href":"https:\/\/api.w.org\/{rel}","templated":true}]}}