{"id":338184,"date":"2025-08-23T09:22:12","date_gmt":"2025-08-23T09:22:12","guid":{"rendered":"https:\/\/www.europesays.com\/fr\/338184\/"},"modified":"2025-08-23T09:22:12","modified_gmt":"2025-08-23T09:22:12","slug":"je-nai-meme-pas-la-force-de-prevenir-la-mariee-les-locaux-dun-traiteur-de-toulouse-devastes-par-un-violent-incendie","status":"publish","type":"post","link":"https:\/\/www.europesays.com\/fr\/338184\/","title":{"rendered":"\u00ab\u00a0Je n\u2019ai m\u00eame pas la force de pr\u00e9venir la mari\u00e9e\u2026\u00a0\u00bb\u00a0: les locaux d\u2019un traiteur de Toulouse d\u00e9vast\u00e9s par un violent incendie"},"content":{"rendered":"<p>\n                                                                    l&rsquo;essentiel<br \/>\n                                                                Un violent incendie a d\u00e9truit les locaux d\u2019un traiteur de Toulouse, samedi, vers 3\u00a0heures du matin. \u00ab\u00a0Et j\u2019avais deux mariages aujourd\u2019hui\u00a0\u00bb, se d\u00e9sesp\u00e8re la g\u00e9rante, Keltoum, 49 ans, d\u00e9vast\u00e9e pour ses clients autant que son activit\u00e9.\n                            <\/p>\n<p>Du Make\u2019la, il ne reste rien qu\u2019une carcasse de t\u00f4les fumantes. Dans la nuit, un incendie a enti\u00e8rement ravag\u00e9 les 150 m\u00b2 de ce commerce de bouche, bas\u00e9 dans la zone de Thibaut, \u00e0 Toulouse, \u00e0 deux pas de l\u2019autoroute A64.<\/p>\n<p>La voix bris\u00e9e, Keltoum dit avoir \u00ab\u00a0tout perdu\u00a0\u00bb. Cette m\u00e8re de 49\u00a0ans travaillait en famille avec ses \u00ab\u00a0deux grands\u00a0\u00bb. Vers 4\u00a0heures du matin, le propri\u00e9taire des lieux l\u2019a r\u00e9veill\u00e9e en sursaut. \u00ab\u00a0Il sortait d\u2019un bar \u00e0 chicha \u00e0 proximit\u00e9. Il a vu le feu en passant devant. Il a alert\u00e9 les pompiers\u00a0\u00bb.<\/p>\n<p>\u00ab\u00a0Je suis choqu\u00e9\u00a0\u00bb<\/p>\n<p>Elle avait lanc\u00e9 cette activit\u00e9 familiale\u00a0il y a deux ans. \u00ab\u00a0On faisait traiteur pour les \u00e9v\u00e9nements dans la communaut\u00e9 musulmane\u00a0\u00bb. Apr\u00e8s plusieurs mois de travaux d\u2019embellissement de la salle \u2013 \u00ab\u00a0ils \u00e9taient finis\u00a0\u00bb \u2013, Keltoum devait ouvrir une partie restauration pour diversifier son activit\u00e9. \u00ab\u00a0Tout \u00e9tait pr\u00eat pour accueillir un service de 60 couverts \u00e0 partir de septembre, faire de la bistronomie\u00a0\u00bb, soupire-t-elle.<\/p>\n<p class=\"std-elt__inline\">\n        <strong>\u00c0 lire aussi :<\/strong><br \/>\n        <a href=\"https:\/\/www.ladepeche.fr\/2025\/08\/23\/un-restaurant-prend-feu-en-pleine-nuit-a-toulouse-un-pompier-blesse-en-combattant-lincendie-12889891.php\" rel=\"nofollow noopener\" target=\"_blank\">Un restaurant prend feu en pleine nuit \u00e0 Toulouse\u00a0: un pompier bless\u00e9 en combattant l\u2019incendie<\/a>\n    <\/p>\n<p>Bright travaille juste en face, depuis quinze jours \u00e0 peine, chez un loueur de voitures. \u00ab\u00a0Quand je suis parti hier soir (vendredi, NDLR), tout \u00e9tait normal et j\u2019arrive ce matin, il n\u2019y a plus rien. Je suis choqu\u00e9, choqu\u00e9\u2026\u00a0\u00bb, r\u00e9p\u00e8te le jeune homme, incr\u00e9dule.<\/p>\n<p>Deux mariages g\u00e2ch\u00e9s<\/p>\n<p>\u00ab\u00a0Le plus dur \u00e0 vivre, c\u2019est que j\u2019avais deux \u00e9v\u00e9nements ce samedi.\u00a0Les mari\u00e9s sont actuellement \u00e0 la mairie. Ils devaient venir manger le repas \u00e0 midi. Ils \u00e9taient 50 personnes. Et j\u2019avais en livraison un mariage pour 150 personnes en traiteur. Tout \u00e9tait pr\u00eat dans la chambre froide. Je devais le livrer aujourd\u2019hui \u00e0 18\u00a0heures. Ils attendent pour le buffet et\u00a0le repas. Et\u00a0l\u00e0, je n\u2019ai m\u00eame pas la force de pr\u00e9venir la mari\u00e9e\u00a0\u00bb, d\u00e9roule Keltoum, au fond du gouffre.<\/p>\n<p>Une vingtaine de sapeurs-pompiers du SDIS 31 ont \u00e9t\u00e9 d\u00e9p\u00each\u00e9s pour lutter contre les flammes. Ils ont d\u00e9ploy\u00e9 trois lances qui ont servi \u00e0 ma\u00eetriser le sinistre, mais surtout, \u00e0 \u00e9viter la propagation \u00e0 d\u2019autres commerces ainsi qu\u2019\u00e0 une salle des f\u00eates. L\u2019un d\u2019eux a \u00e9t\u00e9 l\u00e9g\u00e8rement bless\u00e9.<\/p>\n<p>\u00ab\u00a0J\u2019ai mis tout mon argent dans cette affaire\u00a0\u00bb<\/p>\n<p>\u00ab\u00a0Je suis venue sur place quand on m\u2019a appel\u00e9e, vers 4\u00a0h\u00a030 du matin. C\u2019est le choc. J\u2019ai travaill\u00e9 pendant quinze ans dans le b\u00e9n\u00e9volat et l\u00e0 je me suis install\u00e9e \u00e0 mon compte depuis deux ans. J\u2019ai mis tout mon argent et celui de mes enfants l\u00e0-dedans, et l\u00e0 je me retrouve sans rien. Tout est perdu. M\u00eame ma voiture qui \u00e9tait gar\u00e9e l\u00e0 est cram\u00e9e\u00a0\u00bb.<\/p>\n<p>Keltoum \u00e9tait heureusement assur\u00e9e. \u00ab\u00a0Mais je n\u2019ai pas eu la force de les pr\u00e9venir encore\u00a0\u00bb. Une enqu\u00eate a \u00e9t\u00e9 ouverte pour d\u00e9terminer les causes de l\u2019incendie. \u00ab\u00a0Je fais le m\u00e9tier de traiteur par passion. Et\u00a0l\u2019image que j\u2019ai devant\u00a0les yeux, c\u2019est celle de la mari\u00e9e\u2026\u00a0\u00bb. En pleurs aussi, certainement.<\/p>\n","protected":false},"excerpt":{"rendered":"l&rsquo;essentiel Un violent incendie a d\u00e9truit les locaux d\u2019un traiteur de Toulouse, samedi, vers 3\u00a0heures du matin. \u00ab\u00a0Et&hellip;\n","protected":false},"author":2,"featured_media":338185,"comment_status":"","ping_status":"","sticky":false,"template":"","format":"standard","meta":{"footnotes":""},"categories":[2816],"tags":[1111,11,1777,674,1011,27,12,2680,25,2312],"class_list":{"0":"post-338184","1":"post","2":"type-post","3":"status-publish","4":"format-standard","5":"has-post-thumbnail","7":"category-toulouse","8":"tag-actu","9":"tag-actualites","10":"tag-eu","11":"tag-europe","12":"tag-fr","13":"tag-france","14":"tag-news","15":"tag-occitanie","16":"tag-republique-francaise","17":"tag-toulouse"},"share_on_mastodon":{"url":"https:\/\/pubeurope.com\/@fr\/115077352356168449","error":""},"_links":{"self":[{"href":"https:\/\/www.europesays.com\/fr\/wp-json\/wp\/v2\/posts\/338184","targetHints":{"allow":["GET"]}}],"collection":[{"href":"https:\/\/www.europesays.com\/fr\/wp-json\/wp\/v2\/posts"}],"about":[{"href":"https:\/\/www.europesays.com\/fr\/wp-json\/wp\/v2\/types\/post"}],"author":[{"embeddable":true,"href":"https:\/\/www.europesays.com\/fr\/wp-json\/wp\/v2\/users\/2"}],"replies":[{"embeddable":true,"href":"https:\/\/www.europesays.com\/fr\/wp-json\/wp\/v2\/comments?post=338184"}],"version-history":[{"count":0,"href":"https:\/\/www.europesays.com\/fr\/wp-json\/wp\/v2\/posts\/338184\/revisions"}],"wp:featuredmedia":[{"embeddable":true,"href":"https:\/\/www.europesays.com\/fr\/wp-json\/wp\/v2\/media\/338185"}],"wp:attachment":[{"href":"https:\/\/www.europesays.com\/fr\/wp-json\/wp\/v2\/media?parent=338184"}],"wp:term":[{"taxonomy":"category","embeddable":true,"href":"https:\/\/www.europesays.com\/fr\/wp-json\/wp\/v2\/categories?post=338184"},{"taxonomy":"post_tag","embeddable":true,"href":"https:\/\/www.europesays.com\/fr\/wp-json\/wp\/v2\/tags?post=338184"}],"curies":[{"name":"wp","href":"https:\/\/api.w.org\/{rel}","templated":true}]}}