{"id":338186,"date":"2025-08-23T09:23:14","date_gmt":"2025-08-23T09:23:14","guid":{"rendered":"https:\/\/www.europesays.com\/fr\/338186\/"},"modified":"2025-08-23T09:23:14","modified_gmt":"2025-08-23T09:23:14","slug":"toulouse-cet-ancien-pmu-fait-sa-revolution-et-se-transforme-en-bar-a-lesprit-guinguette","status":"publish","type":"post","link":"https:\/\/www.europesays.com\/fr\/338186\/","title":{"rendered":"Toulouse. Cet ancien PMU fait sa r\u00e9volution et se transforme en bar \u00e0 l&rsquo;esprit guinguette"},"content":{"rendered":"<p>            Par<br \/>\n        <strong><br \/>\n            <a href=\"https:\/\/actu.fr\/auteur\/gabriel-kenedi\" title=\"Consulter tous les articles de Gabriel Kenedi\" target=\"_blank\" rel=\"noopener\">Gabriel Kenedi<\/a><br \/>\n        <\/strong><\/p>\n<p>        Publi\u00e9 le<\/p>\n<p>            23 ao\u00fbt 2025 \u00e0 11h08        <\/p>\n<p>Avec sa devanture aux couleurs bleues et blanches qui rappellent un peu la Gr\u00e8ce, on ne peut pas louper.\u00a0 Papi, tel est le nom plut\u00f4t avenant de ce nouveau <strong>bar \u00e0 l\u2019esprit guinguette<\/strong> qui a ouvert cet \u00e9t\u00e9 au 121, route d\u2019Albi, \u00e0 Croix-Daurade,<a href=\"https:\/\/actu.fr\/tag\/restaurants-de-toulouse\" target=\"_blank\" rel=\"noopener\"> au nord de Toulouse<\/a>. Et dans ce quartier r\u00e9sidentiel pas forc\u00e9ment riche en lieux de vie, c\u2019est une r\u00e9volution ! D\u2019autant que Papi a pris la place du Liberty Caf\u00e9, un PMU install\u00e9 depuis une dizaine d\u2019ann\u00e9es et qui ne faisait pas forc\u00e9ment l\u2019unanimit\u00e9 parmi les habitants du quartier.\u00a0<\/p>\n<p>\u00ab\u00a0Un lieu ouvert \u00e0 tous\u00a0\u00bb<br \/>\n    <img   decoding=\"async\" loading=\"lazy\" src=\"https:\/\/www.europesays.com\/fr\/wp-content\/uploads\/2025\/08\/img-20250822-wa0001-960x640.jpg\" alt=\"D\u00e8s qu'il fait beau, la terrasse de Papi est prise d'assaut ! \" width=\"960\" height=\"640\"\/><br \/>\n    D\u00e8s qu\u2019il fait beau, la terrasse de Papi est prise d\u2019assaut ! (\u00a9DR)<\/p>\n<p class=\" wall-content\">\u00c0 l\u2019origine de cette r\u00e9volution, on retrouve <strong>Dany Boulfetat<\/strong>, le nouveau g\u00e9rant. Issu d\u2019une famille de restaurateurs (son p\u00e8re tenait le bien connu Latino Palace, dans le quartier des Minimes, et La Cara\u00efbe), c\u2019est lui qui a d\u00e9cid\u00e9 de tout changer. Un changement qui s\u2019est fait d\u2019autant plus facilement que le PMU \u00e9tait g\u00e9r\u00e9 par son fr\u00e8re, Faouzi. Les deux frangins ont donc voulu cr\u00e9er un lieu <strong>\u00ab\u00a0qui sorte de l\u2019ordinaire\u00a0\u00bb.<\/strong>\u00a0<\/p>\n<p class=\" wall-content\">\u00ab\u00a0On veut faire un nouveau lieu de vie hybride, \u00e0 destination de tout le monde. Un endroit d\u00e9contract\u00e9 o\u00f9 on peut se poser, boire des coups, manger un bout, ou m\u00eame travailler\u2026 et ouvert \u00e0 tous. On est m\u00eame en train <strong>d\u2019am\u00e9nager un coin pour les enfants<\/strong> !\u00a0\u00bb<\/p>\n<p>Vid\u00e9os : en ce moment sur ActuUne terrasse avec p\u00e9tanque et \u00e9chiquier g\u00e9ant\u00a0<br \/>\n    <img   decoding=\"async\" loading=\"lazy\" src=\"https:\/\/www.europesays.com\/fr\/wp-content\/uploads\/2025\/08\/chez-papi-toulouse-croix-daurade2-960x640.jpg\" alt=\"La fameuse statue de la libert\u00e9, customis\u00e9e par l'artiste toulousain Lo\u00efc Mond\u00e9. \" width=\"960\" height=\"640\"\/><br \/>\n    La fameuse statue de la libert\u00e9, customis\u00e9e par l\u2019artiste toulousain Lo\u00efc Mond\u00e9. (\u00a9Gabriel Kenedi \/ Actu Toulouse)<\/p>\n<p class=\" wall-content\">\u00ab\u00a0Papi, c\u2019est <strong>un clin d\u2019\u0153il \u00e0 notre p\u00e8re<\/strong> qui nous a mis le pied \u00e0 l\u2019\u00e9trier\u00a0\u00bb, poursuit Dany Boulfetat, qui exploite une grande terrasse dans laquelle on trouve p\u00eale-m\u00eale un terrain de p\u00e9tanque, un \u00e9chiquier g\u00e9ant ou encore une reproduction de la statue de la Libert\u00e9 (vestige du Liberty Caf\u00e9) customis\u00e9e par le graffeur <strong>Mond\u00e9<\/strong>, artiste bien connu \u00e0 Toulouse\u2026 excusez du peu ! \u00ab\u00a0On a travaill\u00e9 avec une architecte, Charlotte Schaub, afin de repenser totalement le lieu\u00a0\u00bb, note Dany, qui a l\u2019impression d\u2019avoir fait le bon choix en transformant cet \u00e9tablissement.\u00a0<\/p>\n<p>Votre r\u00e9gion, votre actu !<\/p>\n<p>Recevez chaque jour les infos qui comptent pour vous.<\/p>\n<p>\t<a href=\"https:\/\/actu.fr\/newsletter\" class=\"ac-btn ac-btn--corner ac-btn--medium ac-btn--blue800\" target=\"_blank\" rel=\"noopener\">S&rsquo;incrire<\/a><\/p>\n<blockquote class=\"ac-article-quote wall-content\">\n<p>\u00ab\u00a0Dans le quartier, il n&rsquo;y avait pas grand-chose jusqu&rsquo;ici. Il y a bien un ou deux restos mais sinon, il n&rsquo;y a que des kebabs&#8230; On a donc pens\u00e9 ce lieu avant tout pour les gens du quartier. Et depuis qu&rsquo;on a ouvert, les habitants sont super contents ! Ils nous remercient, et \u00e7a fait vraiment plaisir\u00a0\u00bb.\u00a0<\/p>\n<p>    <strong>Dany Boulfetat<\/strong>\n            <\/p><\/blockquote>\n<p>Produits de saison et soir\u00e9es concerts\u00a0\u00a0<br \/>\n    <img   decoding=\"async\" loading=\"lazy\" src=\"https:\/\/www.europesays.com\/fr\/wp-content\/uploads\/2025\/08\/chez-papi-toulouse-croix-daurade-4-960x640.jpg\" alt=\"Chez Papi propose aussi des tapas, des grillades... et la carte est amen\u00e9e \u00e0 \u00e9voluer pendant l'ann\u00e9e. \" width=\"960\" height=\"640\"\/><br \/>\n    Chez Papi propose aussi des tapas, des grillades\u2026 et la carte est amen\u00e9e \u00e0 \u00e9voluer pendant l\u2019ann\u00e9e. (\u00a9Gabriel Kenedi \/ Actu Toulouse)<\/p>\n<p class=\" wall-content\">\u00c0 la carte, Papi propose <strong>une cuisine simple,<\/strong> efficace, mais travaill\u00e9e par le chef sur place. \u00ab\u00a0On travaille des produits de saison, frais et locaux, avec des prix corrects !\u00a0\u00bb. Les tapas (tenders maison, saucisses grill\u00e9es, kefta, croque monsieur, brochettes\u2026) sont \u00e0<strong> 7 euros<\/strong>, les salades \u00e0 10 euros et les grillades \u00e0 15 euros. \u00c0 noter \u00e9galement, le menu enfant \u00e0 prix tout doux (d\u00e8s 7 euros) et une<strong> jolie carte de cocktails<\/strong>, tous \u00e0 9 euros.\u00a0<\/p>\n<p class=\" wall-content\">\u00ab\u00a0\u00c0 partir de septembre, on va proposer des soir\u00e9es. On va notamment accueillir l\u2019artiste non-voyant Kessy Mac Queen le 11 septembre prochain, organiser une soir\u00e9e karaok\u00e9 le 12 spetembre, ou encore une soir\u00e9e cubaine, le 18 septembre. Cet hiver, on va <strong>r\u00e9am\u00e9nager le lieu<\/strong> pour pouvoir aussi profiter d\u2019une partie de la terrasse. Et comme on vient d\u2019ouvrir, on est pr\u00eat \u00e0 am\u00e9liorer plein de petites choses, mais toujours avec cette envie de faire de Papi un lieu sympa o\u00f9 tout le monde peut venir\u00a0\u00bb.\u00a0<\/p>\n<p><a href=\"https:\/\/www.instagram.com\/papiguinguette\/#\" target=\"_blank\" rel=\"noopener\">Papi<\/a>, 121 route d\u2019Albi 31200 Toulouse. Horaires (\u00e0 partir de septembre) : du lundi au samedi, de 8h \u00e0 0h (et jusqu\u2019\u00e0 2 heures les vendredi et samedi).\u00a0<\/p>\n<p class=\" wall-content\">Personnalisez votre actualit\u00e9 en ajoutant vos villes et m\u00e9dias en favori avec <a href=\"https:\/\/moncompte.actu.fr\" title=\"D\u00e9couvez Mon Actu\" rel=\"nofollow noopener\" data-trk=\"{&quot;cta&quot;:{&quot;action&quot;:&quot;https:\\\/\\\/moncompte.actu.fr&quot;,&quot;category&quot;:&quot;mon compte&quot;,&quot;from&quot;:&quot;article footer&quot;,&quot;name&quot;:&quot;Mon actu&quot;,&quot;type&quot;:&quot;cta&quot;}}\" target=\"_blank\">Mon Actu<\/a>.<\/p>\n<p>                    <script async src=\"\/\/www.instagram.com\/embed.js\"><\/script><\/p>\n","protected":false},"excerpt":{"rendered":"Par Gabriel Kenedi Publi\u00e9 le 23 ao\u00fbt 2025 \u00e0 11h08 Avec sa devanture aux couleurs bleues et blanches&hellip;\n","protected":false},"author":2,"featured_media":338187,"comment_status":"","ping_status":"","sticky":false,"template":"","format":"standard","meta":{"footnotes":""},"categories":[2816],"tags":[1111,11,1777,674,1011,27,14574,1652,12,2680,25,2850,1341,2312],"class_list":{"0":"post-338186","1":"post","2":"type-post","3":"status-publish","4":"format-standard","5":"has-post-thumbnail","7":"category-toulouse","8":"tag-actu","9":"tag-actualites","10":"tag-eu","11":"tag-europe","12":"tag-fr","13":"tag-france","14":"tag-guinguettes-a-toulouse","15":"tag-loisirs-culture","16":"tag-news","17":"tag-occitanie","18":"tag-republique-francaise","19":"tag-restaurants-de-toulouse","20":"tag-sortir-a-toulouse","21":"tag-toulouse"},"share_on_mastodon":{"url":"https:\/\/pubeurope.com\/@fr\/115077356196405803","error":""},"_links":{"self":[{"href":"https:\/\/www.europesays.com\/fr\/wp-json\/wp\/v2\/posts\/338186","targetHints":{"allow":["GET"]}}],"collection":[{"href":"https:\/\/www.europesays.com\/fr\/wp-json\/wp\/v2\/posts"}],"about":[{"href":"https:\/\/www.europesays.com\/fr\/wp-json\/wp\/v2\/types\/post"}],"author":[{"embeddable":true,"href":"https:\/\/www.europesays.com\/fr\/wp-json\/wp\/v2\/users\/2"}],"replies":[{"embeddable":true,"href":"https:\/\/www.europesays.com\/fr\/wp-json\/wp\/v2\/comments?post=338186"}],"version-history":[{"count":0,"href":"https:\/\/www.europesays.com\/fr\/wp-json\/wp\/v2\/posts\/338186\/revisions"}],"wp:featuredmedia":[{"embeddable":true,"href":"https:\/\/www.europesays.com\/fr\/wp-json\/wp\/v2\/media\/338187"}],"wp:attachment":[{"href":"https:\/\/www.europesays.com\/fr\/wp-json\/wp\/v2\/media?parent=338186"}],"wp:term":[{"taxonomy":"category","embeddable":true,"href":"https:\/\/www.europesays.com\/fr\/wp-json\/wp\/v2\/categories?post=338186"},{"taxonomy":"post_tag","embeddable":true,"href":"https:\/\/www.europesays.com\/fr\/wp-json\/wp\/v2\/tags?post=338186"}],"curies":[{"name":"wp","href":"https:\/\/api.w.org\/{rel}","templated":true}]}}