{"id":338188,"date":"2025-08-23T09:25:36","date_gmt":"2025-08-23T09:25:36","guid":{"rendered":"https:\/\/www.europesays.com\/fr\/338188\/"},"modified":"2025-08-23T09:25:36","modified_gmt":"2025-08-23T09:25:36","slug":"zhegrova-en-italie-je-nai-pas-recu-doffres-clarifie-letang","status":"publish","type":"post","link":"https:\/\/www.europesays.com\/fr\/338188\/","title":{"rendered":"Zhegrova en Italie ? \u00ab\u00a0Je n&rsquo;ai pas re\u00e7u d&rsquo;offres\u00a0\u00bb, clarifie L\u00e9tang"},"content":{"rendered":"<p><img decoding=\"async\" fetchpriority=\"high\" src=\"https:\/\/www.europesays.com\/fr\/wp-content\/uploads\/2025\/04\/1744486932_935_placeholder_lcp_video.05bf4656ae0a2da173edc7ce90e1a7d8.webp\" width=\"800\" height=\"450\" alt=\"placeholder video\"\/><\/p>\n<p>Quel avenir pour Edon Zhegrova ? L\u2019ailier du LOSC dont le contrat arrive \u00e0 \u00e9ch\u00e9ance en juin 2026 \u00e9tait pressenti pour rejoindre l&rsquo;Italie. Un temps annonc\u00e9 \u00e0 la Juventus, il a finalement repris l&rsquo;entra\u00eenement avec Lille. En conf\u00e9rence de presse avant le choc face \u00e0 Monaco dimanche, le pr\u00e9sident du LOSC, Olivier L\u00e9tang a tenu a rappel\u00e9 qu&rsquo;il n&rsquo;avait \u00ab\u00a0pas re\u00e7u d&rsquo;offres\u00a0\u00bb et qu&rsquo;il avait donc \u00ab\u00a0de fortes chances\u00a0\u00bb de poursuivre son aventure avec les Dogues. <\/p>\n<p>Hier \u00e0 15h36 | Dur\u00e9e : 1:59<\/p>\n","protected":false},"excerpt":{"rendered":"Quel avenir pour Edon Zhegrova ? L\u2019ailier du LOSC dont le contrat arrive \u00e0 \u00e9ch\u00e9ance en juin 2026&hellip;\n","protected":false},"author":2,"featured_media":338189,"comment_status":"","ping_status":"","sticky":false,"template":"","format":"standard","meta":{"footnotes":""},"categories":[2815],"tags":[1111,11,1777,674,1011,27,811,1307,12,25],"class_list":{"0":"post-338188","1":"post","2":"type-post","3":"status-publish","4":"format-standard","5":"has-post-thumbnail","7":"category-lille","8":"tag-actu","9":"tag-actualites","10":"tag-eu","11":"tag-europe","12":"tag-fr","13":"tag-france","14":"tag-hauts-de-france","15":"tag-lille","16":"tag-news","17":"tag-republique-francaise"},"share_on_mastodon":{"url":"https:\/\/pubeurope.com\/@fr\/115077364041159579","error":""},"_links":{"self":[{"href":"https:\/\/www.europesays.com\/fr\/wp-json\/wp\/v2\/posts\/338188","targetHints":{"allow":["GET"]}}],"collection":[{"href":"https:\/\/www.europesays.com\/fr\/wp-json\/wp\/v2\/posts"}],"about":[{"href":"https:\/\/www.europesays.com\/fr\/wp-json\/wp\/v2\/types\/post"}],"author":[{"embeddable":true,"href":"https:\/\/www.europesays.com\/fr\/wp-json\/wp\/v2\/users\/2"}],"replies":[{"embeddable":true,"href":"https:\/\/www.europesays.com\/fr\/wp-json\/wp\/v2\/comments?post=338188"}],"version-history":[{"count":0,"href":"https:\/\/www.europesays.com\/fr\/wp-json\/wp\/v2\/posts\/338188\/revisions"}],"wp:featuredmedia":[{"embeddable":true,"href":"https:\/\/www.europesays.com\/fr\/wp-json\/wp\/v2\/media\/338189"}],"wp:attachment":[{"href":"https:\/\/www.europesays.com\/fr\/wp-json\/wp\/v2\/media?parent=338188"}],"wp:term":[{"taxonomy":"category","embeddable":true,"href":"https:\/\/www.europesays.com\/fr\/wp-json\/wp\/v2\/categories?post=338188"},{"taxonomy":"post_tag","embeddable":true,"href":"https:\/\/www.europesays.com\/fr\/wp-json\/wp\/v2\/tags?post=338188"}],"curies":[{"name":"wp","href":"https:\/\/api.w.org\/{rel}","templated":true}]}}