{"id":338190,"date":"2025-08-23T09:26:10","date_gmt":"2025-08-23T09:26:10","guid":{"rendered":"https:\/\/www.europesays.com\/fr\/338190\/"},"modified":"2025-08-23T09:26:10","modified_gmt":"2025-08-23T09:26:10","slug":"les-olympiades-du-bonheur-se-sont-deroulees-a-lestaque","status":"publish","type":"post","link":"https:\/\/www.europesays.com\/fr\/338190\/","title":{"rendered":"Les olympiades du bonheur se sont d\u00e9roul\u00e9es \u00e0 l\u2019Estaque"},"content":{"rendered":"\n<p>Depuis 3 ans, on vient du 15e avec les enfants. C\u2019est trop bien\u00a0\u00bb, confie St\u00e9fanie maman participante qui tient dans ses bras Samy, son plus petit. Plus loin, Maysa, Wiame et Rayhana, jeunes ados reprennent Soprano diffus\u00e9 sur la base. \u00ab\u00a0C\u2019est fun, c\u2019est gratuit, y a une super organisation et les moniteurs sont gentils\u00a0\u00bb, dit la premi\u00e8re. \u00ab\u00a0\u00c7a permet de rencontrer de nouvelles personnes, c\u2019est trop cool\u00a0\u00bb, poursuit la deuxi\u00e8me, \u00ab\u00a0on pratique des activit\u00e9s nouvelles et quand on revoit des gens, on se dit bonjour\u00a0\u00bb, rench\u00e9rit la troisi\u00e8me jeune fille. Sur un banc, en pause d\u00e9jeuner Mohamed-Ali est plus combatif\u00a0: \u00ab\u00a0Cette ann\u00e9e, je vais tout donner pour gagner\u00a0!\u00a0\u00bb Trois arrondissements r\u00e9unis avec pr\u00e9s de 1\u00a0155\u00a0participants de 6 \u00e0 65\u00a0ans pour 2025. Natation, water-polo, kayak ou encore paddle g\u00e9ant, le grand Bleu veille. Au porte-voix, un moniteur rappelle qu\u2019il est \u00ab\u00a0formellement interdit de jeter les papiers dans l\u2019eau\u00a0\u00bb, et \u00ab\u00a0de plonger en dehors du temps encadr\u00e9.\u00a0\u00bb Ici on n\u2019a pas attendu les JO pour lancer ses Olympiades. Mais au fait, qui a eu cette id\u00e9e\u00a0?<\/p>\n<p> Synergie des acteurs\n              <\/p>\n<p>\u00ab\u00a0C\u2019est pas moi\u00a0! C\u2019est Fabienne Benet, la d\u00e9l\u00e9gu\u00e9e du pr\u00e9fet dans le 14e et Fatima Benchenni charg\u00e9e de mission pour la M\u00e9tropole en 2021. On sortait \u00e0 peine du Covid, j\u2019avais encore des thermom\u00e8tres dans les pr\u00e9fabriqu\u00e9s\u00a0!\u00a0\u00bb, s\u2019exclame Brahim Timricht, directeur et fondateur du Grand Bleu. Et de poursuivre\u00a0: \u00ab\u00a0On bosse alors comme des fous accompagn\u00e9s par l\u2019Addap13 et en 2024, mamans et enfants sont dans les kayaks en mer pour saluer l\u2019arriv\u00e9e du Belem \u00e0 Marseille et nos olympiades co\u00efncident avec la c\u00e9r\u00e9monie de cl\u00f4ture des JO. Sur la base, tout le monde est \u00e0 fond\u00a0\u00bb Sur un bateau, aux c\u00f4t\u00e9s d\u2019Herv\u00e9 Menchon (EELV) \u00e9lu de la Ville charg\u00e9 du littoral, Isabelle Epaillard, pr\u00e9f\u00e8te d\u00e9l\u00e9gu\u00e9e pour l\u2019\u00e9galit\u00e9 des chances et Jean-Bernard Dambier directeur g\u00e9n\u00e9ral de HMP bailleur social naviguent sur le plan d\u2019eau. \u00ab\u00a0L\u2019\u00c9tat en 2025 a aid\u00e9 \u00e0 hauteur de 230\u00a0000\u00a0euros le grand Bleu, pour permettre la r\u00e9alisation de ce type d\u2019activit\u00e9s qui s\u2019inscrit dans les Olympiades. On est \u00e0 6\u00a0665\u00a0participants depuis sa cr\u00e9ation\u00a0\u00bb, d\u00e9taille la Pr\u00e9f\u00e8te qui souligne l\u2019h\u00e9ritage post JO mais aussi, l\u2019esprit familial et vacancier de la journ\u00e9e. Pour le bailleur social qui finance aussi cette action, pas de doute \u00ab\u00a0notre r\u00f4le est aussi d\u2019accompagner les gens que nous logeons sur des actions \u00e9ducatives, sociales et culturelles.\u00a0\u00bb Pas de doute, comme un air de libert\u00e9 flotte dans les quartiers nord.<\/p>\n","protected":false},"excerpt":{"rendered":"Depuis 3 ans, on vient du 15e avec les enfants. C\u2019est trop bien\u00a0\u00bb, confie St\u00e9fanie maman participante qui&hellip;\n","protected":false},"author":2,"featured_media":338191,"comment_status":"","ping_status":"","sticky":false,"template":"","format":"standard","meta":{"footnotes":""},"categories":[2814],"tags":[1111,11,1777,674,1011,27,47458,884,12,882,25],"class_list":{"0":"post-338190","1":"post","2":"type-post","3":"status-publish","4":"format-standard","5":"has-post-thumbnail","7":"category-marseille","8":"tag-actu","9":"tag-actualites","10":"tag-eu","11":"tag-europe","12":"tag-fr","13":"tag-france","14":"tag-isabelle-epaillard","15":"tag-marseille","16":"tag-news","17":"tag-provence-alpes-cote-dazur","18":"tag-republique-francaise"},"share_on_mastodon":{"url":"https:\/\/pubeurope.com\/@fr\/115077368022265512","error":""},"_links":{"self":[{"href":"https:\/\/www.europesays.com\/fr\/wp-json\/wp\/v2\/posts\/338190","targetHints":{"allow":["GET"]}}],"collection":[{"href":"https:\/\/www.europesays.com\/fr\/wp-json\/wp\/v2\/posts"}],"about":[{"href":"https:\/\/www.europesays.com\/fr\/wp-json\/wp\/v2\/types\/post"}],"author":[{"embeddable":true,"href":"https:\/\/www.europesays.com\/fr\/wp-json\/wp\/v2\/users\/2"}],"replies":[{"embeddable":true,"href":"https:\/\/www.europesays.com\/fr\/wp-json\/wp\/v2\/comments?post=338190"}],"version-history":[{"count":0,"href":"https:\/\/www.europesays.com\/fr\/wp-json\/wp\/v2\/posts\/338190\/revisions"}],"wp:featuredmedia":[{"embeddable":true,"href":"https:\/\/www.europesays.com\/fr\/wp-json\/wp\/v2\/media\/338191"}],"wp:attachment":[{"href":"https:\/\/www.europesays.com\/fr\/wp-json\/wp\/v2\/media?parent=338190"}],"wp:term":[{"taxonomy":"category","embeddable":true,"href":"https:\/\/www.europesays.com\/fr\/wp-json\/wp\/v2\/categories?post=338190"},{"taxonomy":"post_tag","embeddable":true,"href":"https:\/\/www.europesays.com\/fr\/wp-json\/wp\/v2\/tags?post=338190"}],"curies":[{"name":"wp","href":"https:\/\/api.w.org\/{rel}","templated":true}]}}