{"id":338194,"date":"2025-08-23T09:28:14","date_gmt":"2025-08-23T09:28:14","guid":{"rendered":"https:\/\/www.europesays.com\/fr\/338194\/"},"modified":"2025-08-23T09:28:14","modified_gmt":"2025-08-23T09:28:14","slug":"meteo-un-samedi-ensoleille-a-lyon-et-des-temperatures-douces-avec-24-degres","status":"publish","type":"post","link":"https:\/\/www.europesays.com\/fr\/338194\/","title":{"rendered":"M\u00e9t\u00e9o : un samedi ensoleill\u00e9 \u00e0 Lyon et des temp\u00e9ratures douces avec 24 degr\u00e9s"},"content":{"rendered":"<p>                            <img loading=\"lazy\" width=\"1200\" height=\"675\" class=\"attachment-article size-article wp-post-image lazyload\" alt=\"H\u00f4tel Dieu Lyon\" decoding=\"async\" src=\"https:\/\/www.europesays.com\/fr\/wp-content\/uploads\/2025\/06\/BASE_LYON_V2_VUE-WILSON_HD_V3-scaled-e1686241986383.jpg\" data-eio-rwidth=\"1200\" data-eio-rheight=\"675\"\/><\/p>\n<p>Vue deu Grand H\u00f4tel-Dieu<\/p>\n<p class=\"content\" style=\"font-size:1.2em;font-weight:700\">Cette journ\u00e9e de samedi 23 ao\u00fbt sera majoritairement ensoleill\u00e9e \u00e0 Lyon et les temp\u00e9ratures seront cl\u00e9mentes avec 24 degr\u00e9s attendus dans l\u2019apr\u00e8s-midi.<\/p>\n<p>Le week-end commence sous le soleil ce samedi 23 ao\u00fbt. Le soleil domine en effet d\u00e9j\u00e0 largement le ciel de Lyon bien que les temp\u00e9ratures restent assez fra\u00eeches avec 15 degr\u00e9s.<\/p>\n<p>Cet apr\u00e8s-midi, le mercure grimpera jusqu\u2019\u00e0 24 degr\u00e9s, mais reste encore 4 degr\u00e9s en dessous des normales de saison. Des nuages d\u2019altitude viendront quant \u00e0 eux ternir l\u2019\u00e9clat du soleil au cours de la journ\u00e9e.<\/p>\n","protected":false},"excerpt":{"rendered":"Vue deu Grand H\u00f4tel-Dieu Cette journ\u00e9e de samedi 23 ao\u00fbt sera majoritairement ensoleill\u00e9e \u00e0 Lyon et les temp\u00e9ratures&hellip;\n","protected":false},"author":2,"featured_media":210516,"comment_status":"","ping_status":"","sticky":false,"template":"","format":"standard","meta":{"footnotes":""},"categories":[1889],"tags":[1111,11,2430,1777,674,1011,27,2428,12,25],"class_list":{"0":"post-338194","1":"post","2":"type-post","3":"status-publish","4":"format-standard","5":"has-post-thumbnail","7":"category-lyon","8":"tag-actu","9":"tag-actualites","10":"tag-auvergne-rhone-alpes","11":"tag-eu","12":"tag-europe","13":"tag-fr","14":"tag-france","15":"tag-lyon","16":"tag-news","17":"tag-republique-francaise"},"share_on_mastodon":{"url":"https:\/\/pubeurope.com\/@fr\/115077375873053775","error":""},"_links":{"self":[{"href":"https:\/\/www.europesays.com\/fr\/wp-json\/wp\/v2\/posts\/338194","targetHints":{"allow":["GET"]}}],"collection":[{"href":"https:\/\/www.europesays.com\/fr\/wp-json\/wp\/v2\/posts"}],"about":[{"href":"https:\/\/www.europesays.com\/fr\/wp-json\/wp\/v2\/types\/post"}],"author":[{"embeddable":true,"href":"https:\/\/www.europesays.com\/fr\/wp-json\/wp\/v2\/users\/2"}],"replies":[{"embeddable":true,"href":"https:\/\/www.europesays.com\/fr\/wp-json\/wp\/v2\/comments?post=338194"}],"version-history":[{"count":0,"href":"https:\/\/www.europesays.com\/fr\/wp-json\/wp\/v2\/posts\/338194\/revisions"}],"wp:featuredmedia":[{"embeddable":true,"href":"https:\/\/www.europesays.com\/fr\/wp-json\/wp\/v2\/media\/210516"}],"wp:attachment":[{"href":"https:\/\/www.europesays.com\/fr\/wp-json\/wp\/v2\/media?parent=338194"}],"wp:term":[{"taxonomy":"category","embeddable":true,"href":"https:\/\/www.europesays.com\/fr\/wp-json\/wp\/v2\/categories?post=338194"},{"taxonomy":"post_tag","embeddable":true,"href":"https:\/\/www.europesays.com\/fr\/wp-json\/wp\/v2\/tags?post=338194"}],"curies":[{"name":"wp","href":"https:\/\/api.w.org\/{rel}","templated":true}]}}