{"id":338197,"date":"2025-08-23T09:32:12","date_gmt":"2025-08-23T09:32:12","guid":{"rendered":"https:\/\/www.europesays.com\/fr\/338197\/"},"modified":"2025-08-23T09:32:12","modified_gmt":"2025-08-23T09:32:12","slug":"le-texas-adopte-une-nouvelle-carte-electorale-favorable-aux-republicains-a-la-demande-de-donald-trump","status":"publish","type":"post","link":"https:\/\/www.europesays.com\/fr\/338197\/","title":{"rendered":"Le Texas adopte une nouvelle carte \u00e9lectorale favorable aux r\u00e9publicains \u00e0 la demande de Donald Trump"},"content":{"rendered":"\n<p class=\"c-chapo \">\n  Le parti du pr\u00e9sident am\u00e9ricain pourrait engranger jusqu&rsquo;\u00e0 cinq si\u00e8ges suppl\u00e9mentaires au Congr\u00e8s lors des \u00e9lections de mi-mandat en 2026 gr\u00e2ce \u00e0 ce red\u00e9coupage.\n<\/p>\n<p>            lire plus tard<\/p>\n<p id=\"dialog__title\" class=\"dialog__title\">Pour sauvegarder cet article, connectez-vous ou cr\u00e9ez un compte franceinfo<\/p>\n<p class=\"dialog__description\">Sans paiement. Sans abonnement.<\/p>\n<p>        Fermer la fen\u00eatre d\u2019activation des notifications France Info<\/p>\n<p>            cr\u00e9er votre compte<\/p>\n<p>            se connecter<\/p>\n<p>        Fermer la fen\u00eatre de pr\u00e9sentation<\/p>\n<p>    <img loading=\"lazy\" decoding=\"async\" class=\"signature__image lazyload\" width=\"100\" height=\"100\" data- alt=\"\" src=\"https:\/\/www.europesays.com\/fr\/wp-content\/uploads\/2025\/05\/64a68815cd1a7_placeholder-36b69ec8.png\"\/><\/p>\n<p>    Publi\u00e9 le 23\/08\/2025 10:08<\/p>\n<p>      Mis \u00e0 jour le 23\/08\/2025 10:10<\/p>\n<p>        Temps de lecture : 3min<\/p>\n<p>    <img decoding=\"async\"  alt=\"Le pr\u00e9sident am\u00e9ricain, Donald Trump, dans son bureau ovale de la Maison Blanche, le 22\u00a0ao\u00fbt 2025 \u00e0 Washington. (ANDREW CABALLERO-REYNOLDS \/ AFP)\" width=\"432\" height=\"243\" src=\"https:\/\/www.europesays.com\/fr\/wp-content\/uploads\/2025\/08\/000-729b8zl-68a976879f13a160853145.jpg\" fetchpriority=\"high\"\/><\/p>\n<p>      Le pr\u00e9sident am\u00e9ricain, Donald Trump, dans son bureau ovale de la Maison Blanche, le 22\u00a0ao\u00fbt 2025 \u00e0 Washington. (ANDREW CABALLERO-REYNOLDS \/ AFP)<\/p>\n<p>Une premi\u00e8re victoire pour les r\u00e9publicains en vue des midterms. Le Parlement du Texas a d\u00e9finitivement adopt\u00e9 vendredi 22\u00a0ao\u00fbt <a href=\"https:\/\/www.franceinfo.fr\/monde\/usa\/presidentielle\/donald-trump\/aux-etats-unis-le-texas-adopte-un-redecoupage-de-ses-circonscriptions-electorales-voulu-par-donald-trump_7446556.html\" rel=\"nofollow noopener\" target=\"_blank\">une nouvelle carte \u00e9lectorale<\/a> qui devrait permettre aux r\u00e9publicains de glaner jusqu&rsquo;\u00e0 cinq si\u00e8ges suppl\u00e9mentaires au Congr\u00e8s de Washington lors des \u00e9lections de mi-mandat de 2026, l&rsquo;\u00e9quivalent des l\u00e9gislatives fran\u00e7aises.<\/p>\n<p>Donald Trump avait exerc\u00e9 une pression publique sur les responsables r\u00e9publicains de cet Etat du sud du pays pour effectuer ce red\u00e9coupage visant \u00e0 pr\u00e9server sa majorit\u00e9 actuelle \u00e9triqu\u00e9e au Congr\u00e8s au-del\u00e0 des \u00e9lections de mi-mandat, en novembre de l&rsquo;ann\u00e9e prochaine. Le gouverneur r\u00e9publicain texan, Greg Abbott, doit d\u00e9sormais promulguer cette nouvelle carte. \u00ab\u00a0On est en route pour cinq si\u00e8ges suppl\u00e9mentaires au Congr\u00e8s et sauver vos droits, vos libert\u00e9s, et votre pays, lui-m\u00eame, s&rsquo;\u00e9tait f\u00e9licit\u00e9 Donald Trump mercredi sur sa plateforme Truth Social. Le Texas ne nous laisse jamais tomber.\u00a0\u00bb<\/p>\n<p>La carte \u00e9lectorale du Texas va \u00eatre modifi\u00e9e de mani\u00e8re \u00e0 ce que le vote d\u00e9mocrate soit dilu\u00e9, une technique de charcutage \u00e9lectoral nomm\u00e9e gerrymandering. Les \u00e9lus d\u00e9mocrates, en minorit\u00e9 au Parlement texan, ont tent\u00e9 tant bien que mal de s&rsquo;y opposer. Ils avaient fui l&rsquo;Etat d\u00e9but ao\u00fbt, se r\u00e9fugiant \u00e0 Chicago ou New York, afin qu&rsquo;un quorum ne soit pas atteint. Leur d\u00e9part avait emp\u00each\u00e9 les r\u00e9publicains d&rsquo;organiser un vote sur le texte pendant plus de deux semaines.<\/p>\n<p>Le groupe d\u00e9mocrate \u00e0 la Chambre des repr\u00e9sentants du Texas a notamment d\u00e9nonc\u00e9 la volont\u00e9 des r\u00e9publicains de \u00ab\u00a0r\u00e9duire au silence les \u00e9lecteurs des minorit\u00e9s par un gerrymandering raciste\u00a0\u00bb, estimant que la nouvelle carte \u00e9lectorale dilue les voix des \u00e9lectorats afro-am\u00e9ricain et hispanique qui, en majorit\u00e9, votent traditionnellement d\u00e9mocrate. Sur les 38 d\u00e9put\u00e9s du Texas au Congr\u00e8s \u00e0 Washington, 25 sont actuellement r\u00e9publicains. La Maison Blanche en esp\u00e8re 30 l&rsquo;an prochain.<\/p>\n<p>Face \u00e0 cette initiative texane, <a href=\"https:\/\/www.franceinfo.fr\/monde\/usa\/en-californie-les-democrates-decident-d-un-referendum-pour-un-redecoupage-des-circonscriptions-electorales-permettant-de-compenser-les-pertes-au-texas_7448641.html\" rel=\"nofollow noopener\" target=\"_blank\">la Californie, gouvern\u00e9e par le d\u00e9mocrate Gavin Newsom, a lanc\u00e9 les d\u00e9marches pour riposter<\/a> et red\u00e9couper sa propre carte, en faveur des d\u00e9mocrates.\u00a0Le Parlement californien a ainsi adopt\u00e9 jeudi une r\u00e9solution qui organise un r\u00e9f\u00e9rendum en novembre, et qui, en cas d&rsquo;approbation, redonnerait aux \u00e9lus le pouvoir de redessiner les circonscriptions, \u00e0 la place d&rsquo;une commission ind\u00e9pendante, comme c&rsquo;est le cas depuis 2010. Une r\u00e9ponse \u00ab\u00a0intelligente et mesur\u00e9e\u00a0\u00bb \u00e0 Donald Trump, a estim\u00e9 cette semaine Barack Obama, pr\u00e9sident des Etats-Unis entre 2009 et 2017. Au-del\u00e0 du Texas, Donald Trump aimerait red\u00e9couper les cartes de l&rsquo;Indiana, de l&rsquo;Ohio ou encore du Missouri.<\/p>\n","protected":false},"excerpt":{"rendered":"Le parti du pr\u00e9sident am\u00e9ricain pourrait engranger jusqu&rsquo;\u00e0 cinq si\u00e8ges suppl\u00e9mentaires au Congr\u00e8s lors des \u00e9lections de mi-mandat&hellip;\n","protected":false},"author":2,"featured_media":338198,"comment_status":"","ping_status":"","sticky":false,"template":"","format":"standard","meta":{"footnotes":""},"categories":[1888],"tags":[1111,1928,11,1927,1777,674,1011,27,12,1926,626,1925,25],"class_list":{"0":"post-338197","1":"post","2":"type-post","3":"status-publish","4":"format-standard","5":"has-post-thumbnail","7":"category-paris","8":"tag-actu","9":"tag-actu-paris","10":"tag-actualites","11":"tag-actualites-paris","12":"tag-eu","13":"tag-europe","14":"tag-fr","15":"tag-france","16":"tag-news","17":"tag-news-paris","18":"tag-paris","19":"tag-paris-news","20":"tag-republique-francaise"},"share_on_mastodon":{"url":"https:\/\/pubeurope.com\/@fr\/115077391714554919","error":""},"_links":{"self":[{"href":"https:\/\/www.europesays.com\/fr\/wp-json\/wp\/v2\/posts\/338197","targetHints":{"allow":["GET"]}}],"collection":[{"href":"https:\/\/www.europesays.com\/fr\/wp-json\/wp\/v2\/posts"}],"about":[{"href":"https:\/\/www.europesays.com\/fr\/wp-json\/wp\/v2\/types\/post"}],"author":[{"embeddable":true,"href":"https:\/\/www.europesays.com\/fr\/wp-json\/wp\/v2\/users\/2"}],"replies":[{"embeddable":true,"href":"https:\/\/www.europesays.com\/fr\/wp-json\/wp\/v2\/comments?post=338197"}],"version-history":[{"count":0,"href":"https:\/\/www.europesays.com\/fr\/wp-json\/wp\/v2\/posts\/338197\/revisions"}],"wp:featuredmedia":[{"embeddable":true,"href":"https:\/\/www.europesays.com\/fr\/wp-json\/wp\/v2\/media\/338198"}],"wp:attachment":[{"href":"https:\/\/www.europesays.com\/fr\/wp-json\/wp\/v2\/media?parent=338197"}],"wp:term":[{"taxonomy":"category","embeddable":true,"href":"https:\/\/www.europesays.com\/fr\/wp-json\/wp\/v2\/categories?post=338197"},{"taxonomy":"post_tag","embeddable":true,"href":"https:\/\/www.europesays.com\/fr\/wp-json\/wp\/v2\/tags?post=338197"}],"curies":[{"name":"wp","href":"https:\/\/api.w.org\/{rel}","templated":true}]}}