{"id":338206,"date":"2025-08-23T09:37:12","date_gmt":"2025-08-23T09:37:12","guid":{"rendered":"https:\/\/www.europesays.com\/fr\/338206\/"},"modified":"2025-08-23T09:37:12","modified_gmt":"2025-08-23T09:37:12","slug":"tonton-poutine-donnez-nous-lacces-a-leau","status":"publish","type":"post","link":"https:\/\/www.europesays.com\/fr\/338206\/","title":{"rendered":"\u00ab\u00a0Tonton Poutine, donnez-nous l\u2019acc\u00e8s \u00e0\u00a0l\u2019eau\u00a0!\u00a0\u00bb"},"content":{"rendered":"<p>                         <img loading=\"lazy\" decoding=\"async\" src=\"https:\/\/www.europesays.com\/fr\/wp-content\/uploads\/2025\/08\/be55e08_ftp-import-images-1-eijeeoy5lgul-2025-08-22t141116z-1091884078-rc2rbgad42ux-rtrmadp-3-ukrain.jpeg\" alt=\"Des habitants remplissent des bouteilles avec de l\u2019eau livr\u00e9e par camion-citerne, \u00e0 Donetsk, dans l\u2019est de l\u2019Ukraine, le 21\u00a0ao\u00fbt\u00a02025.\"   width=\"664\" height=\"443\"\/>    Des habitants remplissent des bouteilles avec de l\u2019eau livr\u00e9e par camion-citerne, \u00e0 Donetsk, dans l\u2019est de l\u2019Ukraine, le 21\u00a0ao\u00fbt\u00a02025.  ALEXANDER ERMOCHENKO\/REUTERS                 <\/p>\n<p class=\"article__paragraph  \">Fid\u00e8les \u00e0 la tradition de la supplique au tsar, plusieurs enfants de Donetsk, la r\u00e9gion partiellement occup\u00e9es par l\u2019arm\u00e9e russe \u00e0 l\u2019est de l\u2019Ukraine, ont adress\u00e9 une<a href=\"https:\/\/x.com\/istories_media\/status\/1949859234029478058\" target=\"_blank\" rel=\"noopener nofollow\" title=\"Nouvelle fen\u00eatre\"> requ\u00eate vid\u00e9o \u00e0\u00a0Vladimir Poutine<\/a> pour qu\u2019il rem\u00e9die \u00e0 la grave p\u00e9nurie d\u2019eau qui affecte leurs vies.<\/p>\n<p class=\"article__paragraph  \">\u00ab\u00a0Tonton Poutine, aidez-nous\u00a0! Donnez-nous l\u2019acc\u00e8s \u00e0 l\u2019eau\u00a0! Sans eau, nous ne survivrons pas, (\u2026) les parasites nous envahiront. Vous qui \u00eates le dirigeant le plus puissant du monde, sauvez-nous\u00a0!\u00a0\u00bb, dit une petite fille aux longs cheveux blonds v\u00eatue d\u2019un tee-shirt estampill\u00e9 \u00ab\u00a0Lucky\u00a0\u00bb. \u00ab\u00a0Cher Pr\u00e9sident, comment je peux faire pour me laver s\u2019il n\u2019y a pas d\u2019eau\u00a0? Faites quelque chose\u2026\u00a0\u00bb, supplie une autre.<\/p>\n<p class=\"article__paragraph  \">Post\u00e9e sur les r\u00e9seaux sociaux le 28\u00a0juillet, la vid\u00e9o en dit long sur l\u2019\u00e9tat de d\u00e9litement des r\u00e9gions ukrainiennes \u00ab\u00a0lib\u00e9r\u00e9es\u00a0\u00bb par l\u2019arm\u00e9e russe o\u00f9 la p\u00e9nurie d\u2019eau menace de d\u00e9g\u00e9n\u00e9rer en catastrophe humanitaire. \u00ab\u00a0Contraints de d\u00e9f\u00e9quer dans des sacs, de ne plus se laver et de collecter l\u2019eau de pluie, les habitants en appellent \u00e0 Poutine\u00a0\u00bb, r\u00e9sumait le site russe d\u2019opposition <a href=\"https:\/\/istories.media\/news\/2025\/08\/04\/putin-vpervie-publichno-zagovoril-o-gumanitarnoi-katastrofe-v-dnr\/\" target=\"_blank\" rel=\"noopener nofollow\" title=\"Nouvelle fen\u00eatre\">Vajnye Istorii le 4\u00a0ao\u00fbt.<\/a><\/p>\n<p class=\"reading-mode-only \"><strong>Il vous reste 83.82% de cet article \u00e0 lire. La suite est r\u00e9serv\u00e9e aux abonn\u00e9s.<\/strong><\/p>\n","protected":false},"excerpt":{"rendered":"Des habitants remplissent des bouteilles avec de l\u2019eau livr\u00e9e par camion-citerne, \u00e0 Donetsk, dans l\u2019est de l\u2019Ukraine, le&hellip;\n","protected":false},"author":2,"featured_media":338207,"comment_status":"","ping_status":"","sticky":false,"template":"","format":"standard","meta":{"footnotes":""},"categories":[1590],"tags":[11,1777,674,12,220],"class_list":{"0":"post-338206","1":"post","2":"type-post","3":"status-publish","4":"format-standard","5":"has-post-thumbnail","7":"category-ukraine","8":"tag-actualites","9":"tag-eu","10":"tag-europe","11":"tag-news","12":"tag-ukraine"},"share_on_mastodon":{"url":"https:\/\/pubeurope.com\/@fr\/115077411191247334","error":""},"_links":{"self":[{"href":"https:\/\/www.europesays.com\/fr\/wp-json\/wp\/v2\/posts\/338206","targetHints":{"allow":["GET"]}}],"collection":[{"href":"https:\/\/www.europesays.com\/fr\/wp-json\/wp\/v2\/posts"}],"about":[{"href":"https:\/\/www.europesays.com\/fr\/wp-json\/wp\/v2\/types\/post"}],"author":[{"embeddable":true,"href":"https:\/\/www.europesays.com\/fr\/wp-json\/wp\/v2\/users\/2"}],"replies":[{"embeddable":true,"href":"https:\/\/www.europesays.com\/fr\/wp-json\/wp\/v2\/comments?post=338206"}],"version-history":[{"count":0,"href":"https:\/\/www.europesays.com\/fr\/wp-json\/wp\/v2\/posts\/338206\/revisions"}],"wp:featuredmedia":[{"embeddable":true,"href":"https:\/\/www.europesays.com\/fr\/wp-json\/wp\/v2\/media\/338207"}],"wp:attachment":[{"href":"https:\/\/www.europesays.com\/fr\/wp-json\/wp\/v2\/media?parent=338206"}],"wp:term":[{"taxonomy":"category","embeddable":true,"href":"https:\/\/www.europesays.com\/fr\/wp-json\/wp\/v2\/categories?post=338206"},{"taxonomy":"post_tag","embeddable":true,"href":"https:\/\/www.europesays.com\/fr\/wp-json\/wp\/v2\/tags?post=338206"}],"curies":[{"name":"wp","href":"https:\/\/api.w.org\/{rel}","templated":true}]}}