{"id":338208,"date":"2025-08-23T09:38:13","date_gmt":"2025-08-23T09:38:13","guid":{"rendered":"https:\/\/www.europesays.com\/fr\/338208\/"},"modified":"2025-08-23T09:38:13","modified_gmt":"2025-08-23T09:38:13","slug":"cinq-morts-et-plusieurs-dizaines-de-blesses-dans-laccident-dun-autocar-aux-etats-unis","status":"publish","type":"post","link":"https:\/\/www.europesays.com\/fr\/338208\/","title":{"rendered":"Cinq morts et plusieurs dizaines de bless\u00e9s dans l&rsquo;accident d&rsquo;un autocar aux Etats-Unis"},"content":{"rendered":"<p>La plupart des passagers du v\u00e9hicule sont d&rsquo;origine indienne, philippine ou chinoise, a pr\u00e9cis\u00e9 la police de l&rsquo;Etat.<\/p>\n<p>Les faits se sont d\u00e9roul\u00e9s pr\u00e8s de Buffalo, \u00e0 proximit\u00e9 de la fronti\u00e8re canadienne, dans la r\u00e9gion des Grands Lacs.<\/p>\n<p>\u00ab\u00a0On pense que le conducteur a \u00e9t\u00e9 distrait, a perdu le contr\u00f4le, a surr\u00e9agi\u00a0\u00bb avant de finir sa course dans un foss\u00e9, a d\u00e9clar\u00e9 en d\u00e9but de soir\u00e9e un responsable de la police de l&rsquo;\u00c9tat de New York, Andre Ray, \u00e9cartant a priori une d\u00e9faillance m\u00e9canique ou une conduite sous substances toxiques.<\/p>\n<p>Parmi les nombreux bless\u00e9s relev\u00e9s sur place, aucun ne se trouve plus en danger de mort, a encore pr\u00e9cis\u00e9 le policier.<\/p>\n<p>Cinquante-quatre personnes se trouvaient \u00e0 bord du bus lors de l&rsquo;accident et aucun enfant ne figure parmi les morts, selon les m\u00e9dias am\u00e9ricains.\u00a0<\/p>\n<p>Six ressortissants chinois \u00e9taient dans le bus, selon la cha\u00eene de t\u00e9l\u00e9vision d&rsquo;Etat CCTV citant le consulat chinois de New York. Cinq d&rsquo;entre eux ont \u00e9t\u00e9 l\u00e9g\u00e8rement bless\u00e9s et un sixi\u00e8me a d\u00fb \u00eatre op\u00e9r\u00e9.\u00a0<\/p>\n<p>H\u00e9licopt\u00e8res\u00a0<\/p>\n<p>\u00ab\u00a0C&rsquo;est un autocar de tourisme qui venait des chutes du Niagara en direction de ce que nous pensons \u00eatre New York City, avec plus de 50 passagers \u00e0 bord, des femmes, des enfants \u00e9galement\u00a0\u00bb, avait d\u00e9clar\u00e9 plus t\u00f4t dans la journ\u00e9e James O\u2019Callaghan, un porte-parole de la police de l&rsquo;Etat.<\/p>\n<p>\u00ab\u00a0L&rsquo;autocar circulait vers l&rsquo;est juste avant la sortie de Pembroke\u00a0\u00bb lorsque le conducteur a \u00ab\u00a0perdu le contr\u00f4le, est all\u00e9 sur le terre-plein central et a fini dans le foss\u00e9\u00a0\u00bb, a-t-il poursuivi.<\/p>\n<p>Des traducteurs ont \u00e9t\u00e9 envoy\u00e9s sur place pour pouvoir communiquer avec les touristes bless\u00e9s.<\/p>\n<p>Le chauffeur du bus, lui, est vivant et se \u00ab\u00a0porte bien\u00a0\u00bb, selon la police, qui l&rsquo;a interrog\u00e9.<\/p>\n<p>Un responsable du centre hospitalier du comt\u00e9 d&rsquo;Eri\u00e9 joint au t\u00e9l\u00e9phone par l&rsquo;AFP, Peter Cutler, a fait \u00e9tat de 21 patients adultes transport\u00e9s sur place.\u00a0<\/p>\n<p>Un total de huit h\u00e9licopt\u00e8res a \u00e9t\u00e9 mobilis\u00e9 pour transporter certains des bless\u00e9s, selon Margaret Ferrentino, pr\u00e9sidente de Mercy Flight (transports de secours),\u00a0\u00e9galement contact\u00e9e par l&rsquo;AFP.<\/p>\n<p>Selon la cha\u00eene NBC, aucun enfant ne figure parmi les morts.<\/p>\n<p>Sur place, les images relay\u00e9es par les m\u00e9dias montraient un autocar couch\u00e9 sur le c\u00f4t\u00e9 en bordure de route, tr\u00e8s endommag\u00e9.<\/p>\n<p>D\u00e9plorant sur le r\u00e9seau social X \u00ab\u00a0un accident tragique\u00a0\u00bb, la gouverneure de l&rsquo;Etat Kathy Hochul a fait savoir que ses services se coordonnaient \u00ab\u00a0\u00e9troitement avec la police de l&rsquo;Etat de New York et les responsables locaux qui travaillent \u00e0 secourir et fournir de l&rsquo;assistance \u00e0 toutes les personnes impliqu\u00e9es\u00a0\u00bb.<\/p>\n","protected":false},"excerpt":{"rendered":"La plupart des passagers du v\u00e9hicule sont d&rsquo;origine indienne, philippine ou chinoise, a pr\u00e9cis\u00e9 la police de l&rsquo;Etat.&hellip;\n","protected":false},"author":2,"featured_media":338209,"comment_status":"","ping_status":"","sticky":false,"template":"","format":"standard","meta":{"footnotes":""},"categories":[1589],"tags":[11,73,1866,118,12,1864,1865,1863,308],"class_list":{"0":"post-338208","1":"post","2":"type-post","3":"status-publish","4":"format-standard","5":"has-post-thumbnail","7":"category-etats-unis","8":"tag-actualites","9":"tag-etats-unis","10":"tag-etats-unis-damerique","11":"tag-faits-divers","12":"tag-news","13":"tag-united-states","14":"tag-united-states-of-america","15":"tag-us","16":"tag-usa"},"share_on_mastodon":{"url":"https:\/\/pubeurope.com\/@fr\/115077415149737512","error":""},"_links":{"self":[{"href":"https:\/\/www.europesays.com\/fr\/wp-json\/wp\/v2\/posts\/338208","targetHints":{"allow":["GET"]}}],"collection":[{"href":"https:\/\/www.europesays.com\/fr\/wp-json\/wp\/v2\/posts"}],"about":[{"href":"https:\/\/www.europesays.com\/fr\/wp-json\/wp\/v2\/types\/post"}],"author":[{"embeddable":true,"href":"https:\/\/www.europesays.com\/fr\/wp-json\/wp\/v2\/users\/2"}],"replies":[{"embeddable":true,"href":"https:\/\/www.europesays.com\/fr\/wp-json\/wp\/v2\/comments?post=338208"}],"version-history":[{"count":0,"href":"https:\/\/www.europesays.com\/fr\/wp-json\/wp\/v2\/posts\/338208\/revisions"}],"wp:featuredmedia":[{"embeddable":true,"href":"https:\/\/www.europesays.com\/fr\/wp-json\/wp\/v2\/media\/338209"}],"wp:attachment":[{"href":"https:\/\/www.europesays.com\/fr\/wp-json\/wp\/v2\/media?parent=338208"}],"wp:term":[{"taxonomy":"category","embeddable":true,"href":"https:\/\/www.europesays.com\/fr\/wp-json\/wp\/v2\/categories?post=338208"},{"taxonomy":"post_tag","embeddable":true,"href":"https:\/\/www.europesays.com\/fr\/wp-json\/wp\/v2\/tags?post=338208"}],"curies":[{"name":"wp","href":"https:\/\/api.w.org\/{rel}","templated":true}]}}