{"id":33821,"date":"2025-04-18T10:21:08","date_gmt":"2025-04-18T10:21:08","guid":{"rendered":"https:\/\/www.europesays.com\/fr\/33821\/"},"modified":"2025-04-18T10:21:08","modified_gmt":"2025-04-18T10:21:08","slug":"national-aubagne-se-deplace-a-nancy-son-nouveau-meilleur-ennemi","status":"publish","type":"post","link":"https:\/\/www.europesays.com\/fr\/33821\/","title":{"rendered":"National : Aubagne se d\u00e9place \u00e0 Nancy, son nouveau meilleur ennemi"},"content":{"rendered":"<p>Puisque Aubagne en a fait voir <a href=\"https:\/\/www.laprovence.com\/article\/sports\/3303011014763315\/football-les-statistiques-surprenantes-daubagne-sensation-du-debut-de-saison-en-national\" target=\"_blank\" rel=\"nofollow noopener\">de toutes les couleurs<\/a> et go\u00fbter \u00e0 toutes les sauces cette saison \u00e0 son petit public comme au grand, l&rsquo;exercice ne pouvait prendre fin sans une derni\u00e8re dose de piment, m\u00eame si cela ne se marie que tr\u00e8s moyennement avec la quiche lorraine. Aubagne voyage \u00e0 Nancy ce vendredi (19h30), l\u00e0 o\u00f9 aucune rivalit\u00e9 n&rsquo;est cens\u00e9e exister et dans une opposition qui ne connaissait forc\u00e9ment aucun ant\u00e9c\u00e9dent avant d\u00e9cembre. Mais voil\u00e0 qu&rsquo;<a href=\"https:\/\/www.laprovence.com\/article\/sports\/8818907789412114\/football-national-aubagne-en-demonstration-face-a-nancy\" target=\"_blank\" rel=\"nofollow noopener\">une soir\u00e9e surnaturelle<\/a> et un <a href=\"https:\/\/www.laprovence.com\/article\/sports\/2332094008109714\/football-national-nancy-porte-reclamation-contre-aubagne-et-obtient-un-match-a-rejouer\" target=\"_blank\" rel=\"nofollow noopener\">coup de th\u00e9\u00e2tre bureaucratique<\/a> ont fait de cette rencontre un petit \u00e9v\u00e9nement dans le monde parall\u00e8le de la 3e division.<\/p>\n<p>\u00ab\u00a0Ce match (la victoire 4-0 le 6\u00a0d\u00e9cembre, Ndlr), c&rsquo;\u00e9tait un vrai tournant de la saison, pour le collectif et les individualit\u00e9s. Ils ont pris conscience qu&rsquo;ils \u00e9taient capables de faire bien plus que se cacher, de viser plus haut que le maintien, et nos adversaires ont compris qu&rsquo;on n&rsquo;\u00e9tait pas l\u00e0 pour faire de la figuration\u00a0\u00bb, analysait <a href=\"https:\/\/www.laprovence.com\/article\/sports\/2171529045299615\/national-les-aubagnais-retrouvent-leur-ancien-coach-maxence-flachez-depuis-sur-le-banc-de-paris-13-atletico\" target=\"_blank\" rel=\"nofollow noopener\">Maxence Flachez<\/a> alors qu&rsquo;il squattait encore le banc aubagnais.<\/p>\n","protected":false},"excerpt":{"rendered":"Puisque Aubagne en a fait voir de toutes les couleurs et go\u00fbter \u00e0 toutes les sauces cette saison&hellip;\n","protected":false},"author":2,"featured_media":33822,"comment_status":"","ping_status":"","sticky":false,"template":"","format":"standard","meta":{"footnotes":""},"categories":[9635],"tags":[17,1111,11,8008,11145,1777,674,63,1011,27,775,1702,3238,12,4565,25,3711,60],"class_list":{"0":"post-33821","1":"post","2":"type-post","3":"status-publish","4":"format-standard","5":"has-post-thumbnail","7":"category-nancy","8":"tag-17","9":"tag-actu","10":"tag-actualites","11":"tag-aubagne","12":"tag-deplace","13":"tag-eu","14":"tag-europe","15":"tag-football","16":"tag-fr","17":"tag-france","18":"tag-grand-est","19":"tag-nancy","20":"tag-national","21":"tag-news","22":"tag-nouveau","23":"tag-republique-francaise","24":"tag-son","25":"tag-sports"},"share_on_mastodon":{"url":"https:\/\/pubeurope.com\/@fr\/114358470755896588","error":""},"_links":{"self":[{"href":"https:\/\/www.europesays.com\/fr\/wp-json\/wp\/v2\/posts\/33821","targetHints":{"allow":["GET"]}}],"collection":[{"href":"https:\/\/www.europesays.com\/fr\/wp-json\/wp\/v2\/posts"}],"about":[{"href":"https:\/\/www.europesays.com\/fr\/wp-json\/wp\/v2\/types\/post"}],"author":[{"embeddable":true,"href":"https:\/\/www.europesays.com\/fr\/wp-json\/wp\/v2\/users\/2"}],"replies":[{"embeddable":true,"href":"https:\/\/www.europesays.com\/fr\/wp-json\/wp\/v2\/comments?post=33821"}],"version-history":[{"count":0,"href":"https:\/\/www.europesays.com\/fr\/wp-json\/wp\/v2\/posts\/33821\/revisions"}],"wp:featuredmedia":[{"embeddable":true,"href":"https:\/\/www.europesays.com\/fr\/wp-json\/wp\/v2\/media\/33822"}],"wp:attachment":[{"href":"https:\/\/www.europesays.com\/fr\/wp-json\/wp\/v2\/media?parent=33821"}],"wp:term":[{"taxonomy":"category","embeddable":true,"href":"https:\/\/www.europesays.com\/fr\/wp-json\/wp\/v2\/categories?post=33821"},{"taxonomy":"post_tag","embeddable":true,"href":"https:\/\/www.europesays.com\/fr\/wp-json\/wp\/v2\/tags?post=33821"}],"curies":[{"name":"wp","href":"https:\/\/api.w.org\/{rel}","templated":true}]}}