{"id":338221,"date":"2025-08-23T09:45:20","date_gmt":"2025-08-23T09:45:20","guid":{"rendered":"https:\/\/www.europesays.com\/fr\/338221\/"},"modified":"2025-08-23T09:45:20","modified_gmt":"2025-08-23T09:45:20","slug":"une-greve-illimitee-a-la-rentree-chez-radio-france-les-syndicats-menacent","status":"publish","type":"post","link":"https:\/\/www.europesays.com\/fr\/338221\/","title":{"rendered":"Une \u00ab\u00a0gr\u00e8ve illimit\u00e9e\u00a0\u00bb \u00e0 la rentr\u00e9e chez Radio France\u00a0? Les syndicats menacent"},"content":{"rendered":"<p>        <img decoding=\"async\" loading=\"lazy\" src=\"https:\/\/www.europesays.com\/fr\/wp-content\/uploads\/2025\/08\/1968f08_sirius-fs-upload-1-ar7jushlfjfe-1744989981201-000-338g333.jpg\"  width=\"728\" height=\"409\" alt=\"Une gr\u00e8ve \u00e0 Radio France se profile pour le lundi de la rentr\u00e9e, le 25\u00a0ao\u00fbt 2025.\"\/>  <\/p>\n<p>LUDOVIC MARIN \/ AFP<\/p>\n<p>Une gr\u00e8ve \u00e0 Radio France se profile pour le lundi de la rentr\u00e9e, le 25\u00a0ao\u00fbt 2025.<\/p>\n<p class=\"asset asset-text\">M\u00c9DIAS &#8211; A Radio France, la rentr\u00e9e s\u2019annonce agit\u00e9e. Vent debout contre des projets de r\u00e9organisation, les syndicats appellent \u00e0 une gr\u00e8ve illimit\u00e9e \u00e0 partir de lundi 25\u00a0ao\u00fbt, qui pourrait perturber les antennes du groupe public, dont la matinale de <a href=\"https:\/\/www.huffingtonpost.fr\/medias\/article\/france-inter-claude-askolovitch-la-voix-mythique-de-la-revue-de-presse-arretera-ses-chroniques-en-juillet_249360.html\" target=\"_blank\" rel=\"noopener\">France Inter<\/a>, la premi\u00e8re du pays.<\/p>\n<p class=\"asset asset-text\">Le pr\u00e9avis de gr\u00e8ve illimit\u00e9e a \u00e9t\u00e9 d\u00e9pos\u00e9 le 11\u00a0juillet par les syndicats CFDT, CGT, FO, SNJ, SUD et UNSA. Ils rejettent plusieurs r\u00e9formes voulues par la patronne du groupe, <a href=\"https:\/\/www.huffingtonpost.fr\/medias\/article\/waly-dia-s-en-prend-a-sibyle-veil-patronne-de-radio-france-dans-le-grand-dimanche-soir_234863.html\" target=\"_blank\" rel=\"noopener\">Sibyle Veil<\/a>. Parmi elles, l\u2019arr\u00eat de la radio Mouv\u2019 sur la FM, des changements \u00e9ditoriaux au sein d\u2019Ici (ex-France Bleu, le r\u00e9seau des radios locales publiques) et l\u2019arr\u00eat d\u2019\u00e9missions d\u2019investigation et de reportage.<\/p>\n<p class=\"asset asset-text\">\u00ab\u00a0Madame la pr\u00e9sidente (&#8230;), pour la premi\u00e8re fois de notre histoire r\u00e9cente, la rentr\u00e9e radiophonique pourrait ne pas avoir lieu\u00a0\u00bb, ont menac\u00e9 les syndicats dans un communiqu\u00e9 commun jeudi. Des discussions men\u00e9es vendredi avec la direction n\u2019ont pas abouti \u00e0 la lev\u00e9e du pr\u00e9avis.<\/p>\n<p class=\"asset asset-text\">\u00ab\u00a0Pour l\u2019heure, la direction refuse la moindre concession ou de revenir sur les projets les plus n\u00e9fastes pour les \u00e9quipes et les antennes\u00a0\u00bb, ont d\u00e9plor\u00e9 les syndicats dans un communiqu\u00e9 vendredi soir.<\/p>\n<p class=\"asset asset-text\">La direction du groupe a de son c\u00f4t\u00e9 assur\u00e9 samedi avoir \u00ab\u00a0fait des propositions sur les diff\u00e9rents sujets en cours de discussion, dans l\u2019objectif d\u2019une lev\u00e9e du pr\u00e9avis\u00a0\u00bb. \u00ab\u00a0Ceci n\u2019ayant pas abouti ce jour, la direction se tient pr\u00eate \u00e0 la poursuite des n\u00e9gociations au plus vite\u00a0: rendez-vous a \u00e9t\u00e9 conjointement fix\u00e9 lundi. Il y a, des deux c\u00f4t\u00e9s, une volont\u00e9 de sortir de la situation au plus vite, dans l\u2019int\u00e9r\u00eat des auditeurs\u00a0\u00bb, a-t-elle poursuivi.<\/p>\n<p>    Benjamin Duhamel arrive, L\u00e9a Salam\u00e9 part    <\/p>\n<p class=\"asset asset-text\">Une premi\u00e8re gr\u00e8ve, tr\u00e8s suivie, avait eu lieu du 26 au 29\u00a0juin. Elle avait imm\u00e9diatement \u00e9t\u00e9 suivie d\u2019une deuxi\u00e8me, mais pour un motif diff\u00e9rent. Il s\u2019agissait de protester contre le <a href=\"https:\/\/www.huffingtonpost.fr\/politique\/article\/pourquoi-rachida-dati-tient-tant-a-sa-reforme-de-l-audiovisuel-public-meme-si-elle-peine-a-convaincre_251972.html\" target=\"_blank\" rel=\"noopener\">projet de r\u00e9forme de l\u2019audiovisuel public<\/a> port\u00e9 par la ministre de la Culture, Rachida Dati. Il pr\u00e9voit de cr\u00e9er une holding, France M\u00e9dias, qui chapeauterait France T\u00e9l\u00e9visions, Radio France et l\u2019INA (Institut national de l\u2019audiovisuel).<\/p>\n<p class=\"asset asset-text\">Apr\u00e8s un parcours parlementaire heurt\u00e9, ce texte devrait revenir \u00e0 l\u2019Assembl\u00e9e nationale \u00e0 l\u2019automne. Il a \u00e9t\u00e9 adopt\u00e9 en juillet par le S\u00e9nat, o\u00f9 les d\u00e9bats ont \u00e9t\u00e9 \u00e9court\u00e9s par le choix de la ministre d\u2019employer l\u2019arme constitutionnelle du vote bloqu\u00e9.<\/p>\n<p class=\"asset asset-text\">\u00c0 la radio, les grilles de rentr\u00e9e reprennent d\u00e8s lundi, apr\u00e8s la parenth\u00e8se estivale et avant celles des t\u00e9l\u00e9visions. La matinale d\u2019Inter doit accueillir ce jour-l\u00e0 les premiers pas de sa recrue vedette, <a href=\"https:\/\/www.huffingtonpost.fr\/medias\/article\/benjamin-duhamel-justifie-son-choix-de-quitter-bfmtv-pour-france-inter-je-ne-pouvais-pas-dire-non_251952.html\" target=\"_blank\" rel=\"noopener\">Benjamin Duhamel<\/a>. Le transfuge de BFMTV rejoint la voix principale de la matinale, Nicolas Demorand, apr\u00e8s le d\u00e9part de <a href=\"https:\/\/www.huffingtonpost.fr\/medias\/article\/lea-salame-fait-ses-premiers-pas-sur-le-plateau-du-jt-de-france-2-je-vais-m-entrainer-tout-l-ete_252360.html\" target=\"_blank\" rel=\"noopener\">L\u00e9a Salam\u00e9<\/a> pour le 20h00 de France 2.<\/p>\n","protected":false},"excerpt":{"rendered":"LUDOVIC MARIN \/ AFP Une gr\u00e8ve \u00e0 Radio France se profile pour le lundi de la rentr\u00e9e, le&hellip;\n","protected":false},"author":2,"featured_media":38866,"comment_status":"","ping_status":"","sticky":false,"template":"","format":"standard","meta":{"footnotes":""},"categories":[4],"tags":[11,251,1011,27,6151,500,12,1825,10316,25],"class_list":{"0":"post-338221","1":"post","2":"type-post","3":"status-publish","4":"format-standard","5":"has-post-thumbnail","7":"category-france","8":"tag-actualites","9":"tag-culture","10":"tag-fr","11":"tag-france","12":"tag-greve","13":"tag-medias","14":"tag-news","15":"tag-radio","16":"tag-radio-france","17":"tag-republique-francaise"},"share_on_mastodon":{"url":"https:\/\/pubeurope.com\/@fr\/115077442675908323","error":""},"_links":{"self":[{"href":"https:\/\/www.europesays.com\/fr\/wp-json\/wp\/v2\/posts\/338221","targetHints":{"allow":["GET"]}}],"collection":[{"href":"https:\/\/www.europesays.com\/fr\/wp-json\/wp\/v2\/posts"}],"about":[{"href":"https:\/\/www.europesays.com\/fr\/wp-json\/wp\/v2\/types\/post"}],"author":[{"embeddable":true,"href":"https:\/\/www.europesays.com\/fr\/wp-json\/wp\/v2\/users\/2"}],"replies":[{"embeddable":true,"href":"https:\/\/www.europesays.com\/fr\/wp-json\/wp\/v2\/comments?post=338221"}],"version-history":[{"count":0,"href":"https:\/\/www.europesays.com\/fr\/wp-json\/wp\/v2\/posts\/338221\/revisions"}],"wp:featuredmedia":[{"embeddable":true,"href":"https:\/\/www.europesays.com\/fr\/wp-json\/wp\/v2\/media\/38866"}],"wp:attachment":[{"href":"https:\/\/www.europesays.com\/fr\/wp-json\/wp\/v2\/media?parent=338221"}],"wp:term":[{"taxonomy":"category","embeddable":true,"href":"https:\/\/www.europesays.com\/fr\/wp-json\/wp\/v2\/categories?post=338221"},{"taxonomy":"post_tag","embeddable":true,"href":"https:\/\/www.europesays.com\/fr\/wp-json\/wp\/v2\/tags?post=338221"}],"curies":[{"name":"wp","href":"https:\/\/api.w.org\/{rel}","templated":true}]}}