{"id":338224,"date":"2025-08-23T09:49:10","date_gmt":"2025-08-23T09:49:10","guid":{"rendered":"https:\/\/www.europesays.com\/fr\/338224\/"},"modified":"2025-08-23T09:49:10","modified_gmt":"2025-08-23T09:49:10","slug":"us-open-sabalenka-sur-la-decision-de-coco-gauff-chacun-est-different-pour-moi-ces-changements-ont-pris-a-peu-pres-quelques-semaines","status":"publish","type":"post","link":"https:\/\/www.europesays.com\/fr\/338224\/","title":{"rendered":"US Open > Sabalenka sur la d\u00e9cision de Coco Gauff : \u00ab\u00a0Chacun est diff\u00e9rent. Pour moi, ces changements ont pris \u00e0 peu pr\u00e8s quelques semaines\u00a0\u00bb"},"content":{"rendered":"<p>Avant le d\u00e9but de l\u2019US Open (24 ao\u00fbt au 7 septembre), Cori Gauff s\u2019est atta\u00adch\u00e9e les services du biom\u00e9\u00adca\u00adni\u00adcien Gavin MacMillan, qui s\u2019\u00e9tait notam\u00adment illustr\u00e9 aux c\u00f4t\u00e9s d\u2019Aryna Sabalenka entre 2022 et 2024, en l\u2019aidant \u00e0 corriger ses diffi\u00adcult\u00e9s au service.<\/p>\n<p>Dans des propos relay\u00e9s par <a href=\"https:\/\/www.lequipe.fr\/Tennis\/Actualites\/Aryna-sabalenka-avant-son-entree-en-lice-a-l-us-open-j-ai-tire-beaucoup-d-enseignements-des-difficultes-rencontrees-cette-saison\/1586856\" data-wpel-link=\"external\" target=\"_blank\" rel=\"nofollow external noopener\">L\u2019Equipe<\/a>, la num\u00e9ro 1 mondiale a comment\u00e9 le choix de sa rivale.\u00a0<\/p>\n<p><strong>\u00ab\u202fJe lui suis vrai\u00adment recon\u00adnais\u00adsante pour son aide lors des moments qui ont \u00e9t\u00e9 tr\u00e8s diffi\u00adciles. Il m\u2019a beau\u00adcoup aid\u00e9e sur le service. J\u2019\u00e9tais vrai\u00adment d\u00e9ses\u00adp\u00e9r\u00e9e et j\u2019\u00e9tais pr\u00eate \u00e0 tout modi\u00adfier, \u00e0 changer mon service pour m\u2019am\u00e9\u00adliorer et enfin retrouver le bon rythme. Donc pour moi ces chan\u00adge\u00adments ont pris \u00e0 peu pr\u00e8s quelques semaines. Mais chacun est diff\u00e9\u00adrent, et je leur souhaite \u00e0 tous les deux le meilleur, en esp\u00e9\u00adrant que tout se passe au\u00a0mieux.\u202f\u00bb<\/strong><\/p>\n<p class=\"post-published-date\" style=\"color: silver; font-size: 75%; text-align: left;\">Publi\u00e9 le samedi 23 ao\u00fbt 2025 \u00e0 10:25<\/p>\n","protected":false},"excerpt":{"rendered":"Avant le d\u00e9but de l\u2019US Open (24 ao\u00fbt au 7 septembre), Cori Gauff s\u2019est atta\u00adch\u00e9e les services du&hellip;\n","protected":false},"author":2,"featured_media":338225,"comment_status":"","ping_status":"","sticky":false,"template":"","format":"standard","meta":{"footnotes":""},"categories":[1415],"tags":[7615,1011,27,60,1467],"class_list":{"0":"post-338224","1":"post","2":"type-post","3":"status-publish","4":"format-standard","5":"has-post-thumbnail","7":"category-tennis","8":"tag-aryna-sabalenka","9":"tag-fr","10":"tag-france","11":"tag-sports","12":"tag-tennis"},"share_on_mastodon":{"url":"https:\/\/pubeurope.com\/@fr\/115077458342551657","error":""},"_links":{"self":[{"href":"https:\/\/www.europesays.com\/fr\/wp-json\/wp\/v2\/posts\/338224","targetHints":{"allow":["GET"]}}],"collection":[{"href":"https:\/\/www.europesays.com\/fr\/wp-json\/wp\/v2\/posts"}],"about":[{"href":"https:\/\/www.europesays.com\/fr\/wp-json\/wp\/v2\/types\/post"}],"author":[{"embeddable":true,"href":"https:\/\/www.europesays.com\/fr\/wp-json\/wp\/v2\/users\/2"}],"replies":[{"embeddable":true,"href":"https:\/\/www.europesays.com\/fr\/wp-json\/wp\/v2\/comments?post=338224"}],"version-history":[{"count":0,"href":"https:\/\/www.europesays.com\/fr\/wp-json\/wp\/v2\/posts\/338224\/revisions"}],"wp:featuredmedia":[{"embeddable":true,"href":"https:\/\/www.europesays.com\/fr\/wp-json\/wp\/v2\/media\/338225"}],"wp:attachment":[{"href":"https:\/\/www.europesays.com\/fr\/wp-json\/wp\/v2\/media?parent=338224"}],"wp:term":[{"taxonomy":"category","embeddable":true,"href":"https:\/\/www.europesays.com\/fr\/wp-json\/wp\/v2\/categories?post=338224"},{"taxonomy":"post_tag","embeddable":true,"href":"https:\/\/www.europesays.com\/fr\/wp-json\/wp\/v2\/tags?post=338224"}],"curies":[{"name":"wp","href":"https:\/\/api.w.org\/{rel}","templated":true}]}}