{"id":338228,"date":"2025-08-23T09:52:11","date_gmt":"2025-08-23T09:52:11","guid":{"rendered":"https:\/\/www.europesays.com\/fr\/338228\/"},"modified":"2025-08-23T09:52:11","modified_gmt":"2025-08-23T09:52:11","slug":"marquez-et-acosta-toujours-la","status":"publish","type":"post","link":"https:\/\/www.europesays.com\/fr\/338228\/","title":{"rendered":"M\u00e1rquez et Acosta toujours l\u00e0"},"content":{"rendered":"<p>Ciel bleu et grand soleil sur le Balaton Park ce samedi, traditionnellement la journ\u00e9e la plus dense d&rsquo;un week-end MotoGP. Avant les qualifications et la course sprint, les 21 pilotes en lice ce week-end \u2013 <a href=\"https:\/\/fr.motorsport.com\/motogp\/news\/aleix-espargaro-blesse-encore-velo-forfait-hongrie\/10752222\/\" target=\"_self\" rel=\"noopener\">cons\u00e9quence du forfait d&rsquo;Aleix Espargar\u00f3<\/a>\u00a0\u2013 se sont lanc\u00e9s dans une ultime s\u00e9ance pr\u00e9paratoire sur un trac\u00e9 qu&rsquo;ils continuent de d\u00e9couvrir.<\/p>\n<p>Comme la veille, on a pu voir plusieurs \u00e9carts de trajectoire et de nombreux passages hors piste, y compris par les bacs \u00e0 gravier pour certains pilotes encore \u00e0 la recherche des limites sur le circuit hongrois.\u00a0<\/p>\n<p>Pendant que l&rsquo;on a vu Fabio Quartararo une nouvelle fois tr\u00e8s agac\u00e9 par le comportement de sa Yamaha au freinage, c&rsquo;est \u00e0 nouveau Pedro Acosta qui s&rsquo;est montr\u00e9 en t\u00eate de la hi\u00e9rarchie, avec un chrono en 1&rsquo;37&Prime;780 au guidon de la KTM, pr\u00e8s de deux dixi\u00e8mes devant Marc M\u00e1rquez.<\/p>\n<p>Dans les dix derni\u00e8res minutes, alors que le travail \u00e9tait logiquement concentr\u00e9 sur les longs relais, Fabio Di Giannantonio s&rsquo;est hiss\u00e9 \u00e0 la premi\u00e8re place avec un passage en 1&rsquo;37&Prime;484 sur la Ducati VR46. L&rsquo;Italien n&rsquo;a pas conserv\u00e9 la r\u00e9f\u00e9rence bien longtemps puisque\u00a0Marc M\u00e1rquez a coup\u00e9 la ligne en 1&rsquo;37&Prime;355. Un chrono qui n&rsquo;a pas \u00e9t\u00e9 battu, mais dont s&rsquo;est approch\u00e9 Pedro Acosta, \u00e0 seulement huit milli\u00e8mes.<\/p>\n<p>Toujours en grande difficult\u00e9, Pecco Bagnaia n&rsquo;a sign\u00e9 que le 18e chrono. Johann Zarco accuse lui aussi le coup pour le moment avec une 17e place. Les deux hommes pourraient vivre une s\u00e9ance de qualifications compliqu\u00e9e, alors qu&rsquo;ils devront passer par la Q1.<\/p>\n<p><img decoding=\"async\" class=\"ms-flag-img ms-flag-img_s0\" title=\"Hungary\" src=\"https:\/\/cdn-6.motorsport.com\/static\/img\/cf\/hu-3.svg\" alt=\"Hungary\" width=\"25\" loading=\"lazy\"\/>\u00a0GP de Hongrie MotoGP &#8211; Essais Libres 2<\/p>\n<p>Lire aussi :<\/p>\n<p>Dans cet article<\/p>\n<p>Soyez le premier inform\u00e9 et souscrivez aux alertes mails pour recevoir les infos en temps r\u00e9el<\/p>\n<p>    S&rsquo;abonner aux alertes de news<\/p>\n","protected":false},"excerpt":{"rendered":"Ciel bleu et grand soleil sur le Balaton Park ce samedi, traditionnellement la journ\u00e9e la plus dense d&rsquo;un&hellip;\n","protected":false},"author":2,"featured_media":338229,"comment_status":"","ping_status":"","sticky":false,"template":"","format":"standard","meta":{"footnotes":""},"categories":[1412],"tags":[21747,47460,1451,1452,1453,1454,1455,1011,27,21746,1458,60],"class_list":{"0":"post-338228","1":"post","2":"type-post","3":"status-publish","4":"format-standard","5":"has-post-thumbnail","7":"category-f1","8":"tag-balaton-park","9":"tag-el2-mu00e1rquez-et-acosta-toujours-lu00e0","10":"tag-f1","11":"tag-formula-1","12":"tag-formula1","13":"tag-formule-1","14":"tag-formule1","15":"tag-fr","16":"tag-france","17":"tag-gp-de-hongrie","18":"tag-motogp","19":"tag-sports"},"share_on_mastodon":{"url":"https:\/\/pubeurope.com\/@fr\/115077470215918574","error":""},"_links":{"self":[{"href":"https:\/\/www.europesays.com\/fr\/wp-json\/wp\/v2\/posts\/338228","targetHints":{"allow":["GET"]}}],"collection":[{"href":"https:\/\/www.europesays.com\/fr\/wp-json\/wp\/v2\/posts"}],"about":[{"href":"https:\/\/www.europesays.com\/fr\/wp-json\/wp\/v2\/types\/post"}],"author":[{"embeddable":true,"href":"https:\/\/www.europesays.com\/fr\/wp-json\/wp\/v2\/users\/2"}],"replies":[{"embeddable":true,"href":"https:\/\/www.europesays.com\/fr\/wp-json\/wp\/v2\/comments?post=338228"}],"version-history":[{"count":0,"href":"https:\/\/www.europesays.com\/fr\/wp-json\/wp\/v2\/posts\/338228\/revisions"}],"wp:featuredmedia":[{"embeddable":true,"href":"https:\/\/www.europesays.com\/fr\/wp-json\/wp\/v2\/media\/338229"}],"wp:attachment":[{"href":"https:\/\/www.europesays.com\/fr\/wp-json\/wp\/v2\/media?parent=338228"}],"wp:term":[{"taxonomy":"category","embeddable":true,"href":"https:\/\/www.europesays.com\/fr\/wp-json\/wp\/v2\/categories?post=338228"},{"taxonomy":"post_tag","embeddable":true,"href":"https:\/\/www.europesays.com\/fr\/wp-json\/wp\/v2\/tags?post=338228"}],"curies":[{"name":"wp","href":"https:\/\/api.w.org\/{rel}","templated":true}]}}