{"id":338242,"date":"2025-08-23T09:59:10","date_gmt":"2025-08-23T09:59:10","guid":{"rendered":"https:\/\/www.europesays.com\/fr\/338242\/"},"modified":"2025-08-23T09:59:10","modified_gmt":"2025-08-23T09:59:10","slug":"a-80-ans-sheila-est-ultra-transparente-avec-le-temps-qui-passe-limpression-detre-deja-fini","status":"publish","type":"post","link":"https:\/\/www.europesays.com\/fr\/338242\/","title":{"rendered":"\u00c0 80 ans, Sheila est ultra transparente avec le temps qui passe : \u00ab\u00a0L&rsquo;impression d&rsquo;\u00eatre d\u00e9j\u00e0 fini\u00a0\u00bb"},"content":{"rendered":"<p>La long\u00e9vit\u00e9, c\u2019est le souhait de nombreux chanteurs. En effet,<br \/>\navoir une carri\u00e8re qui dure n\u2019est pas \u00e0 la port\u00e9e de tout le monde.<br \/>\nMais Sheila a trouv\u00e9 le secret. Voil\u00e0 plusieurs d\u00e9cennies que la<br \/>\nchanteuse fait vibrer le c\u0153ur de ses nombreux fans. D\u00e8s ses d\u00e9buts<br \/>\ndans les ann\u00e9es 60 avec des tubes majeurs comme L\u2019\u00e9cole est<br \/>\nfinie ou encore Vous les copains, elle est parvenue \u00e0<br \/>\ns\u2019imposer comme une figure marquante de la musique. Un succ\u00e8s qui a<br \/>\nlargement d\u00e9pass\u00e9 les fronti\u00e8res. D\u2019ailleurs, malgr\u00e9 son \u00e2ge,<br \/>\nSheila continue de monter sur sc\u00e8ne.<\/p>\n<p>Une chanteuse particuli\u00e8rement active malgr\u00e9 son \u00e2ge<\/p>\n<p>M\u00eame apr\u00e8s plus de 60 ans de carri\u00e8re, Sheila poursuit sa<br \/>\ncarri\u00e8re. Et il faut dire qu\u2019elle n\u2019est pas pr\u00e8s de prendre sa<br \/>\nretraite. Pour le plus grand plaisir de ses fans, <strong>la<br \/>\nchanteuse est actuellement en pleine tourn\u00e9e intitul\u00e9e<br \/>\n8.0<\/strong>. Un \u00e9v\u00e9nement qui met \u00e0 l\u2019honneur ses plus grands<br \/>\ntubes ainsi que les nouvelles r\u00e9alisations de l\u2019artiste. Et malgr\u00e9<br \/>\nses 80 ans, Sheila impressionne avec son \u00e9nergie sur sc\u00e8ne.<\/p>\n<p>D\u2019ailleurs, pour cette derni\u00e8re, <strong>l\u2019\u00e2ge n\u2019est clairement<br \/>\nqu\u2019un chiffre<\/strong>, comme elle l\u2019a pr\u00e9cis\u00e9 lors d\u2019un entretien<br \/>\navec Cin\u00e9 T\u00e9l\u00e9 Revue le 14 ao\u00fbt dernier. \u201cCe sont les autres<br \/>\nqui vous donnent un \u00e2ge. <strong>Moi, j\u2019ai \u00e0 peine 50 ans dans ma<br \/>\nt\u00eate !<\/strong> J\u2019ai des projets, des envies. Je n\u2019aime pas ce mot<br \/>\n\u2018senior\u2019. \u00c7a donne l\u2019impression d\u2019\u00eatre d\u00e9j\u00e0 fini !\u201d, a-t-elle<br \/>\nconfi\u00e9.<\/p>\n<p>Sheila en toute franchise sur sa vie<\/p>\n<p>Sheila n\u2019a plus rien \u00e0 prouver. Avec plus de 60 ans de carri\u00e8re<br \/>\net de nombreux succ\u00e8s, la chanteuse est parvenue \u00e0 s\u2019imposer comme<br \/>\nune figure incontournable de la musique fran\u00e7aise. M\u00eame son dernier<br \/>\nalbum a particuli\u00e8rement \u00e9t\u00e9 bien accueilli par son public. En<br \/>\nplus, la tourn\u00e9e de l\u2019octog\u00e9naire cartonne. Mais si Sheila fait<br \/>\nd\u00e9sormais partie des ic\u00f4nes de la musique, il faut dire qu\u2019elle a<br \/>\nconnu <a href=\"https:\/\/www.melty.fr\/sportz\/lois-boisson-nerveuse-tres-emotive-ses-confessions-sur-ses-debuts-difficiles-2240072.html\" rel=\"nofollow noopener\" target=\"_blank\"><br \/>\ndes d\u00e9buts particuli\u00e8rement difficiles<\/a>.<\/p>\n<p>En effet, l\u00a0\u00bbinterpr\u00e8te de Patrick mon ch\u00e9ri a beaucoup \u00e9t\u00e9<br \/>\ncritiqu\u00e9e. \u201c<strong>Je ne suis pas revancharde<\/strong>. Je<br \/>\nm\u2019en suis toujours foutu, des jugements. Mais \u00e7a me fait plaisir.<br \/>\nLongtemps, <strong>j\u2019ai \u00e9t\u00e9 catalogu\u00e9e petite fille de Fran\u00e7ais<br \/>\nmoyens, ringarde\u2026.<\/strong> Et voyez ! Le concert que je fais,<br \/>\nc\u2019est du rock. La petite Sheila avec des couettes, c\u2019est tellement<br \/>\npass\u00e9iste\u201d, a-t-elle confi\u00e9.<\/p>\n<p>\u201cOn est beaucoup plus fortes que les<br \/>\nhommes\u201d<\/p>\n<p>S\u2019imposer en \u00e9tant une femme dans l\u2019univers de la musique n\u2019a<br \/>\npas \u00e9t\u00e9 une partie de plaisir. En effet, <strong>Sheila a d\u00fb faire<br \/>\nface \u00e0 de nombreux jugements durant sa carri\u00e8re<\/strong>. Au d\u00e9but<br \/>\nde sa carri\u00e8re, la chanteuse a m\u00eame \u00e9t\u00e9 confront\u00e9e \u00e0 des rumeurs la<br \/>\nqualifiant d\u2019homme. De quoi profond\u00e9ment bless\u00e9 l\u2019artiste de 80<br \/>\nans. D\u00e9sormais, <a href=\"https:\/\/www.melty.fr\/people\/excede-francis-lalanne-vous-magressez-violente-prise-de-bec-avec-le-fils-de-sheila-2251185.html\" rel=\"nofollow noopener\" target=\"_blank\"><br \/>\nSheila<\/a> ne manque pas une occasion de d\u00e9fendre de nombreux<br \/>\npoints comme le sexisme ou encore l\u2019\u00e2gisme dans l\u2019industrie<br \/>\nmusicale, soulignant les discriminations persistantes envers les<br \/>\nfemmes.<\/p>\n<p>Raison pour laquelle elle a rendu un hommage \u00e0 Simone Veil dans<br \/>\nson dernier album. \u201c<strong>La lib\u00e9ration de la femme, ce n&rsquo;est<br \/>\npas \u00eatre au niveau des hommes<\/strong>, parce que je pense qu&rsquo;on<br \/>\nest beaucoup plus fortes que les hommes\u201d, a-t-elle exprim\u00e9.<br \/>\nPour Sheila, les femmes seront plus libres quand elles parviendront<br \/>\n\u00e0 s\u2019assumer pleinement. \u201c\u00catre capable d&rsquo;assumer sa vie sans<br \/>\npersonne. \u00c7a commence par l\u00e0. Et apr\u00e8s, quand on est en r\u00e9union<br \/>\navec des hommes, prendre la parole juste parce qu&rsquo;<strong>on est<br \/>\nbrillante<\/strong> et qu&rsquo;on peut avoir de meilleures id\u00e9es<br \/>\nqu&rsquo;eux\u201d, a-t-elle ajout\u00e9.<\/p>\n","protected":false},"excerpt":{"rendered":"La long\u00e9vit\u00e9, c\u2019est le souhait de nombreux chanteurs. En effet, avoir une carri\u00e8re qui dure n\u2019est pas \u00e0&hellip;\n","protected":false},"author":2,"featured_media":338243,"comment_status":"","ping_status":"","sticky":false,"template":"","format":"standard","meta":{"footnotes":""},"categories":[1355],"tags":[58,59,1011,27,1361,873],"class_list":{"0":"post-338242","1":"post","2":"type-post","3":"status-publish","4":"format-standard","5":"has-post-thumbnail","7":"category-musique","8":"tag-divertissement","9":"tag-entertainment","10":"tag-fr","11":"tag-france","12":"tag-music","13":"tag-musique"},"share_on_mastodon":{"url":"https:\/\/pubeurope.com\/@fr\/115077497770826840","error":""},"_links":{"self":[{"href":"https:\/\/www.europesays.com\/fr\/wp-json\/wp\/v2\/posts\/338242","targetHints":{"allow":["GET"]}}],"collection":[{"href":"https:\/\/www.europesays.com\/fr\/wp-json\/wp\/v2\/posts"}],"about":[{"href":"https:\/\/www.europesays.com\/fr\/wp-json\/wp\/v2\/types\/post"}],"author":[{"embeddable":true,"href":"https:\/\/www.europesays.com\/fr\/wp-json\/wp\/v2\/users\/2"}],"replies":[{"embeddable":true,"href":"https:\/\/www.europesays.com\/fr\/wp-json\/wp\/v2\/comments?post=338242"}],"version-history":[{"count":0,"href":"https:\/\/www.europesays.com\/fr\/wp-json\/wp\/v2\/posts\/338242\/revisions"}],"wp:featuredmedia":[{"embeddable":true,"href":"https:\/\/www.europesays.com\/fr\/wp-json\/wp\/v2\/media\/338243"}],"wp:attachment":[{"href":"https:\/\/www.europesays.com\/fr\/wp-json\/wp\/v2\/media?parent=338242"}],"wp:term":[{"taxonomy":"category","embeddable":true,"href":"https:\/\/www.europesays.com\/fr\/wp-json\/wp\/v2\/categories?post=338242"},{"taxonomy":"post_tag","embeddable":true,"href":"https:\/\/www.europesays.com\/fr\/wp-json\/wp\/v2\/tags?post=338242"}],"curies":[{"name":"wp","href":"https:\/\/api.w.org\/{rel}","templated":true}]}}