{"id":338244,"date":"2025-08-23T10:00:10","date_gmt":"2025-08-23T10:00:10","guid":{"rendered":"https:\/\/www.europesays.com\/fr\/338244\/"},"modified":"2025-08-23T10:00:10","modified_gmt":"2025-08-23T10:00:10","slug":"valeur-sentimentale-de-joachim-trier-un-film-de-tres-grande-valeur-ou-juste-un-bon-melo-lacrymal-telerama","status":"publish","type":"post","link":"https:\/\/www.europesays.com\/fr\/338244\/","title":{"rendered":"\u201cValeur sentimentale\u201d, de Joachim Trier : \u201cun film de tr\u00e8s grande valeur\u201d ou juste un \u201cbon m\u00e9lo lacrymal\u201d ? &#8211; T\u00e9l\u00e9rama"},"content":{"rendered":"<ol>\n<li><a href=\"https:\/\/news.google.com\/rss\/articles\/CBMi1gFBVV95cUxNUmlianh0VmtoejNZQlVlOUdWSENjWmZ1RXItNUVFb2dQSTl3dXlvRHNscURkNlBjZHpwTm5PT2RkTjV1R25WcDlCeE9Xd0xidnNHUmRXS0t0Z3JUbWpBRHE3QnUzTi15UVJxd09DZkVDRnFhaUxlWWEyOUlPei1XazliUElfOHAtQXhMSms4QXVYbUpoazlnUEJSelJiWGUwSlZQOWwzWkctbEJZRGxXR09HbU1MT1NLYkhKZXY0SGlXMGk5T2dBZ1R3dVRqN2oyckNadVVB?oc=5\" target=\"_blank\" rel=\"nofollow noopener\">\u201cValeur sentimentale\u201d, de Joachim Trier : \u201cun film de tr\u00e8s grande valeur\u201d ou juste un \u201cbon m\u00e9lo lacrymal\u201d ?<\/a>&nbsp;&nbsp;T\u00e9l\u00e9rama<\/li>\n<li><a href=\"https:\/\/news.google.com\/rss\/articles\/CBMi2gFBVV95cUxOaWIwam9FUXFwTFJ0TkVvNFdYN3o1bFVyTVBaVTdOUGl2aFE1cjBxcG5FdWZydjV4QmJYRkdySV9ZQnM1R0hsMXN0RDJxWk5NdkJPdTd1XzVrRjB2R0RaWFR6LXozWU5obzJ3dno5R2ZjUTdCVUZJb1BlcEFuNXdCZVlwSE92ZW5VTHRnVlJwUDBkVW9lUEVEQUhKTTBOMF9Cd19WZTh4aEE3Y2FhdFFWOFdFLWd3eUZXUU9wakV2LUNFTzh5UnhVM19GSnF0SllCRFlCRFJBZEhpdw?oc=5\" target=\"_blank\" rel=\"nofollow noopener\">Qui est Renate Reinsve, l&rsquo;\u00e9blouissante actrice de \u00ab\u00a0Valeur sentimentale\u00a0\u00bb de Joachim Trier?<\/a>&nbsp;&nbsp;BFMTV<\/li>\n<li><a href=\"https:\/\/news.google.com\/rss\/articles\/CBMiygFBVV95cUxPXzB4NTZYQndXWFJWZGFtVWtRU0NIZldmT213MHhJZF8zZ0drZ0p1Q0ZzSEZpTWRXQ3dLNWtUb1otdkpVTnN2dUN5ZlNtUUNIZ0YxVkNrMUJESWVaZHM1TjgtN3JJMkU0LXhnTG5wOTkzN3FXOFFrdEJjZGFfOHFTUjIyZzVMSXFXMEgySkJ3eVlyOE5weFhWM3VlNHE2QU1OQW9UcnFDSVRWZVprMGR5MElZMTRleUx2QzJJcWNBVzFKQVVtTGp3ZXFR?oc=5\" target=\"_blank\" rel=\"nofollow noopener\">Elle Fanning, dans \u201cValeur sentimentale\u201d : \u201cJoachim Trier vous am\u00e8ne \u00e0 vous \u00e9tonner vous-m\u00eame\u201d<\/a>&nbsp;&nbsp;T\u00e9l\u00e9rama<\/li>\n<li><a href=\"https:\/\/news.google.com\/rss\/articles\/CBMitAFBVV95cUxPZGJkQUk1T0FmMThCWE9PMkdsWTVKTTRIaFFSend1SUZHaFJtbkR6azBBMWJfY3pmZ0Y3anFYWjRYOEpxSnYzTTR1NzdUanpwSjJHNW5zMHAxREhJaFBNOS1Qbmt3Ql9HOHpfejV1OW1TVnBaWTByRnNFdUstbzdYVjBGaDJXeDUxcmlER1c2SFB2OEExWTVtQlhvY2Y4Rk52SEEwajBZR0UtR1FFQkQ2VlBGeDE?oc=5\" target=\"_blank\" rel=\"nofollow noopener\">La fabuleuse odyss\u00e9e du com\u00e9dien su\u00e9dois Stellan Skarsgard<\/a>&nbsp;&nbsp;Le Point<\/li>\n<li><a href=\"https:\/\/news.google.com\/rss\/articles\/CBMifkFVX3lxTE9QSjExOHNwdmMzVWdtTzdIUlBXNXBMVGpZSlE1RjVnTVVzQWo4T1QtQjVvRWptYUhYTjI2Zlc3Y3BlS3AyWHdrSUpiUmJfcW5CelkzTFVZZUxrUU5qRVlwN1Q4SGwyaVlkejRFX1FuT1lFMVNFd0hQT0pTbXRtdw?oc=5\" target=\"_blank\" rel=\"nofollow noopener\">Valeur sentimentale est-il un bon film ? Voici les premiers avis spectateurs sur le nouveau long m\u00e9trage de Joachim Trier !<\/a>&nbsp;&nbsp;AlloCin\u00e9<\/li>\n<\/ol>\n","protected":false},"excerpt":{"rendered":"\u201cValeur sentimentale\u201d, de Joachim Trier : \u201cun film de tr\u00e8s grande valeur\u201d ou juste un \u201cbon m\u00e9lo lacrymal\u201d&hellip;\n","protected":false},"author":2,"featured_media":338245,"comment_status":"","ping_status":"","sticky":false,"template":"","format":"standard","meta":{"footnotes":""},"categories":[1354],"tags":[58,59,1346,1011,27,1360],"class_list":{"0":"post-338244","1":"post","2":"type-post","3":"status-publish","4":"format-standard","5":"has-post-thumbnail","7":"category-films","8":"tag-divertissement","9":"tag-entertainment","10":"tag-films","11":"tag-fr","12":"tag-france","13":"tag-movies"},"share_on_mastodon":{"url":"https:\/\/pubeurope.com\/@fr\/115077501767917997","error":""},"_links":{"self":[{"href":"https:\/\/www.europesays.com\/fr\/wp-json\/wp\/v2\/posts\/338244","targetHints":{"allow":["GET"]}}],"collection":[{"href":"https:\/\/www.europesays.com\/fr\/wp-json\/wp\/v2\/posts"}],"about":[{"href":"https:\/\/www.europesays.com\/fr\/wp-json\/wp\/v2\/types\/post"}],"author":[{"embeddable":true,"href":"https:\/\/www.europesays.com\/fr\/wp-json\/wp\/v2\/users\/2"}],"replies":[{"embeddable":true,"href":"https:\/\/www.europesays.com\/fr\/wp-json\/wp\/v2\/comments?post=338244"}],"version-history":[{"count":0,"href":"https:\/\/www.europesays.com\/fr\/wp-json\/wp\/v2\/posts\/338244\/revisions"}],"wp:featuredmedia":[{"embeddable":true,"href":"https:\/\/www.europesays.com\/fr\/wp-json\/wp\/v2\/media\/338245"}],"wp:attachment":[{"href":"https:\/\/www.europesays.com\/fr\/wp-json\/wp\/v2\/media?parent=338244"}],"wp:term":[{"taxonomy":"category","embeddable":true,"href":"https:\/\/www.europesays.com\/fr\/wp-json\/wp\/v2\/categories?post=338244"},{"taxonomy":"post_tag","embeddable":true,"href":"https:\/\/www.europesays.com\/fr\/wp-json\/wp\/v2\/tags?post=338244"}],"curies":[{"name":"wp","href":"https:\/\/api.w.org\/{rel}","templated":true}]}}