{"id":338248,"date":"2025-08-23T10:02:12","date_gmt":"2025-08-23T10:02:12","guid":{"rendered":"https:\/\/www.europesays.com\/fr\/338248\/"},"modified":"2025-08-23T10:02:12","modified_gmt":"2025-08-23T10:02:12","slug":"yann-mvila-sm-caen-je-ressens-beaucoup-denervement","status":"publish","type":"post","link":"https:\/\/www.europesays.com\/fr\/338248\/","title":{"rendered":"Yann M&rsquo;Vila (SM Caen) : \u00ab\u00a0Je ressens beaucoup d&rsquo;\u00e9nervement\u00a0\u00bb"},"content":{"rendered":"<p><img loading=\"lazy\" decoding=\"async\" width=\"696\" height=\"464\" class=\"lazyload entry-thumb\" src=\"https:\/\/www.europesays.com\/fr\/wp-content\/uploads\/2025\/08\/Yann-MVILA-SM-Caen-696x464.jpg\" alt=\"\" title=\"Yann M'VILA (SM Caen)\"\/>Yann M&rsquo;Vila (\u00a9 Philippe Le Brech)<\/p>\n<p style=\"font-size:20px\"><strong>Le capitaine du SM Caen Yann M\u2019Vila s\u2019est exprim\u00e9 <a href=\"https:\/\/www.ouest-france.fr\/sport\/football\/sm-caen\/national-trop-gentils-par-moments-les-reactions-des-joueurs-du-sm-caen-apres-la-defaite-c958606c-7f95-11f0-a070-ec6a7f83d549\" target=\"_blank\" rel=\"noopener\">dans les colonnes de notre partenaire Ouest-France<\/a> apr\u00e8s la d\u00e9faite de son \u00e9quipe face \u00e0 Versailles ce vendredi 22 ao\u00fbt <a href=\"https:\/\/footamateur.ouest-france.fr\/national-j3-le-fc-versailles-prend-seul-les-commandes\/\" target=\"_blank\" rel=\"noreferrer noopener\">dans le cadre de la 3\u00e8me journ\u00e9e du National<\/a>.<\/strong><\/p>\n<p>\u00ab\u00a0Je ressens beaucoup d\u2019\u00e9nervement. C\u2019\u00e9tait de la frustration la semaine derni\u00e8re, mais aujourd\u2019hui, c\u2019est de l\u2019\u00e9nervement. On n\u2019a pas le droit de perdre ce match-l\u00e0, parce qu\u2019on leur donne les deux buts. On fait une bonne premi\u00e8re mi-temps, mais c\u2019est comme depuis l\u2019ann\u00e9e derni\u00e8re\u00a0: c\u2019est dans les 30\u00a0derniers m\u00e8tres qu\u2019on arrive \u00e0 faire de belles actions, mais on n\u2019arrive pas \u00e0 les concr\u00e9tiser. Ca fait ch*** de prendre 2-0 \u00e0 la maison.<\/p>\n<p>L\u2019\u00e9quipe est pr\u00eate, c\u2019est une question de mental d\u00e9sormais. Aujourd\u2019hui, il faut jouer avec plus d\u2019intelligence, avec la t\u00eate. Il faut aussi jouer par moments avec les bijoux de famille. Il faut faire des matches d\u2019hommes et aujourd\u2019hui, on n\u2019a pas fait un match d\u2019hommes. Les trente premi\u00e8res minutes ont \u00e9t\u00e9 bonnes, on pousse, mais c\u2019est pareil\u00a0: on n\u2019arrive pas \u00e0 concr\u00e9tiser nos actions. Je pense qu\u2019on aurait pu jouer certaines situations plus intelligemment.\u00a0\u00bb<\/p>\n<p><a href=\"https:\/\/footamateur.ouest-france.fr\/author\/fred\/\" class=\"url\" title=\"Fr\u00e9d\u00e9ric Sougey\" target=\"_blank\" rel=\"noopener\"> <img decoding=\"async\" src=\"https:\/\/www.europesays.com\/fr\/wp-content\/uploads\/2025\/04\/gnlpcfya_400x400.jpg\" class=\"lazyload photo\" width=\"250\" alt=\"Fr\u00e9d\u00e9ric Sougey\"\/><\/a><\/p>\n<p>Journaliste chez Sports M\u00e9dia<\/p>\n<p>Elev\u00e9 au c\u0153ur des Alpes, Fred quitte (temporairement) son Grenoble ador\u00e9 pour pr\u00eater sa plume et son regard au monde amateur et plus particuli\u00e8rement au Championnat National dont il est un assidu observateur. Fan de tartiflette, de Karim Mokeddem et de Mulholland Drive. Les bonnes choses de la vie, en somme.<\/p>\n<p><a href=\"https:\/\/footamateur.ouest-france.fr\/author\/fred\/\" class=\"url\" title=\"Fr\u00e9d\u00e9ric Sougey\" target=\"_blank\" rel=\"noopener\"><img decoding=\"async\" src=\"https:\/\/www.europesays.com\/fr\/wp-content\/uploads\/2025\/04\/gnlpcfya_400x400.jpg\" class=\"lazyload photo\" width=\"250\" alt=\"Fr\u00e9d\u00e9ric Sougey\"\/><\/a>Les derniers articles par Fr\u00e9d\u00e9ric Sougey (<a href=\"https:\/\/footamateur.ouest-france.fr\/author\/fred\/\" target=\"_blank\" rel=\"noopener\">tout voir<\/a>)<\/p>\n","protected":false},"excerpt":{"rendered":"Yann M&rsquo;Vila (\u00a9 Philippe Le Brech) Le capitaine du SM Caen Yann M\u2019Vila s\u2019est exprim\u00e9 dans les colonnes&hellip;\n","protected":false},"author":2,"featured_media":338249,"comment_status":"","ping_status":"","sticky":false,"template":"","format":"standard","meta":{"footnotes":""},"categories":[9],"tags":[1011,27,15104,60,47462],"class_list":{"0":"post-338248","1":"post","2":"type-post","3":"status-publish","4":"format-standard","5":"has-post-thumbnail","7":"category-sports","8":"tag-fr","9":"tag-france","10":"tag-sm-caen","11":"tag-sports","12":"tag-yann-mvila"},"share_on_mastodon":{"url":"https:\/\/pubeurope.com\/@fr\/115077509591569958","error":""},"_links":{"self":[{"href":"https:\/\/www.europesays.com\/fr\/wp-json\/wp\/v2\/posts\/338248","targetHints":{"allow":["GET"]}}],"collection":[{"href":"https:\/\/www.europesays.com\/fr\/wp-json\/wp\/v2\/posts"}],"about":[{"href":"https:\/\/www.europesays.com\/fr\/wp-json\/wp\/v2\/types\/post"}],"author":[{"embeddable":true,"href":"https:\/\/www.europesays.com\/fr\/wp-json\/wp\/v2\/users\/2"}],"replies":[{"embeddable":true,"href":"https:\/\/www.europesays.com\/fr\/wp-json\/wp\/v2\/comments?post=338248"}],"version-history":[{"count":0,"href":"https:\/\/www.europesays.com\/fr\/wp-json\/wp\/v2\/posts\/338248\/revisions"}],"wp:featuredmedia":[{"embeddable":true,"href":"https:\/\/www.europesays.com\/fr\/wp-json\/wp\/v2\/media\/338249"}],"wp:attachment":[{"href":"https:\/\/www.europesays.com\/fr\/wp-json\/wp\/v2\/media?parent=338248"}],"wp:term":[{"taxonomy":"category","embeddable":true,"href":"https:\/\/www.europesays.com\/fr\/wp-json\/wp\/v2\/categories?post=338248"},{"taxonomy":"post_tag","embeddable":true,"href":"https:\/\/www.europesays.com\/fr\/wp-json\/wp\/v2\/tags?post=338248"}],"curies":[{"name":"wp","href":"https:\/\/api.w.org\/{rel}","templated":true}]}}