{"id":338251,"date":"2025-08-23T10:04:10","date_gmt":"2025-08-23T10:04:10","guid":{"rendered":"https:\/\/www.europesays.com\/fr\/338251\/"},"modified":"2025-08-23T10:04:10","modified_gmt":"2025-08-23T10:04:10","slug":"choux-saveurs-vanille-mille-feuilles-religieuses-la-liste-complete-des-56-produits-alimentaires-rappeles-cette-semaine-le-figaro","status":"publish","type":"post","link":"https:\/\/www.europesays.com\/fr\/338251\/","title":{"rendered":"Choux saveurs vanille, Mille feuilles, Religieuses&#8230; la liste compl\u00e8te des 56 produits alimentaires rappel\u00e9s cette semaine &#8211; Le Figaro"},"content":{"rendered":"<ol>\n<li><a href=\"https:\/\/news.google.com\/rss\/articles\/CBMi7gFBVV95cUxNUElCbDdVTUM0emFvT05ORWY2blZELTU3UFNJeWxfVGJqa0M5QmRCdGVLdVRoeW5EZnZobmhWRGhteHJLUHlreFBYUXpVTE5QaWNQNGVNamZ5LV9vNms1ZFY1WnJubFpCbldhRW9FWlFCcGtQemFtTWFJOE42RzZxNktXZ3AwRzV1Z3J3ZjBOMkJiUG1RWGVJdENCZzg5MGRxbGVOdmQtd21YbEpWcG9UV0NZQ01QcjVzdnlDVWtFZmEzRW82UEZZR3BNZ1ZXQUMtYkFUUnVJeVUwM2hsdXpoUjlzOGdnZmw5MUtOcWNR?oc=5\" target=\"_blank\" rel=\"nofollow noopener\">Choux saveurs vanille, Mille feuilles, Religieuses&#8230; la liste compl\u00e8te des 56 produits alimentaires rappel\u00e9s cette semaine<\/a>&nbsp;&nbsp;Le Figaro<\/li>\n<li><a href=\"https:\/\/news.google.com\/rss\/articles\/CBMi7gFBVV95cUxNdUR1S0F2SWxVdlpLby1XcWZlSjJiSkxyVzk1Y0NjTzZ4eUhRWHVhSTc1dm15aGVMU3dtY01GUi1WYWtDdlBZMGdjTFNxWWhkNjhlSF9Kc3BvMlJZNVJxNXVaaURCOHN5X0xPYVhBeFgzelk3OTJ5MDNlQk9WWk81R0ZfRFZLajYteUQyZGpMekF6c1NrbEVVUDhTVkl1N1VXeEpBb2V6M0hnOU91SlQwZ2pxekt4YlpycWZwVEVNMDc0aS1CQm9FQm5SZ0VBLWtrNGY4VjdEak9aVmlUQzJXR2ZqWWRaNDVCMHZ0VFBR?oc=5\" target=\"_blank\" rel=\"nofollow noopener\">Listeria : plusieurs produits vendus dans ce Leclerc de Lorraine ne doivent surtout pas \u00eatre consomm\u00e9s<\/a>&nbsp;&nbsp;Actu.fr<\/li>\n<li><a href=\"https:\/\/news.google.com\/rss\/articles\/CBMi8wFBVV95cUxNS1hYbDFJOHExWnJlOEdlUnlGOVIxVENTVXBndHNObWhMbU90bmd6YTdlQ0ZzczB5OTllS3VIaXg0WTMyTW95ZzlaeDVrUnhRNXQyUVJlaHhTLTZTbnNXZlA5Y3p6aW00ZXJUTjRLNk1DVklwSHpITVlDWk9JS3EyM1lFUlVieFZ0MmdsUEZHUTZRNktXR01ZVEFFRm5lVlBFeTc3OHJNNDZJNVg4V3BNbm9iVTZXMkNKdnRRem5TaHc3TVdXSUpSUFhvOEhpYzYwVmhIQWo0U0Q2ellWMUxWV01sdzJ5N2s0NFVwdWdobXh3bUE?oc=5\" target=\"_blank\" rel=\"nofollow noopener\">Alerte sant\u00e9 : rappel urgent d\u2019\u00e9clairs au cacao E. Leclerc en raison d\u2019un risque de list\u00e9riose<\/a>&nbsp;&nbsp;MSN<\/li>\n<li><a href=\"https:\/\/news.google.com\/rss\/articles\/CBMiswFBVV95cUxPU3l5MmdVb2V4eW5abUFncElqNTdTeWZUc0owWmM2TWVvWExvVkpSWEgzVnUzWm43VTF1czFobVR6SXh0V2gwSlZ4MEszSVI2U3R1Q1lwQmtZaUdxN01fNjJISW5wRktfM1o2cHRKSnM2U0NnbXJQLVR4VlhqTlJ5QllRNDQ4MW1Jc1BGVlkyT09acGFqdlhLby1ZU0JSWXI3MWR0N2JiRlVvN3NIZkJ3bmJtSQ?oc=5\" target=\"_blank\" rel=\"nofollow noopener\">Choux, \u00e9clairs\u2026 des p\u00e2tisseries rappel\u00e9es chez Leclerc pour risque de listeria<\/a>&nbsp;&nbsp;Capital.fr<\/li>\n<li><a href=\"https:\/\/news.google.com\/rss\/articles\/CBMitgFBVV95cUxNWTNrYW5PYTFUVUtrZkpRc0NQUUxqYlQ5dVlraWk2SENRMVYxQV9xZExSMGU1WllDczBqRFBzcFAwQ29tckx2N296SnA0ejZYRlNackdvYXpIQjY1ZFNMbjVMTUFUMGRFeXJmN2JLY0FyOFZLTXhYaUFfY0hsdEw2cURiQnk1bmR1d0NWdTlXa2pvdWxYTlRGb3YxS3NzQjV5THJNTDI1WWhZaU9PdUppM0Ytb3JXdw?oc=5\" target=\"_blank\" rel=\"nofollow noopener\">Thionville : produits rappel\u00e9s pour suspicion de pr\u00e9sence de List\u00e9ria<\/a>&nbsp;&nbsp;lorfm.com<\/li>\n<\/ol>\n","protected":false},"excerpt":{"rendered":"Choux saveurs vanille, Mille feuilles, Religieuses&#8230; la liste compl\u00e8te des 56 produits alimentaires rappel\u00e9s cette semaine&nbsp;&nbsp;Le Figaro Listeria&hellip;\n","protected":false},"author":2,"featured_media":338252,"comment_status":"","ping_status":"","sticky":false,"template":"","format":"standard","meta":{"footnotes":""},"categories":[7],"tags":[1011,27,15693,27868,19804,43,40,41,39,42,44],"class_list":{"0":"post-338251","1":"post","2":"type-post","3":"status-publish","4":"format-standard","5":"has-post-thumbnail","7":"category-sciences-et-technologies","8":"tag-fr","9":"tag-france","10":"tag-hydrocarbures","11":"tag-listeria","12":"tag-rappel-conso","13":"tag-science","14":"tag-science-and-technology","15":"tag-sciences","16":"tag-sciences-et-technologies","17":"tag-technologies","18":"tag-technology"},"share_on_mastodon":{"url":"https:\/\/pubeurope.com\/@fr\/115077517363437794","error":""},"_links":{"self":[{"href":"https:\/\/www.europesays.com\/fr\/wp-json\/wp\/v2\/posts\/338251","targetHints":{"allow":["GET"]}}],"collection":[{"href":"https:\/\/www.europesays.com\/fr\/wp-json\/wp\/v2\/posts"}],"about":[{"href":"https:\/\/www.europesays.com\/fr\/wp-json\/wp\/v2\/types\/post"}],"author":[{"embeddable":true,"href":"https:\/\/www.europesays.com\/fr\/wp-json\/wp\/v2\/users\/2"}],"replies":[{"embeddable":true,"href":"https:\/\/www.europesays.com\/fr\/wp-json\/wp\/v2\/comments?post=338251"}],"version-history":[{"count":0,"href":"https:\/\/www.europesays.com\/fr\/wp-json\/wp\/v2\/posts\/338251\/revisions"}],"wp:featuredmedia":[{"embeddable":true,"href":"https:\/\/www.europesays.com\/fr\/wp-json\/wp\/v2\/media\/338252"}],"wp:attachment":[{"href":"https:\/\/www.europesays.com\/fr\/wp-json\/wp\/v2\/media?parent=338251"}],"wp:term":[{"taxonomy":"category","embeddable":true,"href":"https:\/\/www.europesays.com\/fr\/wp-json\/wp\/v2\/categories?post=338251"},{"taxonomy":"post_tag","embeddable":true,"href":"https:\/\/www.europesays.com\/fr\/wp-json\/wp\/v2\/tags?post=338251"}],"curies":[{"name":"wp","href":"https:\/\/api.w.org\/{rel}","templated":true}]}}