{"id":338267,"date":"2025-08-23T10:13:10","date_gmt":"2025-08-23T10:13:10","guid":{"rendered":"https:\/\/www.europesays.com\/fr\/338267\/"},"modified":"2025-08-23T10:13:10","modified_gmt":"2025-08-23T10:13:10","slug":"le-tunnel-de-toulon-ferme-dans-les-deux-sens-en-raison-dun-incendie","status":"publish","type":"post","link":"https:\/\/www.europesays.com\/fr\/338267\/","title":{"rendered":"Le tunnel de Toulon ferm\u00e9 dans les deux sens en raison d&rsquo;un incendie"},"content":{"rendered":"<p>Depuis 10h30 le tunnel de Toulon est ferm\u00e9 dans les deux sens de circulation ce samedi 23 ao\u00fbt. A l\u2019origine de ce blocage, un v\u00e9hicule l\u00e9ger qui a pris feu dans le tube sud du tunnel.<\/p>\n<p>Le feu de voiture \u00e9tait \u00e9teint \u00e0 l\u2019arriv\u00e9e des secours sur place<\/p>\n<p>Les sapeurs-pompiers ont constat\u00e9 que le feu \u00e9tait bien \u00e9teint et ont s\u00e9curis\u00e9 la zone dans l\u2019attente du d\u00e9panneur. Aucun bless\u00e9 n\u2019est \u00e0 d\u00e9plorer.<\/p>\n<p>Des bouchons de part et d\u2019autre du tunnel engendrent un ralentissement d\u2019au moins 40 minutes dans les deux sens de circulation, avec un passage obligatoire par le centre-ville de Toulon.<\/p>\n<p>\u00a0<\/p>\n<p>En ce samedi noir dans le sens des retours pour le pourtour m\u00e9diterran\u00e9en, ce feu de v\u00e9hicule dans le tunnel de Toulon vient perturber davantage la circulation dans la capitale du Var.<\/p>\n","protected":false},"excerpt":{"rendered":"Depuis 10h30 le tunnel de Toulon est ferm\u00e9 dans les deux sens de circulation ce samedi 23 ao\u00fbt.&hellip;\n","protected":false},"author":2,"featured_media":36562,"comment_status":"","ping_status":"","sticky":false,"template":"","format":"standard","meta":{"footnotes":""},"categories":[9619],"tags":[1111,11,1777,674,118,1011,27,12,882,25,2310],"class_list":{"0":"post-338267","1":"post","2":"type-post","3":"status-publish","4":"format-standard","5":"has-post-thumbnail","7":"category-toulon","8":"tag-actu","9":"tag-actualites","10":"tag-eu","11":"tag-europe","12":"tag-faits-divers","13":"tag-fr","14":"tag-france","15":"tag-news","16":"tag-provence-alpes-cote-dazur","17":"tag-republique-francaise","18":"tag-toulon"},"share_on_mastodon":{"url":"https:\/\/pubeurope.com\/@fr\/115077552778964052","error":""},"_links":{"self":[{"href":"https:\/\/www.europesays.com\/fr\/wp-json\/wp\/v2\/posts\/338267","targetHints":{"allow":["GET"]}}],"collection":[{"href":"https:\/\/www.europesays.com\/fr\/wp-json\/wp\/v2\/posts"}],"about":[{"href":"https:\/\/www.europesays.com\/fr\/wp-json\/wp\/v2\/types\/post"}],"author":[{"embeddable":true,"href":"https:\/\/www.europesays.com\/fr\/wp-json\/wp\/v2\/users\/2"}],"replies":[{"embeddable":true,"href":"https:\/\/www.europesays.com\/fr\/wp-json\/wp\/v2\/comments?post=338267"}],"version-history":[{"count":0,"href":"https:\/\/www.europesays.com\/fr\/wp-json\/wp\/v2\/posts\/338267\/revisions"}],"wp:featuredmedia":[{"embeddable":true,"href":"https:\/\/www.europesays.com\/fr\/wp-json\/wp\/v2\/media\/36562"}],"wp:attachment":[{"href":"https:\/\/www.europesays.com\/fr\/wp-json\/wp\/v2\/media?parent=338267"}],"wp:term":[{"taxonomy":"category","embeddable":true,"href":"https:\/\/www.europesays.com\/fr\/wp-json\/wp\/v2\/categories?post=338267"},{"taxonomy":"post_tag","embeddable":true,"href":"https:\/\/www.europesays.com\/fr\/wp-json\/wp\/v2\/tags?post=338267"}],"curies":[{"name":"wp","href":"https:\/\/api.w.org\/{rel}","templated":true}]}}