{"id":338268,"date":"2025-08-23T10:14:11","date_gmt":"2025-08-23T10:14:11","guid":{"rendered":"https:\/\/www.europesays.com\/fr\/338268\/"},"modified":"2025-08-23T10:14:11","modified_gmt":"2025-08-23T10:14:11","slug":"franck-azema-savoure-la-large-victoire-remportee-contre-toulon","status":"publish","type":"post","link":"https:\/\/www.europesays.com\/fr\/338268\/","title":{"rendered":"Franck Az\u00e9ma savoure la large victoire remport\u00e9e contre Toulon"},"content":{"rendered":"<p>Ce vendredi soir, l\u2019USAP s\u2019est largement impos\u00e9e contre le Rugby Club Toulonnais, \u00e0 Aim\u00e9-Giral, dans le cadre d\u2019un match amical de pr\u00e9saison.<\/p>\n<p>Les Catalans l\u2019ont emport\u00e9 sur le score de 50 \u00e0 19.<\/p>\n<p>Interrog\u00e9 via Var-matin \u00e0 l\u2019issue de la rencontre, le manager de l\u2019USAP, Franck Az\u00e9ma a savour\u00e9 cette victoire.<\/p>\n<p><strong>A lire ci-dessous :<\/strong><\/p>\n<p>\u00ab\u00a0Evidemment que ce n\u2019est qu\u2019un match amical, mais c\u2019est toujours positif de gagner. C\u2019est bon pour la confiance m\u00eame si on sait qu\u2019on a beaucoup de travail devant nous. On a valid\u00e9 physiquement et \u00e0 travers du jeu ce qu\u2019on travaille depuis le d\u00e9but de la pr\u00e9paration. <\/p>\n<p>J\u2019ai aim\u00e9 la dynamique du paquet d\u2019avants, la capacit\u00e9 \u00e0 occuper, quelques bons duels. On sait aussi que Toulon a repris bien plus tard que nous. On avait un peu d\u2019avance dans ce domaine.\u00a0\u00bb<\/p>\n","protected":false},"excerpt":{"rendered":"Ce vendredi soir, l\u2019USAP s\u2019est largement impos\u00e9e contre le Rugby Club Toulonnais, \u00e0 Aim\u00e9-Giral, dans le cadre d\u2019un&hellip;\n","protected":false},"author":2,"featured_media":338269,"comment_status":"","ping_status":"","sticky":false,"template":"","format":"standard","meta":{"footnotes":""},"categories":[9619],"tags":[1111,11,1777,674,1011,27,12,882,25,2310],"class_list":{"0":"post-338268","1":"post","2":"type-post","3":"status-publish","4":"format-standard","5":"has-post-thumbnail","7":"category-toulon","8":"tag-actu","9":"tag-actualites","10":"tag-eu","11":"tag-europe","12":"tag-fr","13":"tag-france","14":"tag-news","15":"tag-provence-alpes-cote-dazur","16":"tag-republique-francaise","17":"tag-toulon"},"share_on_mastodon":{"url":"https:\/\/pubeurope.com\/@fr\/115077556720264202","error":""},"_links":{"self":[{"href":"https:\/\/www.europesays.com\/fr\/wp-json\/wp\/v2\/posts\/338268","targetHints":{"allow":["GET"]}}],"collection":[{"href":"https:\/\/www.europesays.com\/fr\/wp-json\/wp\/v2\/posts"}],"about":[{"href":"https:\/\/www.europesays.com\/fr\/wp-json\/wp\/v2\/types\/post"}],"author":[{"embeddable":true,"href":"https:\/\/www.europesays.com\/fr\/wp-json\/wp\/v2\/users\/2"}],"replies":[{"embeddable":true,"href":"https:\/\/www.europesays.com\/fr\/wp-json\/wp\/v2\/comments?post=338268"}],"version-history":[{"count":0,"href":"https:\/\/www.europesays.com\/fr\/wp-json\/wp\/v2\/posts\/338268\/revisions"}],"wp:featuredmedia":[{"embeddable":true,"href":"https:\/\/www.europesays.com\/fr\/wp-json\/wp\/v2\/media\/338269"}],"wp:attachment":[{"href":"https:\/\/www.europesays.com\/fr\/wp-json\/wp\/v2\/media?parent=338268"}],"wp:term":[{"taxonomy":"category","embeddable":true,"href":"https:\/\/www.europesays.com\/fr\/wp-json\/wp\/v2\/categories?post=338268"},{"taxonomy":"post_tag","embeddable":true,"href":"https:\/\/www.europesays.com\/fr\/wp-json\/wp\/v2\/tags?post=338268"}],"curies":[{"name":"wp","href":"https:\/\/api.w.org\/{rel}","templated":true}]}}