{"id":338278,"date":"2025-08-23T10:21:57","date_gmt":"2025-08-23T10:21:57","guid":{"rendered":"https:\/\/www.europesays.com\/fr\/338278\/"},"modified":"2025-08-23T10:21:57","modified_gmt":"2025-08-23T10:21:57","slug":"pro-d2-saga-grenoble-surnomme-le-clermont-de-la-pro-d2-leternel-retour-du-fcg","status":"publish","type":"post","link":"https:\/\/www.europesays.com\/fr\/338278\/","title":{"rendered":"Pro D2 &#8211; Saga Grenoble. Surnomm\u00e9 le \u00ab\u00a0Clermont de la Pro D2\u00a0\u00bb, l\u2019\u00e9ternel retour du FCG"},"content":{"rendered":"<p>\n                Pour la troisi\u00e8me saison cons\u00e9cutive, c\u2019est apr\u00e8s une double d\u00e9convenue majuscule que le FCG se pr\u00e9sente sur la ligne de d\u00e9part du championnat. Avec, encore une fois, la crainte de ne pas trouver les ressources pour s\u2019en relever, apr\u00e8s un \u00e9t\u00e9 agit\u00e9\u2026\n            <\/p>\n<p>Des trois \u00e9t\u00e9s connus par Patrick Goffi depuis son retour \u00e0 la t\u00eate du FCG, cet \u00e9t\u00e9 2025 a de loin \u00e9t\u00e9 le plus calme, la bonne gestion financi\u00e8re du club lui ayant permis de passer sans encombres devant la CCCP, avec m\u00eame un l\u00e9ger exc\u00e9dent d\u2019exploitation. Mais m\u00e9fiez-vous des apparences : la d\u00e9ception d\u2019un troisi\u00e8me \u00ab\u00a0double \u00e9chec\u00a0\u00bb cons\u00e9cutif, qui lui vaut d\u00e9sormais chez ses rivaux le surnom du \u00ab\u00a0Clermont de la Pro D2\u00a0\u00bb, n\u2019a pas \u00e9t\u00e9 des plus simples \u00e0 appr\u00e9hender. \u00ab\u00a0La diff\u00e9rence, c\u2019est qu\u2019on ne joue pas en jaune, soufflait le pr\u00e9sident du FCG. Je ne pense pas que dans la vie d\u2019un autre club, \u00e7a existera encore de rater six fois de suite l\u2019accession en Top 14. On aura au moins ce record et les raisons, on les cherche encore. Ce serait dire n\u2019importe quoi que de dire que les joueurs n\u2019ont pas envie de monter. On a tout simplement r\u00e9alis\u00e9 l\u2019irr\u00e9alisable, ou manqu\u00e9 l\u2019immanquable, et on ne peut pas dire c\u2019est la faute \u00e0 pas de chance. On ne peut pas se retrancher derri\u00e8re l\u2019arbitrage, m\u00eame s\u2019il a \u00e9t\u00e9 nul. Tout le monde a une part de responsabilit\u00e9 et on se doit de travailler pour se faciliter la t\u00e2che. \u00c7a ne serait pas lucide de ne pas avoir de l\u2019inqui\u00e9tude. Relancer une dynamique, c\u2019est toujours compliqu\u00e9. Notre premier atout, c\u2019est que l\u2019\u00e9quipe a tr\u00e8s peu chang\u00e9. Mais la saison repart \u00e0 z\u00e9ro, et tout reste \u00e0 prouver pour de nouveau \u00eatre parmi les finalistes.\u00a0\u00bb<\/p>\n<p>D\u2019autant qu\u2019en mati\u00e8re extra-sportive, l\u2019\u00e9t\u00e9 a tout de m\u00eame \u00e9t\u00e9 tr\u00e8s anim\u00e9 au pied des Alpes, entre la suspension de terrain d\u2019un match prononc\u00e9e en premi\u00e8re instance (lire ci-contre), un mercato qui s\u2019est emball\u00e9 sur le tard, la querelle politique avec la P\u00e9tro concernant le retard du Stade des Alpes ou encore les soubresauts connus par le club au niveau de son Association\u2026 \u00ab\u00a0Pourtant, on avait termin\u00e9 tr\u00e8s t\u00f4t notre recrutement et les renouvellements de contrats, rembobinait Goffi. Mais on sait bien qu\u2019en fonction des r\u00e9sultats des uns et des autres, il y a toujours des clubs qui se manifestent au dernier moment pour prendre un joueur sous contrat. Du coup, c\u2019est toujours un peu compliqu\u00e9 de faire les choses dans l\u2019urgence.\u00a0\u00bb<\/p>\n<p>Le Stade des Alpes au c\u0153ur des d\u00e9bats<\/p>\n<p>Toutefois, l\u2019\u00e9pineux sujet du remplacement de Thomas Lainault s\u2019\u00e9tant (bien) termin\u00e9 avec l\u2019arriv\u00e9e de Tristant Labouteley apr\u00e8s les faux bonds de Fender et Roux, c\u2019est comme souvent l\u2019extra-sportif qui a concentr\u00e9 les crispations de l\u2019\u00e9t\u00e9\u2026 La premi\u00e8re d\u2019entre elles ? Ce fut, \u00e9videmment, cette suspension de terrain contre laquelle Goffi a souhait\u00e9 se battre. \u00ab\u00a0J\u2019ai d\u00e9cid\u00e9 de faire appel, on a justement \u00e9t\u00e9 entendus et on remercie la commission qui a \u00e9cout\u00e9 nos arguments, souriait Goffi. Cela va nous permettre de bien jouer notre premier match \u00e0 domicile au Stade des Alpes, et on attend avec impatience cette premi\u00e8re communion avec le public.\u00a0\u00bb Quand bien m\u00eame la question de la hausse du loyer du stade n\u2019est toujours pas pass\u00e9e\u2026 \u00ab\u00a0On est contraints et forc\u00e9s d\u2019accepter quelque chose qui nous semble inadmissible par rapport \u00e0 ce que tous les autres clubs en France payent. On n\u2019a pas eu d\u2019autre choix que de la r\u00e9percuter sur nos tarifs en instaurant la \u00ab\u00a0taxe M\u00e9tro-Ferrari\u00a0\u00bb. Derri\u00e8re \u00e7a, effectivement, l\u2019avenir va nous dire \u00e0 quoi va ressembler la relation que l\u2019on a avec cette institution, parce qu\u2019avec le Conseil G\u00e9n\u00e9ral, la R\u00e9gion ou la mairie, tout se passe tr\u00e8s bien.\u00a0\u00bb Il est toutefois acquis que pour l\u2019heure, l\u2019augmentation des tarifs n\u2019a pas \u00e9t\u00e9 pr\u00e9judiciable, le club enregistrant 20 % d\u2019abonnements en plus (\u00e0 l\u2019heure o\u00f9 nous \u00e9crivons ces lignes) par rapport \u00e0 la saison derni\u00e8re.<\/p>\n<p>Un nouveau pr\u00e9sident \u00e0 l\u2019Association<\/p>\n<p>In fine ? Le sujet le plus sensible aura probablement \u00e9t\u00e9 le moins m\u00e9diatique, concernant le fleuron du club que demeure sa section amateur, \u00e0 laquelle est affili\u00e9e sa formation. \u00ab\u00a0L\u2019Association a un d\u00e9ficit qui est tr\u00e8s lourd depuis plusieurs saisons, que la SASP doit combler. Il \u00e9tait hors de question pour nous, apr\u00e8s trois ann\u00e9es encore de r\u00e9sultats n\u00e9gatifs \u00e0 l\u2019Association, qu\u2019on laisse perdurer cette situation et qu\u2019il fallait absolument remettre en place, je dirais, une direction et un conseil d\u2019administration qui va \u00eatre en charge d\u2019amener des ressources pour combler le d\u00e9ficit restant.\u00a0\u00bb C\u2019est ainsi que Jean-Pierre Henry et \u00c9ric Farrat ont \u00e9t\u00e9 pouss\u00e9s \u00e0 la d\u00e9mission avant d\u2019\u00eatre remplac\u00e9s d\u2019ici quelques jours par un nouveau pr\u00e9sident, qui serait accompagn\u00e9 selon nos sources d\u2019embl\u00e9matiques anciens joueurs d\u00e9sireux de se r\u00e9investir au club. \u00ab\u00a0Avec Laurent P\u00e9lissier (pr\u00e9sident du Conseil de Surveillance, N.D.L.R.) qui a pris la t\u00eate des Amazones, les trois sections du club seront dans la m\u00eame dynamique et tireront dans la m\u00eame direction. Le remaniement va dans ce sens et \u00e7a se pr\u00e9sente plut\u00f4t tr\u00e8s bien.\u00a0\u00bb Le d\u00e9tail qui manquait pour enfin viser plus haut ? Allez savoir\u2026<\/p>\n","protected":false},"excerpt":{"rendered":"Pour la troisi\u00e8me saison cons\u00e9cutive, c\u2019est apr\u00e8s une double d\u00e9convenue majuscule que le FCG se pr\u00e9sente sur la&hellip;\n","protected":false},"author":2,"featured_media":338279,"comment_status":"","ping_status":"","sticky":false,"template":"","format":"standard","meta":{"footnotes":""},"categories":[9566],"tags":[1111,11,2430,1777,674,1011,27,2731,12,25],"class_list":{"0":"post-338278","1":"post","2":"type-post","3":"status-publish","4":"format-standard","5":"has-post-thumbnail","7":"category-grenoble","8":"tag-actu","9":"tag-actualites","10":"tag-auvergne-rhone-alpes","11":"tag-eu","12":"tag-europe","13":"tag-fr","14":"tag-france","15":"tag-grenoble","16":"tag-news","17":"tag-republique-francaise"},"share_on_mastodon":{"url":"https:\/\/pubeurope.com\/@fr\/115077588091038243","error":""},"_links":{"self":[{"href":"https:\/\/www.europesays.com\/fr\/wp-json\/wp\/v2\/posts\/338278","targetHints":{"allow":["GET"]}}],"collection":[{"href":"https:\/\/www.europesays.com\/fr\/wp-json\/wp\/v2\/posts"}],"about":[{"href":"https:\/\/www.europesays.com\/fr\/wp-json\/wp\/v2\/types\/post"}],"author":[{"embeddable":true,"href":"https:\/\/www.europesays.com\/fr\/wp-json\/wp\/v2\/users\/2"}],"replies":[{"embeddable":true,"href":"https:\/\/www.europesays.com\/fr\/wp-json\/wp\/v2\/comments?post=338278"}],"version-history":[{"count":0,"href":"https:\/\/www.europesays.com\/fr\/wp-json\/wp\/v2\/posts\/338278\/revisions"}],"wp:featuredmedia":[{"embeddable":true,"href":"https:\/\/www.europesays.com\/fr\/wp-json\/wp\/v2\/media\/338279"}],"wp:attachment":[{"href":"https:\/\/www.europesays.com\/fr\/wp-json\/wp\/v2\/media?parent=338278"}],"wp:term":[{"taxonomy":"category","embeddable":true,"href":"https:\/\/www.europesays.com\/fr\/wp-json\/wp\/v2\/categories?post=338278"},{"taxonomy":"post_tag","embeddable":true,"href":"https:\/\/www.europesays.com\/fr\/wp-json\/wp\/v2\/tags?post=338278"}],"curies":[{"name":"wp","href":"https:\/\/api.w.org\/{rel}","templated":true}]}}