{"id":338308,"date":"2025-08-23T10:38:11","date_gmt":"2025-08-23T10:38:11","guid":{"rendered":"https:\/\/www.europesays.com\/fr\/338308\/"},"modified":"2025-08-23T10:38:11","modified_gmt":"2025-08-23T10:38:11","slug":"une-nouvelle-piste-importante-pour-rabiot","status":"publish","type":"post","link":"https:\/\/www.europesays.com\/fr\/338308\/","title":{"rendered":"Une nouvelle piste importante pour Rabiot"},"content":{"rendered":"<p data-start=\"176\" data-end=\"430\"><strong>L\u2019avenir d\u2019Adrien Rabiot \u00e0 l\u2019Olympique de Marseille continue d\u2019alimenter les sp\u00e9culations. Alors que le milieu international fran\u00e7ais a \u00e9t\u00e9 mis \u00e0 l\u2019\u00e9cart apr\u00e8s son altercation avec Jonathan Rowe, son nom circule d\u00e9sormais avec insistance en Italie.<\/strong><\/p>\n<p data-start=\"471\" data-end=\"813\">Selon les informations du journaliste italien <strong data-start=\"515\" data-end=\"534\">Alfredo Pedull\u00e0<\/strong>, le <strong data-start=\"539\" data-end=\"549\">Napoli<\/strong> s\u2019est directement renseign\u00e9 ce vendredi sur la situation du joueur aupr\u00e8s de sa m\u00e8re et agent, <strong data-start=\"646\" data-end=\"666\">V\u00e9ronique Rabiot<\/strong>. Une premi\u00e8re prise de contact qui t\u00e9moigne de l\u2019int\u00e9r\u00eat du club champion d\u2019Italie 2023, en qu\u00eate de renforts au milieu pour la nouvelle saison.<\/p>\n<p data-start=\"471\" data-end=\"813\">\n<p>Milan toujours attentif<\/p>\n<p data-start=\"845\" data-end=\"1221\">Le <strong data-start=\"848\" data-end=\"860\">Milan AC<\/strong> n\u2019a pas non plus abandonn\u00e9 la piste. Le club rossonero suit le dossier de pr\u00e8s, pr\u00eat \u00e0 profiter du contexte tendu entre Rabiot et l\u2019OM pour s\u2019immiscer dans la bataille.<br data-start=\"1029\" data-end=\"1032\"\/>Le journaliste <strong data-start=\"1047\" data-end=\"1065\">Matteo Moretto<\/strong> a d\u2019ailleurs pr\u00e9cis\u00e9 : \u00ab Allegri estime \u00e9norm\u00e9ment Adrien Rabiot, il faudra voir dans les prochaines semaines si cela deviendra une piste pour Milan. \u00bb<\/p>\n<p data-start=\"845\" data-end=\"1221\">A lire aussi :\u00a0<a href=\"https:\/\/www.footballclubdemarseille.fr\/om-actualites\/%f0%9f%92%a5mercato-om-rowe-cest-regle-rabiot-ounahi-tsimikas-ordonez-zhegrova-cest-non-le-temps-presse.html\" rel=\"nofollow noopener\" target=\"_blank\">\ud83d\udca5Mercato OM : Qui pour remplacer Rabiot ? Les dossiers chauds Tsimikas, Ordonez, Zhegrova\u2026<\/a><\/p>\n<p>Une porte de sortie par la Serie A ?<\/p>\n<p data-start=\"1266\" data-end=\"1484\">L\u2019Italie, que Rabiot conna\u00eet bien pour y avoir \u00e9volu\u00e9 plusieurs saisons \u00e0 la Juventus, pourrait offrir une porte de sortie id\u00e9ale. Son exp\u00e9rience et son profil de milieu complet s\u00e9duisent plusieurs clubs transalpins.<\/p>\n<p data-start=\"1511\" data-end=\"1772\">De son c\u00f4t\u00e9, l\u2019Olympique de Marseille esp\u00e8re r\u00e9cup\u00e9rer un cheque de l\u2019ordre de 15 millions d\u2019euros sur le transfert d\u2019Adrien Rabiot<\/p>\n<p data-start=\"1774\" data-end=\"1889\">Le mercato marseillais prend donc une tournure encore plus agit\u00e9e, avec deux cadors italiens d\u00e9sormais \u00e0 l\u2019aff\u00fbt.<\/p>\n<blockquote class=\"twitter-tweet-lazy\">\n<p dir=\"ltr\" lang=\"fr\">\ud83d\udea8 selon <a href=\"https:\/\/twitter.com\/86_longo?ref_src=twsrc%5Etfw\" rel=\"nofollow noopener\" target=\"_blank\">@86_longo<\/a> , l\u2019OM reste actif pour Isma\u00ebl Bennacer<br \/>de nouveaux contacts ont \u00e9t\u00e9 \u00e9tablis !<a href=\"https:\/\/twitter.com\/hashtag\/TeamOM?src=hash&amp;ref_src=twsrc%5Etfw\" rel=\"nofollow noopener\" target=\"_blank\">#TeamOM<\/a> <a href=\"https:\/\/twitter.com\/hashtag\/mercatom?src=hash&amp;ref_src=twsrc%5Etfw\" rel=\"nofollow noopener\" target=\"_blank\">#mercatom<\/a> <a href=\"https:\/\/t.co\/aHstaGYLe3\" rel=\"nofollow\">pic.twitter.com\/aHstaGYLe3<\/a><\/p>\n<p>\u2014 Football Club de Marseille (@FCMarseille) <a href=\"https:\/\/twitter.com\/FCMarseille\/status\/1958976112056574115?ref_src=twsrc%5Etfw\" rel=\"nofollow noopener\" target=\"_blank\">August 22, 2025<\/a><\/p>\n<\/blockquote>\n<p data-start=\"1774\" data-end=\"1889\">A lire aussi :\u00a0<a href=\"https:\/\/www.footballclubdemarseille.fr\/om-actualites\/om-paris-fc-quelle-heure-quelle-chaine-tv-streaming.html\" rel=\"nofollow noopener\" target=\"_blank\">OM \u2013 Paris FC : Quelle heure, quelle chaine TV (streaming) ?<\/a><\/p>\n<p>            <script async src=\"https:\/\/platform.twitter.com\/widgets.js\" charset=\"utf-8\"><\/script><\/p>\n","protected":false},"excerpt":{"rendered":"L\u2019avenir d\u2019Adrien Rabiot \u00e0 l\u2019Olympique de Marseille continue d\u2019alimenter les sp\u00e9culations. Alors que le milieu international fran\u00e7ais a&hellip;\n","protected":false},"author":2,"featured_media":13073,"comment_status":"","ping_status":"","sticky":false,"template":"","format":"standard","meta":{"footnotes":""},"categories":[2814],"tags":[1111,11,1777,674,1011,27,884,12,882,25],"class_list":{"0":"post-338308","1":"post","2":"type-post","3":"status-publish","4":"format-standard","5":"has-post-thumbnail","7":"category-marseille","8":"tag-actu","9":"tag-actualites","10":"tag-eu","11":"tag-europe","12":"tag-fr","13":"tag-france","14":"tag-marseille","15":"tag-news","16":"tag-provence-alpes-cote-dazur","17":"tag-republique-francaise"},"share_on_mastodon":{"url":"https:\/\/pubeurope.com\/@fr\/115077651131594521","error":""},"_links":{"self":[{"href":"https:\/\/www.europesays.com\/fr\/wp-json\/wp\/v2\/posts\/338308","targetHints":{"allow":["GET"]}}],"collection":[{"href":"https:\/\/www.europesays.com\/fr\/wp-json\/wp\/v2\/posts"}],"about":[{"href":"https:\/\/www.europesays.com\/fr\/wp-json\/wp\/v2\/types\/post"}],"author":[{"embeddable":true,"href":"https:\/\/www.europesays.com\/fr\/wp-json\/wp\/v2\/users\/2"}],"replies":[{"embeddable":true,"href":"https:\/\/www.europesays.com\/fr\/wp-json\/wp\/v2\/comments?post=338308"}],"version-history":[{"count":0,"href":"https:\/\/www.europesays.com\/fr\/wp-json\/wp\/v2\/posts\/338308\/revisions"}],"wp:featuredmedia":[{"embeddable":true,"href":"https:\/\/www.europesays.com\/fr\/wp-json\/wp\/v2\/media\/13073"}],"wp:attachment":[{"href":"https:\/\/www.europesays.com\/fr\/wp-json\/wp\/v2\/media?parent=338308"}],"wp:term":[{"taxonomy":"category","embeddable":true,"href":"https:\/\/www.europesays.com\/fr\/wp-json\/wp\/v2\/categories?post=338308"},{"taxonomy":"post_tag","embeddable":true,"href":"https:\/\/www.europesays.com\/fr\/wp-json\/wp\/v2\/tags?post=338308"}],"curies":[{"name":"wp","href":"https:\/\/api.w.org\/{rel}","templated":true}]}}