{"id":338309,"date":"2025-08-23T10:39:12","date_gmt":"2025-08-23T10:39:12","guid":{"rendered":"https:\/\/www.europesays.com\/fr\/338309\/"},"modified":"2025-08-23T10:39:12","modified_gmt":"2025-08-23T10:39:12","slug":"rhone-lexplosion-du-nombre-de-cas-dhepatites-a-a-lyon-reste-inexpliquee-des-investigations-en-cours","status":"publish","type":"post","link":"https:\/\/www.europesays.com\/fr\/338309\/","title":{"rendered":"Rh\u00f4ne. L\u2019explosion du nombre de cas d\u2019h\u00e9patites A \u00e0 Lyon reste inexpliqu\u00e9e, des investigations en cours"},"content":{"rendered":"<p>Le nombre de cas d\u2019h\u00e9patites A a augment\u00e9 de +\u00a0356\u00a0% dans le d\u00e9partement du Rh\u00f4ne en un an. Ces cas sont \u00ab\u00a0majoritairement localis\u00e9s dans la ville de Lyon et plus sp\u00e9cifiquement au niveau du 7e arrondissement\u00a0\u00bb, indiquait la Direction g\u00e9n\u00e9rale de sant\u00e9 dans une communication aux professionnels de sant\u00e9, diffus\u00e9e ce 19\u00a0ao\u00fbt.<\/p>\n<p>\u00a0\u00ab\u00a0Plusieurs cha\u00eenes de transmission font actuellement l\u2019objet d\u2019investigations par l\u2019Agence r\u00e9gionale de sant\u00e9 et Sant\u00e9 publique France, sans qu\u2019une hypoth\u00e8se unique puisse \u00eatre isol\u00e9e \u00e0 ce stade. Il s\u2019agit a priori d\u2019un ph\u00e9nom\u00e8ne multifactoriel qui touche des profils diff\u00e9rents\u00a0\u00bb, pr\u00e9cise, ce 22\u00a0ao\u00fbt, l\u2019ARS, sollicit\u00e9e par Le Progr\u00e8s.<\/p>\n<p>  Comment r\u00e9duire les risques de contamination<\/p>\n<p><a href=\"https:\/\/www.leprogres.fr\/sante\/2025\/08\/20\/le-nombre-de-cas-d-hepatites-a-en-hausse-de-356-dans-le-rhone\" target=\"_blank\" rel=\"nofollow noopener\">L\u2019h\u00e9patite A,<\/a> qui se transmet par voie oro-f\u00e9cale, peut se manifester par la pr\u00e9sence de fi\u00e8vre, douleurs abdominales, naus\u00e9es, perte d\u2019app\u00e9tit, asth\u00e9nie et ict\u00e8re.<\/p>\n<p><a href=\"https:\/\/www.leprogres.fr\/sante\/2025\/08\/06\/recrudescence-des-cas-d-hepatite-a-en-region-lyonnaise-voici-les-bons-gestes-a-adopter\" target=\"_blank\" rel=\"nofollow noopener\">Pour r\u00e9duire les risques de contamination<\/a>, il faut se laver les mains r\u00e9guli\u00e8rement \u00e0 l\u2019eau et au savon, en particulier avant les repas et apr\u00e8s le passage aux toilettes\u00a0; veiller \u00e0 la propret\u00e9 des aliments, notamment en les lavant avec une eau potable et non souill\u00e9e\u00a0; \u00e9viter la consommation de fruits de mer crus ou peu cuits.<\/p>\n","protected":false},"excerpt":{"rendered":"Le nombre de cas d\u2019h\u00e9patites A a augment\u00e9 de +\u00a0356\u00a0% dans le d\u00e9partement du Rh\u00f4ne en un an.&hellip;\n","protected":false},"author":2,"featured_media":338310,"comment_status":"","ping_status":"","sticky":false,"template":"","format":"standard","meta":{"footnotes":""},"categories":[1889],"tags":[1111,11,2430,2757,1777,674,107,1011,27,2428,2756,12,25,2429,71],"class_list":{"0":"post-338309","1":"post","2":"type-post","3":"status-publish","4":"format-standard","5":"has-post-thumbnail","7":"category-lyon","8":"tag-actu","9":"tag-actualites","10":"tag-auvergne-rhone-alpes","11":"tag-edition-lyon-villeurbanne","12":"tag-eu","13":"tag-europe","14":"tag-fil-info","15":"tag-fr","16":"tag-france","17":"tag-lyon","18":"tag-lyon-bassin","19":"tag-news","20":"tag-republique-francaise","21":"tag-rhone","22":"tag-sante"},"share_on_mastodon":{"url":"https:\/\/pubeurope.com\/@fr\/115077655042868658","error":""},"_links":{"self":[{"href":"https:\/\/www.europesays.com\/fr\/wp-json\/wp\/v2\/posts\/338309","targetHints":{"allow":["GET"]}}],"collection":[{"href":"https:\/\/www.europesays.com\/fr\/wp-json\/wp\/v2\/posts"}],"about":[{"href":"https:\/\/www.europesays.com\/fr\/wp-json\/wp\/v2\/types\/post"}],"author":[{"embeddable":true,"href":"https:\/\/www.europesays.com\/fr\/wp-json\/wp\/v2\/users\/2"}],"replies":[{"embeddable":true,"href":"https:\/\/www.europesays.com\/fr\/wp-json\/wp\/v2\/comments?post=338309"}],"version-history":[{"count":0,"href":"https:\/\/www.europesays.com\/fr\/wp-json\/wp\/v2\/posts\/338309\/revisions"}],"wp:featuredmedia":[{"embeddable":true,"href":"https:\/\/www.europesays.com\/fr\/wp-json\/wp\/v2\/media\/338310"}],"wp:attachment":[{"href":"https:\/\/www.europesays.com\/fr\/wp-json\/wp\/v2\/media?parent=338309"}],"wp:term":[{"taxonomy":"category","embeddable":true,"href":"https:\/\/www.europesays.com\/fr\/wp-json\/wp\/v2\/categories?post=338309"},{"taxonomy":"post_tag","embeddable":true,"href":"https:\/\/www.europesays.com\/fr\/wp-json\/wp\/v2\/tags?post=338309"}],"curies":[{"name":"wp","href":"https:\/\/api.w.org\/{rel}","templated":true}]}}