{"id":338311,"date":"2025-08-23T10:40:15","date_gmt":"2025-08-23T10:40:15","guid":{"rendered":"https:\/\/www.europesays.com\/fr\/338311\/"},"modified":"2025-08-23T10:40:15","modified_gmt":"2025-08-23T10:40:15","slug":"metropole-de-lyon-16-700-tonnes-de-compost-ont-ete-produites-depuis-2021","status":"publish","type":"post","link":"https:\/\/www.europesays.com\/fr\/338311\/","title":{"rendered":"M\u00e9tropole de Lyon : 16 700 tonnes de compost ont \u00e9t\u00e9 produites depuis 2021"},"content":{"rendered":"<p>                            <img loading=\"lazy\" width=\"1080\" height=\"675\" class=\"attachment-article size-article wp-post-image lazyload\" alt=\"\" decoding=\"async\" src=\"https:\/\/www.europesays.com\/fr\/wp-content\/uploads\/2025\/08\/compost_termine-edited.jpg\" data-eio-rwidth=\"1080\" data-eio-rheight=\"675\"\/><\/p>\n<p>Le compost une fois termin\u00e9 ressemble un peu \u00e0 de la terre mouill\u00e9e. Entreprise Les Alchimistes \u00e0 V\u00e9nissieux.<\/p>\n<p class=\"content\" style=\"font-size:1.2em;font-weight:700\">Entre 2021 et 2024, ce sont 16 700 tonnes de compost qui ont \u00e9t\u00e9 produites et en partie r\u00e9inject\u00e9es dans les sols de la m\u00e9tropole lyonnaise.<\/p>\n<p>Avec ses 2 632 bornes de collecte, 33 500 composteurs individuels et ses 1 000 sites de compostage partag\u00e9s, la M\u00e9tropole de Lyon fait de la collecte des d\u00e9chets une priorit\u00e9. Un pari qui semble payant pour la collectivit\u00e9 \u00e9cologiste puisqu\u2019entre 2021 et 2024, ce sont 16 700 tonnes de compost qui ont \u00e9t\u00e9 produites puis en partie r\u00e9inject\u00e9es dans les sols du territoire.<\/p>\n<p><strong>Lire aussi : <\/strong><a href=\"https:\/\/www.lyoncapitale.fr\/actualite\/la-metropole-de-lyon-installe-son-1000e-site-de-compostage-collectif\" target=\"_blank\" rel=\"noreferrer noopener nofollow\">La M\u00e9tropole de Lyon installe son 1000e site de compostage collectif<\/a><\/p>\n<p>76 % des composts revendus <\/p>\n<p>Dans un communiqu\u00e9 diffus\u00e9 vendredi 22 ao\u00fbt, la M\u00e9tropole de Lyon indique par ailleurs que 76 % de ces composts sont vendus dans l\u2019agglom\u00e9ration ou dans un rayon de moins de 50 kilom\u00e8tres de celle-ci. Dans le d\u00e9tail, 54 % reviennent \u00e0 des agriculteurs \u00e0 prix tarifaire bas, 38 % \u00e0 des entreprises du paysage et 8 % \u00e0 des particuliers, des communes ou des entreprises de travaux publics.<\/p>\n<p>En partenariat avec la Chambre d\u2019Agriculture du Rh\u00f4ne, l\u2019ISARA, le CTIFL et le Bureau Technique des Mara\u00eechers, plusieurs exploitations agricoles de l\u2019Est lyonnais et du Val de Sa\u00f4ne testent la valeur fertilisante de ce compost depuis 2023, indique encore la M\u00e9tropole de Lyon. La d\u00e9marche doit se poursuivre jusqu\u2019en 2026.<\/p>\n<p><strong>Lire aussi :<\/strong> <a href=\"https:\/\/www.lyoncapitale.fr\/actualite\/de-la-borne-au-compost-le-parcours-des-dechets-de-la-metropole-de-lyon\" target=\"_blank\" rel=\"noreferrer noopener nofollow\">De la borne au compost, le parcours des d\u00e9chets de la m\u00e9tropole de Lyon<\/a><\/p>\n","protected":false},"excerpt":{"rendered":"Le compost une fois termin\u00e9 ressemble un peu \u00e0 de la terre mouill\u00e9e. Entreprise Les Alchimistes \u00e0 V\u00e9nissieux.&hellip;\n","protected":false},"author":2,"featured_media":338312,"comment_status":"","ping_status":"","sticky":false,"template":"","format":"standard","meta":{"footnotes":""},"categories":[1889],"tags":[1111,11,2430,1777,674,1011,27,2428,12,25],"class_list":{"0":"post-338311","1":"post","2":"type-post","3":"status-publish","4":"format-standard","5":"has-post-thumbnail","7":"category-lyon","8":"tag-actu","9":"tag-actualites","10":"tag-auvergne-rhone-alpes","11":"tag-eu","12":"tag-europe","13":"tag-fr","14":"tag-france","15":"tag-lyon","16":"tag-news","17":"tag-republique-francaise"},"share_on_mastodon":{"url":"https:\/\/pubeurope.com\/@fr\/115077659240611139","error":""},"_links":{"self":[{"href":"https:\/\/www.europesays.com\/fr\/wp-json\/wp\/v2\/posts\/338311","targetHints":{"allow":["GET"]}}],"collection":[{"href":"https:\/\/www.europesays.com\/fr\/wp-json\/wp\/v2\/posts"}],"about":[{"href":"https:\/\/www.europesays.com\/fr\/wp-json\/wp\/v2\/types\/post"}],"author":[{"embeddable":true,"href":"https:\/\/www.europesays.com\/fr\/wp-json\/wp\/v2\/users\/2"}],"replies":[{"embeddable":true,"href":"https:\/\/www.europesays.com\/fr\/wp-json\/wp\/v2\/comments?post=338311"}],"version-history":[{"count":0,"href":"https:\/\/www.europesays.com\/fr\/wp-json\/wp\/v2\/posts\/338311\/revisions"}],"wp:featuredmedia":[{"embeddable":true,"href":"https:\/\/www.europesays.com\/fr\/wp-json\/wp\/v2\/media\/338312"}],"wp:attachment":[{"href":"https:\/\/www.europesays.com\/fr\/wp-json\/wp\/v2\/media?parent=338311"}],"wp:term":[{"taxonomy":"category","embeddable":true,"href":"https:\/\/www.europesays.com\/fr\/wp-json\/wp\/v2\/categories?post=338311"},{"taxonomy":"post_tag","embeddable":true,"href":"https:\/\/www.europesays.com\/fr\/wp-json\/wp\/v2\/tags?post=338311"}],"curies":[{"name":"wp","href":"https:\/\/api.w.org\/{rel}","templated":true}]}}