{"id":338324,"date":"2025-08-23T10:49:19","date_gmt":"2025-08-23T10:49:19","guid":{"rendered":"https:\/\/www.europesays.com\/fr\/338324\/"},"modified":"2025-08-23T10:49:19","modified_gmt":"2025-08-23T10:49:19","slug":"limage-que-donne-la-poste-cest-une-grande-desorganisation-observe-michel-ruimy-economiste","status":"publish","type":"post","link":"https:\/\/www.europesays.com\/fr\/338324\/","title":{"rendered":"\u00ab\u00a0L&rsquo;image que donne La Poste, c&rsquo;est une grande d\u00e9sorganisation\u00a0\u00bb, observe Michel Ruimy, \u00e9conomiste"},"content":{"rendered":"<p>La Poste ne livrera plus de colis aux \u00c9tats-Unis: \u00ab\u00a0L&rsquo;image que donne La Poste, c&rsquo;est une grande d\u00e9sorganisation\u00a0\u00bb, observe Michel Ruimy, \u00e9conomisteSur le m\u00eame sujet<a href=\"https:\/\/www.bfmtv.com\/societe\/video-la-poste-ne-livrera-plus-de-colis-aux-etats-unis-l-image-que-donne-la-poste-c-est-une-grande-desorganisation-observe-michel-ruimy-economiste_VN-202508230137.html\" title=\"La Poste ne livrera plus de colis aux \u00c9tats-Unis: &quot;L&#039;image que donne La Poste, c&#039;est une grande d\u00e9sorganisation&quot;, observe Michel Ruimy, \u00e9conomiste\" rel=\"nofollow noopener\" target=\"_blank\"><img width=\"16\" height=\"9\" class=\"lozad\"  alt=\"La Poste ne livrera plus de colis aux \u00c9tats-Unis: &quot;L'image que donne La Poste, c'est une grande d\u00e9sorganisation&quot;, observe Michel Ruimy, \u00e9conomiste\"\/>en lectureLa Poste ne livrera plus de colis aux \u00c9tats-Unis: \u00ab\u00a0L&rsquo;image que donne La Poste, c&rsquo;est une grande d\u00e9sorganisation\u00a0\u00bb, observe Michel Ruimy, \u00e9conomiste<\/a><a href=\"https:\/\/www.bfmtv.com\/politique\/la-france-insoumise\/video-blocage-du-10-septembre-le-principal-sponsor-de-cette-journee-c-est-francois-bayrou-ironise-francois-kalfon-depute-europeen-ps_VN-202508230136.html\" title=\"Blocage du 10 septembre: &quot;Le principal sponsor de cette journ\u00e9e, c&#039;est Fran\u00e7ois Bayrou&quot;, ironise Fran\u00e7ois Kalfon, d\u00e9put\u00e9 europ\u00e9en (PS)\" rel=\"nofollow noopener\" target=\"_blank\"><img width=\"16\" height=\"9\" class=\"lozad\"  alt=\"Blocage du 10 septembre: &quot;Le principal sponsor de cette journ\u00e9e, c'est Fran\u00e7ois Bayrou&quot;, ironise Fran\u00e7ois Kalfon, d\u00e9put\u00e9 europ\u00e9en (PS)\"\/>1:01Blocage du 10 septembre: \u00ab\u00a0Le principal sponsor de cette journ\u00e9e, c&rsquo;est Fran\u00e7ois Bayrou\u00a0\u00bb, ironise Fran\u00e7ois Kalfon, d\u00e9put\u00e9 europ\u00e9en (PS)<\/a><a href=\"https:\/\/www.bfmtv.com\/societe\/video-les-bas-fonds-d-internet-qui-se-cache-derriere-la-plateforme-de-streaming-kick_VN-202508230134.html\" title=\"&quot;Les bas-fonds d&#039;internet&quot;: qui se cache derri\u00e8re la plateforme de streaming Kick?\" rel=\"nofollow noopener\" target=\"_blank\"><img width=\"16\" height=\"9\" class=\"lozad\"  alt=\"&quot;Les bas-fonds d'internet&quot;: qui se cache derri\u00e8re la plateforme de streaming Kick?\"\/>1:29&Prime;Les bas-fonds d&rsquo;internet\u00a0\u00bb: qui se cache derri\u00e8re la plateforme de streaming Kick?<\/a><a href=\"https:\/\/www.bfmtv.com\/politique\/la-france-insoumise\/video-pour-xavier-albertini-depute-horizons-si-une-motion-de-censure-doit-etre-votee-a-l-assemblee-nationale-elle-sera-rejetee_VN-202508230131.html\" title=\"Pour Xavier Albertini, d\u00e9put\u00e9 (Horizons), si une motion de censure doit \u00eatre vot\u00e9e \u00e0 l&#039;Assembl\u00e9e nationale, &quot;elle sera rejet\u00e9e&quot;\" rel=\"nofollow noopener\" target=\"_blank\"><img width=\"16\" height=\"9\" class=\"lozad\"  alt=\"Pour Xavier Albertini, d\u00e9put\u00e9 (Horizons), si une motion de censure doit \u00eatre vot\u00e9e \u00e0 l'Assembl\u00e9e nationale, &quot;elle sera rejet\u00e9e&quot;\"\/>1:46Pour Xavier Albertini, d\u00e9put\u00e9 (Horizons), si une motion de censure doit \u00eatre vot\u00e9e \u00e0 l&rsquo;Assembl\u00e9e nationale, \u00ab\u00a0elle sera rejet\u00e9e\u00a0\u00bb<\/a><a href=\"https:\/\/www.bfmtv.com\/politique\/la-france-insoumise\/video-des-le-23-septembre-nous-allons-deposer-une-mention-de-censure-a-l-assemblee-nationale-indique-francois-piquemal-depute-lfi_VN-202508230127.html\" title=\"&quot;D\u00e8s le 23 septembre, nous allons d\u00e9poser une mention de censure \u00e0 l&#039;Assembl\u00e9e nationale&quot;, indique Fran\u00e7ois Piquemal, d\u00e9put\u00e9 (LFI)\" rel=\"nofollow noopener\" target=\"_blank\"><img width=\"16\" height=\"9\" class=\"lozad\"  alt=\"&quot;D\u00e8s le 23 septembre, nous allons d\u00e9poser une mention de censure \u00e0 l'Assembl\u00e9e nationale&quot;, indique Fran\u00e7ois Piquemal, d\u00e9put\u00e9 (LFI)\"\/>3:12&Prime;D\u00e8s le 23 septembre, nous allons d\u00e9poser une mention de censure \u00e0 l&rsquo;Assembl\u00e9e nationale\u00a0\u00bb, indique Fran\u00e7ois Piquemal, d\u00e9put\u00e9 (LFI)<\/a><a href=\"https:\/\/www.bfmtv.com\/societe\/video-les-voitures-radars-se-multiplient-sur-les-routes_VN-202508230115.html\" title=\"Les voitures radars se multiplient sur les routes\" rel=\"nofollow noopener\" target=\"_blank\"><img width=\"16\" height=\"9\" class=\"lozad\"  alt=\"Les voitures radars se multiplient sur les routes\"\/>3:18Les voitures radars se multiplient sur les routes<\/a><a href=\"https:\/\/www.bfmtv.com\/politique\/video-mouvement-du-10-septembre-on-ne-peut-accepter-ni-la-methode-ni-les-propositions-declare-patrick-privat-tresorier-confederal-de-la-force-ouvriere_VN-202508230109.html\" title=\"Mouvement du 10 septembre: &quot;On ne peut accepter ni la m\u00e9thode, ni les propositions&quot;, d\u00e9clare Patrick Privat, tr\u00e9sorier conf\u00e9d\u00e9ral de la Force Ouvri\u00e8re\" rel=\"nofollow noopener\" target=\"_blank\"><img width=\"16\" height=\"9\" class=\"lozad\"  alt=\"Mouvement du 10 septembre: &quot;On ne peut accepter ni la m\u00e9thode, ni les propositions&quot;, d\u00e9clare Patrick Privat, tr\u00e9sorier conf\u00e9d\u00e9ral de la Force Ouvri\u00e8re\"\/>2:42Mouvement du 10 septembre: \u00ab\u00a0On ne peut accepter ni la m\u00e9thode, ni les propositions\u00a0\u00bb, d\u00e9clare Patrick Privat, tr\u00e9sorier conf\u00e9d\u00e9ral de la Force Ouvri\u00e8re<\/a><a href=\"https:\/\/www.bfmtv.com\/politique\/la-france-insoumise\/video-blocage-du-10-septembre-les-menaces-ca-suffit-fustige-prisca-thevenot-deputee-ensemble-pour-la-republique-des-hauts-de-seine_VN-202508230088.html\" title=\"Motion de censure: &quot;J&#039;appelle le RN \u00e0 travailler avant de menacer&quot;, fustige Prisca Th\u00e9venot, d\u00e9put\u00e9e (Ensemble pour la R\u00e9publique) des Hauts-de-Seine\" rel=\"nofollow noopener\" target=\"_blank\"><img width=\"16\" height=\"9\" class=\"lozad\"  alt=\"Motion de censure: &quot;J'appelle le RN \u00e0 travailler avant de menacer&quot;, fustige Prisca Th\u00e9venot, d\u00e9put\u00e9e (Ensemble pour la R\u00e9publique) des Hauts-de-Seine\"\/>1:46Motion de censure: \u00ab\u00a0J&rsquo;appelle le RN \u00e0 travailler avant de menacer\u00a0\u00bb, fustige Prisca Th\u00e9venot, d\u00e9put\u00e9e (Ensemble pour la R\u00e9publique) des Hauts-de-Seine<\/a><a href=\"https:\/\/www.bfmtv.com\/societe\/video-fin-des-vacances-le-trafic-sera-charge-sur-la-route-des-retours_VN-202508230079.html\" title=\"Fin des vacances: le trafic sera charg\u00e9 sur la route des retours\" rel=\"nofollow noopener\" target=\"_blank\"><img width=\"16\" height=\"9\" class=\"lozad\"  alt=\"Fin des vacances: le trafic sera charg\u00e9 sur la route des retours\"\/>1:21Fin des vacances: le trafic sera charg\u00e9 sur la route des retours<\/a><a href=\"https:\/\/www.bfmtv.com\/politique\/la-france-insoumise\/video-manifestation-le-10-septembre-edwige-diaz-vice-presidente-du-rn-indique-que-le-parti-va-proposer-a-francois-bayrou-un-contre-budget_VN-202508230076.html\" title=\"Manifestation le 10 septembre: Edwige Diaz, vice-pr\u00e9sidente du RN, indique que le parti va proposer \u00e0 Fran\u00e7ois Bayrou, &quot;un contre-budget&quot;\" rel=\"nofollow noopener\" target=\"_blank\"><img width=\"16\" height=\"9\" class=\"lozad\"  alt=\"Manifestation le 10 septembre: Edwige Diaz, vice-pr\u00e9sidente du RN, indique que le parti va proposer \u00e0 Fran\u00e7ois Bayrou, &quot;un contre-budget&quot;\"\/>1:24Manifestation le 10 septembre: Edwige Diaz, vice-pr\u00e9sidente du RN, indique que le parti va proposer \u00e0 Fran\u00e7ois Bayrou, \u00ab\u00a0un contre-budget\u00a0\u00bb<\/a><a href=\"https:\/\/www.bfmtv.com\/politique\/video-blocage-du-10-septembre-nous-laissons-la-liberte-a-nos-electeurs-d-y-participer-ou-pas-indique-edwige-diaz-vice-presidente-du-rn_VN-202508230070.html\" title=\"Blocage du 10 septembre: &quot;Nous laissons la libert\u00e9 \u00e0 nos \u00e9lecteurs d&#039;y participer ou pas&quot;, indique Edwige Diaz, vice-pr\u00e9sidente du RN\" rel=\"nofollow noopener\" target=\"_blank\"><img width=\"16\" height=\"9\" class=\"lozad\"  alt=\"Blocage du 10 septembre: &quot;Nous laissons la libert\u00e9 \u00e0 nos \u00e9lecteurs d'y participer ou pas&quot;, indique Edwige Diaz, vice-pr\u00e9sidente du RN\"\/>1:17Blocage du 10 septembre: \u00ab\u00a0Nous laissons la libert\u00e9 \u00e0 nos \u00e9lecteurs d&rsquo;y participer ou pas\u00a0\u00bb, indique Edwige Diaz, vice-pr\u00e9sidente du RN<\/a><a href=\"https:\/\/www.bfmtv.com\/societe\/video-vacanciers-qui-partent-en-juin-et-en-septembre-toutes-les-habitudes-ont-evolue-explique-vanguelis-panayotis-president-mkg-consulting-tourisme_VN-202508230068.html\" title=\"Vacanciers qui partent en juin et en septembre: &quot;Toutes les habitudes ont \u00e9volu\u00e9&quot;, explique Vanguelis Panayotis, pr\u00e9sident MKG Consulting Tourisme\" rel=\"nofollow noopener\" target=\"_blank\"><img width=\"16\" height=\"9\" class=\"lozad\"  alt=\"Vacanciers qui partent en juin et en septembre: &quot;Toutes les habitudes ont \u00e9volu\u00e9&quot;, explique Vanguelis Panayotis, pr\u00e9sident MKG Consulting Tourisme\"\/>2:55Vacanciers qui partent en juin et en septembre: \u00ab\u00a0Toutes les habitudes ont \u00e9volu\u00e9\u00a0\u00bb, explique Vanguelis Panayotis, pr\u00e9sident MKG Consulting Tourisme<\/a><a href=\"https:\/\/www.bfmtv.com\/societe\/video-les-controles-routiers-seront-renforces-pour-ce-week-end-de-retour-des-vacances_VN-202508230067.html\" title=\"Les contr\u00f4les routiers seront renforc\u00e9s pour ce week-end de retour des vacances\" rel=\"nofollow noopener\" target=\"_blank\"><img width=\"16\" height=\"9\" class=\"lozad\"  alt=\"Les contr\u00f4les routiers seront renforc\u00e9s pour ce week-end de retour des vacances\"\/>1:16Les contr\u00f4les routiers seront renforc\u00e9s pour ce week-end de retour des vacances<\/a><a href=\"https:\/\/www.bfmtv.com\/societe\/video-les-turbulences-aeriennes-vont-devenir-de-plus-en-plus-frequentes-en-avion_VN-202508230064.html\" title=\"Les turbulences a\u00e9riennes vont devenir de plus en plus fr\u00e9quentes en avion\" rel=\"nofollow noopener\" target=\"_blank\"><img width=\"16\" height=\"9\" class=\"lozad\"  alt=\"Les turbulences a\u00e9riennes vont devenir de plus en plus fr\u00e9quentes en avion\"\/>1:17Les turbulences a\u00e9riennes vont devenir de plus en plus fr\u00e9quentes en avion<\/a><a class=\"jumpToVideo\" target=\"_blank\"><img class=\"thumbnailPreview\"\/><\/a><\/p>\n","protected":false},"excerpt":{"rendered":"La Poste ne livrera plus de colis aux \u00c9tats-Unis: \u00ab\u00a0L&rsquo;image que donne La Poste, c&rsquo;est une grande d\u00e9sorganisation\u00a0\u00bb,&hellip;\n","protected":false},"author":2,"featured_media":338325,"comment_status":"","ping_status":"","sticky":false,"template":"","format":"standard","meta":{"footnotes":""},"categories":[1589],"tags":[11,73,1866,12,1864,1865,1863,308],"class_list":{"0":"post-338324","1":"post","2":"type-post","3":"status-publish","4":"format-standard","5":"has-post-thumbnail","7":"category-etats-unis","8":"tag-actualites","9":"tag-etats-unis","10":"tag-etats-unis-damerique","11":"tag-news","12":"tag-united-states","13":"tag-united-states-of-america","14":"tag-us","15":"tag-usa"},"share_on_mastodon":{"url":"https:\/\/pubeurope.com\/@fr\/115077694303176095","error":""},"_links":{"self":[{"href":"https:\/\/www.europesays.com\/fr\/wp-json\/wp\/v2\/posts\/338324","targetHints":{"allow":["GET"]}}],"collection":[{"href":"https:\/\/www.europesays.com\/fr\/wp-json\/wp\/v2\/posts"}],"about":[{"href":"https:\/\/www.europesays.com\/fr\/wp-json\/wp\/v2\/types\/post"}],"author":[{"embeddable":true,"href":"https:\/\/www.europesays.com\/fr\/wp-json\/wp\/v2\/users\/2"}],"replies":[{"embeddable":true,"href":"https:\/\/www.europesays.com\/fr\/wp-json\/wp\/v2\/comments?post=338324"}],"version-history":[{"count":0,"href":"https:\/\/www.europesays.com\/fr\/wp-json\/wp\/v2\/posts\/338324\/revisions"}],"wp:featuredmedia":[{"embeddable":true,"href":"https:\/\/www.europesays.com\/fr\/wp-json\/wp\/v2\/media\/338325"}],"wp:attachment":[{"href":"https:\/\/www.europesays.com\/fr\/wp-json\/wp\/v2\/media?parent=338324"}],"wp:term":[{"taxonomy":"category","embeddable":true,"href":"https:\/\/www.europesays.com\/fr\/wp-json\/wp\/v2\/categories?post=338324"},{"taxonomy":"post_tag","embeddable":true,"href":"https:\/\/www.europesays.com\/fr\/wp-json\/wp\/v2\/tags?post=338324"}],"curies":[{"name":"wp","href":"https:\/\/api.w.org\/{rel}","templated":true}]}}