{"id":338328,"date":"2025-08-23T10:51:09","date_gmt":"2025-08-23T10:51:09","guid":{"rendered":"https:\/\/www.europesays.com\/fr\/338328\/"},"modified":"2025-08-23T10:51:09","modified_gmt":"2025-08-23T10:51:09","slug":"eibsee-la-caraibe-de-baviere-subit-les-effets-du-surtourisme","status":"publish","type":"post","link":"https:\/\/www.europesays.com\/fr\/338328\/","title":{"rendered":"Eibsee: La \u00abCara\u00efbe de Bavi\u00e8re\u00bb subit les effets du surtourisme"},"content":{"rendered":"<p>Publi\u00e923. ao\u00fbt 2025, 11:39<\/p>\n<p>Allemagne: La \u00abCara\u00efbe de Bavi\u00e8re\u00bb face \u00e0 un afflux touristique inattendu<\/p>\n<p>Le lac Eibsee, surnomm\u00e9 la \u00abCara\u00efbe de Bavi\u00e8re\u00bb, attire des foules massives, provoquant embouteillages et appels \u00e0 la responsabilit\u00e9 des visiteurs.<\/p>\n<p>Bus pleins, parkings complets, route embouteill\u00e9e: le Eibsee, un lac aux eaux turquoises des Alpes bavaroises, est \u00e0 son tour gagn\u00e9 par une fr\u00e9quentation touristique massive, la mairie appelant les visiteurs \u00e0 faire preuve de plus de \u00abresponsabilit\u00e9\u00bb.<\/p>\n<p>Lundi matin, 10h, \u00e0 la gare de Grainau. Environ 30 personnes attendent le bus pour le lac. Mais les navettes sont d\u00e9j\u00e0 pleines et un groupe doit attendre le prochain passage. Une seule route m\u00e8ne au lac. Et avec deux parkings \u00e9galement utilis\u00e9s pour acc\u00e9der au t\u00e9l\u00e9ph\u00e9rique du Zugspitze, point culminant de l\u2019Allemagne, les places de stationnement libres sont rares. R\u00e9sultat, un important embouteillage sur les derniers kilom\u00e8tres.<\/p>\n<p>Avec ses eaux cristallines, ses \u00eelots, ses denses for\u00eats de sapins et ses sommets accroch\u00e9s de nuages, la \u00abCara\u00efbe de Bavi\u00e8re\u00bb \u2013 comme l\u2019office de tourisme le surnomme \u2013 a vu sa notori\u00e9t\u00e9 s\u2019accro\u00eetre rapidement ces derniers mois sur les r\u00e9seaux sociaux. Photos et vid\u00e9os prises dans son idyllique d\u00e9cor ont suscit\u00e9 des millions de vues.<\/p>\n<p>Cet enthousiasme rappelle celui suscit\u00e9 par la cit\u00e9 m\u00e9di\u00e9vale d\u2019Hallstatt ou Annecy, surnomm\u00e9 la \u00abVenise des Alpes\u00bb, deux villes alpines respectivement en Autriche et en France, touch\u00e9es par le surtourisme, ce ph\u00e9nom\u00e8ne de saturation dont souffrent de nombreuses destinations pris\u00e9es des voyageurs.<\/p>\n<blockquote class=\"Quote_quote__uexDU Quote_siteAreaNews__9_7Qz\">\n<p class=\"Quote_quoteText__6G6oY\">\u00abLa couleur de l\u2019eau est impressionnante\u00bb<\/p>\n<\/blockquote>\n<p>\u00abOn ne pensait pas qu\u2019il y aurait autant de monde, mais c\u2019est vraiment super beau\u00bb, r\u00e9sume Cl\u00e9ment, un touriste venu de Marseille qui visite la Bavi\u00e8re pour la premi\u00e8re fois. \u00abLa couleur de l\u2019eau est impressionnante: aussi claire et transparente, ce n\u2019est pas souvent le cas dans les lacs\u00bb, abonde son amie Marion.<\/p>\n<p>Apr\u00e8s avoir fait le tour du lac \u2013 7,5 km avec leur enfant, que Cl\u00e9ment porte sur le dos, ils retrouveront leur logement \u00e0 Garmisch-Partenkirchen, la grande station de sports d\u2019hiver voisine de Grainau. Presque dix fois moins grande en comparaison, Grainau enregistre depuis la pand\u00e9mie de Covid-19 environ 620 000 nuit\u00e9es par an, indique le maire adjoint Christian Andr\u00e4. Soit une moyenne quotidienne de 1700 nuit\u00e9es, pour une ville de 3600 habitants. La ville n\u2019a pas d\u2019estimation du nombre total de visiteurs, incluant ceux qui ne restent pas dormir sur place.<\/p>\n<p>Comme un match de foot<\/p>\n<p>Andr\u00e4 compare cette \u00abforme de surtourisme\u00bb \u00e0 un \u00abgrand \u00e9v\u00e8nement\u00bb tel \u00abun match de football \u00e0 Munich\u00bb ou une \u00absortie \u00e0 l\u2019Oktoberfest\u00bb, la traditionnelle f\u00eate de la bi\u00e8re. Les ru\u00e9es vers le m\u00e9tro \u00e0 la fin du match, Grainau les vit \u00absous une forme att\u00e9nu\u00e9e\u00bb, dit le maire adjoint. En cause, certains visiteurs qui \u00abignorent les panneaux\u00bb indiquant que les parkings sont pleins pour \u00abfinalement devoir faire demi-tour et aggraver le trafic\u00bb.<\/p>\n<p>Oppos\u00e9 \u00e0 un syst\u00e8me de barri\u00e8res qui am\u00e8nerait selon lui aux m\u00eames embouteillages, l\u2019\u00e9dile demande aux automobilistes de \u00abfaire preuve de responsabilit\u00e9\u00bb. Venus en voiture pour passer la journ\u00e9e, Max et Yan ont mis pr\u00e8s d\u2019une heure et demie pour acc\u00e9der au lac. \u00abJe voulais absolument revenir ici\u00bb une deuxi\u00e8me fois, explique Max, 27 ans, venu de Stuttgart (sud-ouest).<\/p>\n<p>S\u2019il y a \u00ab\u00e9norm\u00e9ment de monde\u00bb pour Yan, qui habite Paderborn (centre), la destination reste \u00abfacilement accessible de Munich\u00bb et \u00abun endroit fantastique pour passer une journ\u00e9e\u00bb. Outre la circulation difficile, Grainau doit supporter une \u00abcertaine surcharge\u00bb en mati\u00e8re de ramassage des d\u00e9chets, qui obligent \u00e0 un traitement \u00abquasi quotidien\u00bb des poubelles, souligne le maire adjoint.<\/p>\n<p>Tu nous suis d\u00e9j\u00e0 sur WhatsApp?<\/p>\n<p>Abonne-toi \u00e0 notre cha\u00eene, active la petite \ud83d\udd14 et tu recevras un <strong>r\u00e9cap de l&rsquo;actu<\/strong> chaque jour en <strong>d\u00e9but de soir\u00e9e<\/strong>.<\/p>\n<p>(afp\/mg)<\/p>\n","protected":false},"excerpt":{"rendered":"Publi\u00e923. ao\u00fbt 2025, 11:39 Allemagne: La \u00abCara\u00efbe de Bavi\u00e8re\u00bb face \u00e0 un afflux touristique inattendu Le lac Eibsee,&hellip;\n","protected":false},"author":2,"featured_media":338329,"comment_status":"","ping_status":"","sticky":false,"template":"","format":"standard","meta":{"footnotes":""},"categories":[1587],"tags":[11,672,1804,1805,1803,1777,674,1801,12,1802],"class_list":{"0":"post-338328","1":"post","2":"type-post","3":"status-publish","4":"format-standard","5":"has-post-thumbnail","7":"category-allemagne","8":"tag-actualites","9":"tag-allemagne","10":"tag-bundesrepublik-deutschland","11":"tag-de","12":"tag-deutschland","13":"tag-eu","14":"tag-europe","15":"tag-germany","16":"tag-news","17":"tag-republique-federale-dallemagne"},"share_on_mastodon":{"url":"https:\/\/pubeurope.com\/@fr\/115077702148064890","error":""},"_links":{"self":[{"href":"https:\/\/www.europesays.com\/fr\/wp-json\/wp\/v2\/posts\/338328","targetHints":{"allow":["GET"]}}],"collection":[{"href":"https:\/\/www.europesays.com\/fr\/wp-json\/wp\/v2\/posts"}],"about":[{"href":"https:\/\/www.europesays.com\/fr\/wp-json\/wp\/v2\/types\/post"}],"author":[{"embeddable":true,"href":"https:\/\/www.europesays.com\/fr\/wp-json\/wp\/v2\/users\/2"}],"replies":[{"embeddable":true,"href":"https:\/\/www.europesays.com\/fr\/wp-json\/wp\/v2\/comments?post=338328"}],"version-history":[{"count":0,"href":"https:\/\/www.europesays.com\/fr\/wp-json\/wp\/v2\/posts\/338328\/revisions"}],"wp:featuredmedia":[{"embeddable":true,"href":"https:\/\/www.europesays.com\/fr\/wp-json\/wp\/v2\/media\/338329"}],"wp:attachment":[{"href":"https:\/\/www.europesays.com\/fr\/wp-json\/wp\/v2\/media?parent=338328"}],"wp:term":[{"taxonomy":"category","embeddable":true,"href":"https:\/\/www.europesays.com\/fr\/wp-json\/wp\/v2\/categories?post=338328"},{"taxonomy":"post_tag","embeddable":true,"href":"https:\/\/www.europesays.com\/fr\/wp-json\/wp\/v2\/tags?post=338328"}],"curies":[{"name":"wp","href":"https:\/\/api.w.org\/{rel}","templated":true}]}}