{"id":338332,"date":"2025-08-23T10:53:10","date_gmt":"2025-08-23T10:53:10","guid":{"rendered":"https:\/\/www.europesays.com\/fr\/338332\/"},"modified":"2025-08-23T10:53:10","modified_gmt":"2025-08-23T10:53:10","slug":"droits-de-douanes-imposes-par-d-trump-les-etats-unis-et-lunion-europeenne-parviennent-a-un-accord","status":"publish","type":"post","link":"https:\/\/www.europesays.com\/fr\/338332\/","title":{"rendered":"Droits de douanes impos\u00e9s par D. Trump : Les Etats-Unis et l\u2019Union europ\u00e9enne parviennent \u00e0 un accord"},"content":{"rendered":"<p>                        La d\u00e9claration commune confirme que les droits de douane sur les automobiles, les pi\u00e8ces automobiles et les\u00a0semi conducteurs\u00a0provenant du Vieux continent passeront de 27,5% \u00e0 15% r\u00e9troactivement \u00e0 compter du 1er ao\u00fbt.<\/p>\n<p>Les Etats-Unis et l\u2019Union europ\u00e9enne (UE) ont confirm\u00e9, ce jeudi, l\u2019accord de principe annonc\u00e9 fin juillet par Donald Trump et Ursula von der Leyen, sur la question des droits de douanes. Bruxelles et Washington viennent de publier, en effet, une d\u00e9claration commune qui vient trancher certains points sur les tarifs douaniers. \u00a0Apr\u00e8s l\u2019accord verbal du 27 juillet dernier entre Ursula von der Leyen, la pr\u00e9sidente de la Commission europ\u00e9enne, et\u00a0Donald Trump, le pr\u00e9sident de Etats-Unis, une d\u00e9claration commune de quatre pages a \u00e9t\u00e9 publi\u00e9e, selon les m\u00e9dias europ\u00e9ens.<br \/>Ce texte, notent ces derniers, vient pr\u00e9ciser plusieurs droits de douane sur lesquels un certain flou persistait, apr\u00e8s des diff\u00e9rences d\u2019interpr\u00e9tations entre les deux administrations.La d\u00e9claration commune, selon la m\u00eame source, confirme que les droits de douane sur les automobiles, les pi\u00e8ces automobiles et les\u00a0semi-conducteurs\u00a0provenant du Vieux continent passeront de 27,5% \u00e0 15% r\u00e9troactivement \u00e0 compter du 1\u1d49\u02b3 ao\u00fbt. Cet accord est assorti de la condition, selon les responsables europ\u00e9ens, que ce taux r\u00e9duit s\u2019appliquera seulement lorsque Bruxelles aura bien \u00e9limin\u00e9 \u00ables droits de douane sur tous les produits industriels am\u00e9ricains\u00bb.\u00a0<br \/>Les \u00c9tats-Unis, quant \u00e0 eux, affirment qu\u2019ils n\u2019appliqueront pas de droits de douane sur les importations d\u2019avions et sur les pi\u00e8ces d\u00e9tach\u00e9es provenant de l\u2019Union europ\u00e9enne.\u00a0Bruxelles s\u2019engage sur l\u2019achat de l\u2019\u00e9nergie et des \u00e9quipements miliaires am\u00e9ricains. Elle a confirm\u00e9 son intention d\u2019acheter pr\u00e8s de 750 milliards de dollars d\u2019\u00e9nergie am\u00e9ricaine d\u2019ici 2028. Comme elle ach\u00e8tera \u00e9galement pour au moins 40 milliards de dollars de semi-conducteurs am\u00e9ricains. Selon les m\u00e9dias europ\u00e9ens, qui citent la d\u00e9claration commune, \u00ables entreprises europ\u00e9ennes devraient investir 600 milliards de dollars suppl\u00e9mentaires dans des secteurs strat\u00e9giques aux Etats-Unis d\u2019ici 2028\u00bb.<\/p>\n<p>\u00abFlexibilit\u00e9s suppl\u00e9mentaires\u00bb<\/p>\n<p>A noter que Bruxelles \u00abpr\u00e9voit d\u2019augmenter consid\u00e9rablement ses achats d\u2019\u00e9quipements militaires et de d\u00e9fense aupr\u00e8s des \u00c9tats-Unis, avec le soutien et l\u2019aide du gouvernement am\u00e9ricain\u00bb. Par ailleurs, aucune d\u00e9rogation \u00e0 la r\u00e9glementation europ\u00e9enne sur le num\u00e9rique n\u2019a \u00e9t\u00e9 conc\u00e9d\u00e9e puisqu\u2019il aurait \u00e9t\u00e9 exclu des n\u00e9gociations commerciales. Des \u00abflexibilit\u00e9s suppl\u00e9mentaires\u00bb, selon l\u203aex\u00e9cutif europ\u00e9en, pourraient \u00eatre accord\u00e9es aux entreprises am\u00e9ricaines, dans la mise en \u0153uvre de la taxe carbone aux fronti\u00e8res.<br \/>Le secteur du vin et des spiritueux n\u2019a pour l\u2019instant pas pu obtenir d\u2019exemption. Maros Sefcovic, en charge du Commerce \u00e0 Bruxelles, a d\u00e9clar\u00e9 qu\u2019il s\u2019agit \u00abd\u2019un accord strat\u00e9gique important, que nous soutenons pleinement\u00bb. \u00a0 L\u2019UE n\u2019est ainsi pas la premi\u00e8re \u00e0 obtenir un accord avec Donald Trump pour tenter de faire diminuer les droits de douane annonc\u00e9s par la Maison-Blanche.<br \/>Le 22 juillet 2025 par exemple, soit quelques jours avant les Vingt-Sept, le Japon avait obtenu l\u2019abaissement des droits de douane de 24 \u00e0 15%. Tokyo s\u2019engageait aussi \u00e0 investir 550 milliards de dollars aux \u00c9tats-Unis et \u00e0 ouvrir son march\u00e9 aux produits am\u00e9ricains comme les voitures et certaines denr\u00e9es alimentaires. L\u2019Indon\u00e9sie arrachait le m\u00eame jour un rabais, passant de 32 \u00e0 19% de droits de douane. Jakarta doit en revanche supprimer 99% des barri\u00e8res tarifaires sur les exportations am\u00e9ricaines, couvrant l\u2019agroalimentaire, la sant\u00e9 ou encore les produits chimiques. Le Royaume-Uni avait \u00e9t\u00e9 le premier pays, d\u00e8s le mois de mai, \u00e0 n\u00e9gocier un accord avec les \u00c9tats-Unis, pr\u00e9voyant des dispositions secteur par secteur (taux de 10% par d\u00e9faut).<br \/>\u00a0<\/p>\n","protected":false},"excerpt":{"rendered":"La d\u00e9claration commune confirme que les droits de douane sur les automobiles, les pi\u00e8ces automobiles et les\u00a0semi conducteurs\u00a0provenant&hellip;\n","protected":false},"author":2,"featured_media":338333,"comment_status":"","ping_status":"","sticky":false,"template":"","format":"standard","meta":{"footnotes":""},"categories":[1586],"tags":[11,1777,674,1779,1011,27,12,25,1778,364],"class_list":{"0":"post-338332","1":"post","2":"type-post","3":"status-publish","4":"format-standard","5":"has-post-thumbnail","7":"category-europe","8":"tag-actualites","9":"tag-eu","10":"tag-europe","11":"tag-european-union","12":"tag-fr","13":"tag-france","14":"tag-news","15":"tag-republique-francaise","16":"tag-ue","17":"tag-union-europeenne"},"share_on_mastodon":{"url":"https:\/\/pubeurope.com\/@fr\/115077710081040658","error":""},"_links":{"self":[{"href":"https:\/\/www.europesays.com\/fr\/wp-json\/wp\/v2\/posts\/338332","targetHints":{"allow":["GET"]}}],"collection":[{"href":"https:\/\/www.europesays.com\/fr\/wp-json\/wp\/v2\/posts"}],"about":[{"href":"https:\/\/www.europesays.com\/fr\/wp-json\/wp\/v2\/types\/post"}],"author":[{"embeddable":true,"href":"https:\/\/www.europesays.com\/fr\/wp-json\/wp\/v2\/users\/2"}],"replies":[{"embeddable":true,"href":"https:\/\/www.europesays.com\/fr\/wp-json\/wp\/v2\/comments?post=338332"}],"version-history":[{"count":0,"href":"https:\/\/www.europesays.com\/fr\/wp-json\/wp\/v2\/posts\/338332\/revisions"}],"wp:featuredmedia":[{"embeddable":true,"href":"https:\/\/www.europesays.com\/fr\/wp-json\/wp\/v2\/media\/338333"}],"wp:attachment":[{"href":"https:\/\/www.europesays.com\/fr\/wp-json\/wp\/v2\/media?parent=338332"}],"wp:term":[{"taxonomy":"category","embeddable":true,"href":"https:\/\/www.europesays.com\/fr\/wp-json\/wp\/v2\/categories?post=338332"},{"taxonomy":"post_tag","embeddable":true,"href":"https:\/\/www.europesays.com\/fr\/wp-json\/wp\/v2\/tags?post=338332"}],"curies":[{"name":"wp","href":"https:\/\/api.w.org\/{rel}","templated":true}]}}