{"id":338350,"date":"2025-08-23T11:04:13","date_gmt":"2025-08-23T11:04:13","guid":{"rendered":"https:\/\/www.europesays.com\/fr\/338350\/"},"modified":"2025-08-23T11:04:13","modified_gmt":"2025-08-23T11:04:13","slug":"ballots-23-24-et-25-aout-2025-les-engages-de-courses-cyclistes","status":"publish","type":"post","link":"https:\/\/www.europesays.com\/fr\/338350\/","title":{"rendered":"Ballots 23, 24 et 25 ao\u00fbt 2025 les engag\u00e9s de courses cyclistes"},"content":{"rendered":"<p>&#13;<br \/>\n&#13;<\/p>\n<p>actu33174.<\/p>\n<p>&#13;<br \/>\n<img decoding=\"async\" loading=\"lazy\" src=\"https:\/\/www.europesays.com\/fr\/wp-content\/uploads\/2025\/08\/1755947051_327_ballots-23-24-et-25-aout-2024-infos-de-courses-cyclistes.jpg\" alt=\"Ballots 23, 24 et 25 ao\u00fbt 2025 infos de courses cyclistes\"\/>&#13;<br \/>\n&#13;<\/p>\n<p>Liste des engag\u00e9s des courses cyclistes organis\u00e9es par le Comit\u00e9 Des F\u00eates et contr\u00f4l\u00e9es par l\u2019Entente Cycliste Craon Renaz\u00e9 \u00e0 Ballots en Mayenne (53) les 23, 24 et 25 ao\u00fbt 2025. Le 23 aura lieu l\u2019\u00e9preuve des \u00e9coles de v\u00e9lo, le 24 pour les U15, U17, open 1.2.3, access et le 25 ao\u00fbt le 63\u00e8me Circuit des Bruy\u00e8res pour les \u00e9lites et open 1.2.3.<\/p>\n<p>&#13;<br \/>\n&#13;<\/p>\n<p>\tENGAGES ELITE-OPEN DU 25 AOUT<\/p>\n<tr>\n<td style=\"height:19px;\">\n<p>JANITOR PAOLO<\/p>\n<\/td>\n<td style=\"height:19px;\">\n<p>FRA<\/p>\n<\/td>\n<td style=\"height:19px;\">\n<p>US ST HERBLAIN<\/p>\n<\/td>\n<td style=\"height:19px;\">\n<p>OPEN 1<\/p>\n<\/td>\n<\/tr>\n<tr>\n<td style=\"height:18px;\">\n<p>PROD&rsquo;HOMME MATTHIEU<\/p>\n<\/td>\n<td style=\"height:18px;\">\n<p>FRA<\/p>\n<\/td>\n<td style=\"height:18px;\">\n<p>UNION CYCLISTE SUD 53<\/p>\n<\/td>\n<td style=\"height:18px;\">\n<p>OPEN 1<\/p>\n<\/td>\n<\/tr>\n<tr>\n<td style=\"height:19px;\">\n<p>PROD&rsquo;HOMME AXEL<\/p>\n<\/td>\n<td style=\"height:19px;\">\n<p>FRA<\/p>\n<\/td>\n<td style=\"height:19px;\">\n<p>BOURG EN BRESSE AIN CYCLISME<\/p>\n<\/td>\n<td style=\"height:19px;\">\n<p>ELITE<\/p>\n<\/td>\n<\/tr>\n<tr>\n<td style=\"height:18px;\">\n<p>DROUET JULES<\/p>\n<\/td>\n<td style=\"height:18px;\">\n<p>FRA<\/p>\n<\/td>\n<td style=\"height:18px;\">\n<p>BOURG EN BRESSE AIN CYCLISME<\/p>\n<\/td>\n<td style=\"height:18px;\">\n<p>ELITE<\/p>\n<\/td>\n<\/tr>\n<tr>\n<td style=\"height:19px;\">\n<p>MAIGNAN MAXENCE<\/p>\n<\/td>\n<td style=\"height:19px;\">\n<p>FRA<\/p>\n<\/td>\n<td style=\"height:19px;\">\n<p>EC MAYENNAISE<\/p>\n<\/td>\n<td style=\"height:19px;\">\n<p>OPEN 1<\/p>\n<\/td>\n<\/tr>\n<tr>\n<td style=\"height:18px;\">\n<p>FOUCOIN OWEN<\/p>\n<\/td>\n<td style=\"height:18px;\">\n<p>FRA<\/p>\n<\/td>\n<td style=\"height:18px;\">\n<p>LAVAL CYCLISME 53<\/p>\n<\/td>\n<td style=\"height:18px;\">\n<p>OPEN 1<\/p>\n<\/td>\n<\/tr>\n<tr>\n<td style=\"height:19px;\">\n<p>ORRIERE MARTIN<\/p>\n<\/td>\n<td style=\"height:19px;\">\n<p>FRA<\/p>\n<\/td>\n<td style=\"height:19px;\">\n<p>LAVAL CYCLISME 53<\/p>\n<\/td>\n<td style=\"height:19px;\">\n<p>ELITE<\/p>\n<\/td>\n<\/tr>\n<tr>\n<td style=\"height:18px;\">\n<p>CLEMENT THIBAUT<\/p>\n<\/td>\n<td style=\"height:18px;\">\n<p>FRA<\/p>\n<\/td>\n<td style=\"height:18px;\">\n<p>CD HAUTE-SAVOIE<\/p>\n<\/td>\n<td style=\"height:18px;\">\n<p>ELITE<\/p>\n<\/td>\n<\/tr>\n<tr>\n<td style=\"height:19px;\">\n<p>BARON ADRIEN<\/p>\n<\/td>\n<td style=\"height:19px;\">\n<p>FRA<\/p>\n<\/td>\n<td style=\"height:19px;\">\n<p>CC PLANCOETIN<\/p>\n<\/td>\n<td style=\"height:19px;\">\n<p>OPEN 1<\/p>\n<\/td>\n<\/tr>\n<tr>\n<td style=\"height:18px;\">\n<p>BARON ALEXANDRE<\/p>\n<\/td>\n<td style=\"height:18px;\">\n<p>FRA<\/p>\n<\/td>\n<td style=\"height:18px;\">\n<p>CC PLANCOETIN<\/p>\n<\/td>\n<td style=\"height:18px;\">\n<p>OPEN 2<\/p>\n<\/td>\n<\/tr>\n<tr>\n<td style=\"height:19px;\">\n<p>BERTHELOT TOM<\/p>\n<\/td>\n<td style=\"height:19px;\">\n<p>FRA<\/p>\n<\/td>\n<td style=\"height:19px;\">\n<p>CC VITREEN<\/p>\n<\/td>\n<td style=\"height:19px;\">\n<p>OPEN 3<\/p>\n<\/td>\n<\/tr>\n<tr>\n<td style=\"height:18px;\">\n<p>CHAN TSIN ROMAIN<\/p>\n<\/td>\n<td style=\"height:18px;\">\n<p>FRA<\/p>\n<\/td>\n<td style=\"height:18px;\">\n<p>MOYON PERCY VELO CLUB<\/p>\n<\/td>\n<td style=\"height:18px;\">\n<p>ELITE<\/p>\n<\/td>\n<\/tr>\n<tr>\n<td style=\"height:19px;\">\n<p>DROUET VICTOR<\/p>\n<\/td>\n<td style=\"height:19px;\">\n<p>FRA<\/p>\n<\/td>\n<td style=\"height:19px;\">\n<p>MOYON PERCY VELO CLUB<\/p>\n<\/td>\n<td style=\"height:19px;\">\n<p>ELITE<\/p>\n<\/td>\n<\/tr>\n<tr>\n<td style=\"height:18px;\">\n<p>DUBOS ARTHUR<\/p>\n<\/td>\n<td style=\"height:18px;\">\n<p>FRA<\/p>\n<\/td>\n<td style=\"height:18px;\">\n<p>MOYON PERCY VELO CLUB<\/p>\n<\/td>\n<td style=\"height:18px;\">\n<p>OPEN 1<\/p>\n<\/td>\n<\/tr>\n<tr>\n<td style=\"height:19px;\">\n<p>HALLEY MATHEO<\/p>\n<\/td>\n<td style=\"height:19px;\">\n<p>FRA<\/p>\n<\/td>\n<td style=\"height:19px;\">\n<p>MOYON PERCY VELO CLUB<\/p>\n<\/td>\n<td style=\"height:19px;\">\n<p>OPEN 1<\/p>\n<\/td>\n<\/tr>\n<tr>\n<td style=\"height:18px;\">\n<p>LEGEAY ROBIN<\/p>\n<\/td>\n<td style=\"height:18px;\">\n<p>FRA<\/p>\n<\/td>\n<td style=\"height:18px;\">\n<p>MOYON PERCY VELO CLUB<\/p>\n<\/td>\n<td style=\"height:18px;\">\n<p>OPEN 1<\/p>\n<\/td>\n<\/tr>\n<tr>\n<td style=\"height:19px;\">\n<p>FREULON ETIENNE<\/p>\n<\/td>\n<td style=\"height:19px;\">\n<p>FRA<\/p>\n<\/td>\n<td style=\"height:19px;\">\n<p>SABLE SARTHE CYCLISME PDL<\/p>\n<\/td>\n<td style=\"height:19px;\">\n<p>OPEN 2<\/p>\n<\/td>\n<\/tr>\n<tr>\n<td style=\"height:18px;\">\n<p>MAHIER ROBIN<\/p>\n<\/td>\n<td style=\"height:18px;\">\n<p>FRA<\/p>\n<\/td>\n<td style=\"height:18px;\">\n<p>SABLE SARTHE CYCLISME PDL<\/p>\n<\/td>\n<td style=\"height:18px;\">\n<p>ELITE<\/p>\n<\/td>\n<\/tr>\n<tr>\n<td style=\"height:19px;\">\n<p>VOISIN CLEMENT<\/p>\n<\/td>\n<td style=\"height:19px;\">\n<p>FRA<\/p>\n<\/td>\n<td style=\"height:19px;\">\n<p>SABLE SARTHE CYCLISME PDL<\/p>\n<\/td>\n<td style=\"height:19px;\">\n<p>OPEN 1<\/p>\n<\/td>\n<\/tr>\n<tr>\n<td style=\"height:18px;\">\n<p>COUPPEY BENJAMIN<\/p>\n<\/td>\n<td style=\"height:18px;\">\n<p>FRA<\/p>\n<\/td>\n<td style=\"height:18px;\">\n<p>EC QUEVILLY<\/p>\n<\/td>\n<td style=\"height:18px;\">\n<p>OPEN 1<\/p>\n<\/td>\n<\/tr>\n<tr>\n<td style=\"height:19px;\">\n<p>COLOMBE MAXENCE<\/p>\n<\/td>\n<td style=\"height:19px;\">\n<p>FRA<\/p>\n<\/td>\n<td style=\"height:19px;\">\n<p>ES TORIGNI<\/p>\n<\/td>\n<td style=\"height:19px;\">\n<p>ELITE<\/p>\n<\/td>\n<\/tr>\n<tr>\n<td style=\"height:18px;\">\n<p>GLOT RAPHAEL<\/p>\n<\/td>\n<td style=\"height:18px;\">\n<p>FRA<\/p>\n<\/td>\n<td style=\"height:18px;\">\n<p>ES TORIGNI<\/p>\n<\/td>\n<td style=\"height:18px;\">\n<p>ELITE<\/p>\n<\/td>\n<\/tr>\n<tr>\n<td style=\"height:19px;\">\n<p>RABAS NATHAN<\/p>\n<\/td>\n<td style=\"height:19px;\">\n<p>FRA<\/p>\n<\/td>\n<td style=\"height:19px;\">\n<p>MONTOIR ATLANTIQUE CYCLISME<\/p>\n<\/td>\n<td style=\"height:19px;\">\n<p>OPEN 1<\/p>\n<\/td>\n<\/tr>\n<tr>\n<td style=\"height:18px;\">\n<p>BROUARD LEO<\/p>\n<\/td>\n<td style=\"height:18px;\">\n<p>FRA<\/p>\n<\/td>\n<td style=\"height:18px;\">\n<p>TEAM ADRIS \/ LA CREPE DE BROC<\/p>\n<\/td>\n<td style=\"height:18px;\">\n<p>OPEN 1<\/p>\n<\/td>\n<\/tr>\n<tr>\n<td style=\"height:19px;\">\n<p>GOMBAUD ALESSIO<\/p>\n<\/td>\n<td style=\"height:19px;\">\n<p>FRA<\/p>\n<\/td>\n<td style=\"height:19px;\">\n<p>TEAM ADRIS \/ LA CREPE DE BROC<\/p>\n<\/td>\n<td style=\"height:19px;\">\n<p>OPEN 1<\/p>\n<\/td>\n<\/tr>\n<tr>\n<td style=\"height:18px;\">\n<p>NICOLAS ARTHUR<\/p>\n<\/td>\n<td style=\"height:18px;\">\n<p>FRA<\/p>\n<\/td>\n<td style=\"height:18px;\">\n<p>TEAM BRICQUEBEC COTENTIN<\/p>\n<\/td>\n<td style=\"height:18px;\">\n<p>ELITE<\/p>\n<\/td>\n<\/tr>\n<tr>\n<td style=\"height:19px;\">\n<p>LE CAM BRENDAN<\/p>\n<\/td>\n<td style=\"height:19px;\">\n<p>FRA<\/p>\n<\/td>\n<td style=\"height:19px;\">\n<p>TEAM SPORTBREIZH<\/p>\n<\/td>\n<td style=\"height:19px;\">\n<p>ELITE<\/p>\n<\/td>\n<\/tr>\n<tr>\n<td style=\"height:18px;\">\n<p>MELLIER ALEXANDRE<\/p>\n<\/td>\n<td style=\"height:18px;\">\n<p>FRA<\/p>\n<\/td>\n<td style=\"height:18px;\">\n<p>TEAM SPRINT ENERGY<\/p>\n<\/td>\n<td style=\"height:18px;\">\n<p>OPEN 3<\/p>\n<\/td>\n<\/tr>\n<tr>\n<td style=\"height:19px;\">\n<p>DAUDIN GUENEGOU FRANCK<\/p>\n<\/td>\n<td style=\"height:19px;\">\n<p>FRA<\/p>\n<\/td>\n<td style=\"height:19px;\">\n<p>UCK VANNES BRETAGNE SUD CYC<\/p>\n<\/td>\n<td style=\"height:19px;\">\n<p>OPEN 1<\/p>\n<\/td>\n<\/tr>\n<tr>\n<td style=\"height:18px;\">\n<p>RUFFAULT CAETANO<\/p>\n<\/td>\n<td style=\"height:18px;\">\n<p>FRA<\/p>\n<\/td>\n<td style=\"height:18px;\">\n<p>US VERN CYCLISME<\/p>\n<\/td>\n<td style=\"height:18px;\">\n<p>OPEN 2<\/p>\n<\/td>\n<\/tr>\n<tr>\n<td style=\"height:19px;\">\n<p>DOLEDEC ELOUAN<\/p>\n<\/td>\n<td style=\"height:19px;\">\n<p>FRA<\/p>\n<\/td>\n<td style=\"height:19px;\">\n<p>VC DINANNAIS<\/p>\n<\/td>\n<td style=\"height:19px;\">\n<p>ELITE<\/p>\n<\/td>\n<\/tr>\n<tr>\n<td style=\"height:18px;\">\n<p>LESNE ROBIN<\/p>\n<\/td>\n<td style=\"height:18px;\">\n<p>FRA<\/p>\n<\/td>\n<td style=\"height:18px;\">\n<p>VC DINANNAIS<\/p>\n<\/td>\n<td style=\"height:18px;\">\n<p>ELITE<\/p>\n<\/td>\n<\/tr>\n<tr>\n<td style=\"height:19px;\">\n<p>SOUCHON ANTONIN<\/p>\n<\/td>\n<td style=\"height:19px;\">\n<p>FRA<\/p>\n<\/td>\n<td style=\"height:19px;\">\n<p>VC PAYS DE LOUDEAC<\/p>\n<\/td>\n<td style=\"height:19px;\">\n<p>ELITE<\/p>\n<\/td>\n<\/tr>\n<tr>\n<td style=\"height:18px;\">\n<p>BABONNEAU MATISSE<\/p>\n<\/td>\n<td style=\"height:18px;\">\n<p>FRA<\/p>\n<\/td>\n<td style=\"height:18px;\">\n<p>VC THOUARS<\/p>\n<\/td>\n<td style=\"height:18px;\">\n<p>ELITE<\/p>\n<\/td>\n<\/tr>\n<tr>\n<td style=\"height:19px;\">\n<p>FERNANDEZ MANOLO<\/p>\n<\/td>\n<td style=\"height:19px;\">\n<p>FRA<\/p>\n<\/td>\n<td style=\"height:19px;\">\n<p>VELO CLUB ESSARTAIS<\/p>\n<\/td>\n<td style=\"height:19px;\">\n<p>OPEN 2<\/p>\n<\/td>\n<\/tr>\n<tr>\n<td style=\"height:18px;\">\n<p>MALO NATHAN<\/p>\n<\/td>\n<td style=\"height:18px;\">\n<p>FRA<\/p>\n<\/td>\n<td style=\"height:18px;\">\n<p>VELO CLUB SAVENAISIEN<\/p>\n<\/td>\n<td style=\"height:18px;\">\n<p>OPEN 1<\/p>\n<\/td>\n<\/tr>\n<p>\u00a0<\/p>\n<p>ENGAGES DU 24 AOUT<\/p>\n<p>OPEN 1-2-3 ET ACCESS<\/p>\n<tr>\n<td>\n<p>PROD&rsquo;HOMME FABIEN<\/p>\n<\/td>\n<td>\n<p>ENTENTE CYCLISTE CRAON-RENA<\/p>\n<\/td>\n<td>\n<p>OP-2<\/p>\n<\/td>\n<\/tr>\n<tr>\n<td>\n<p>DUTERTRE JULIEN<\/p>\n<\/td>\n<td>\n<p>UNION CYCLISTE SUD 53<\/p>\n<\/td>\n<td>\n<p>OP-3J<\/p>\n<\/td>\n<\/tr>\n<tr>\n<td>\n<p>FERRON TIMOTE<\/p>\n<\/td>\n<td>\n<p>UNION CYCLISTE SUD 53<\/p>\n<\/td>\n<td>\n<p>OP-2J<\/p>\n<\/td>\n<\/tr>\n<tr>\n<td>\n<p>GEGU TANGUY<\/p>\n<\/td>\n<td>\n<p>UNION CYCLISTE SUD 53<\/p>\n<\/td>\n<td>\n<p>OP-2<\/p>\n<\/td>\n<\/tr>\n<tr>\n<td>\n<p>HOUDIN NOLAN<\/p>\n<\/td>\n<td>\n<p>UNION CYCLISTE SUD 53<\/p>\n<\/td>\n<td>\n<p>OP-3<\/p>\n<\/td>\n<\/tr>\n<tr>\n<td>\n<p>MENANT LIAM<\/p>\n<\/td>\n<td>\n<p>UNION CYCLISTE SUD 53<\/p>\n<\/td>\n<td>\n<p>OP-2J<\/p>\n<\/td>\n<\/tr>\n<tr>\n<td>\n<p>PROD&rsquo;HOMME MATTHIEU<\/p>\n<\/td>\n<td>\n<p>UNION CYCLISTE SUD 53<\/p>\n<\/td>\n<td>\n<p>OP-1<\/p>\n<\/td>\n<\/tr>\n<tr>\n<td>\n<p>FONTAINE ELIOT<\/p>\n<\/td>\n<td>\n<p>VC CHATEAU GONTIER<\/p>\n<\/td>\n<td>\n<p>OP-2J<\/p>\n<\/td>\n<\/tr>\n<tr>\n<td>\n<p>FOUCHER YOANN<\/p>\n<\/td>\n<td>\n<p>VC CHATEAU GONTIER<\/p>\n<\/td>\n<td>\n<p>OP-3<\/p>\n<\/td>\n<\/tr>\n<tr>\n<td>\n<p>GUERIN MICKAEL<\/p>\n<\/td>\n<td>\n<p>VC CHATEAU GONTIER<\/p>\n<\/td>\n<td>\n<p>OP-3<\/p>\n<\/td>\n<\/tr>\n<tr>\n<td>\n<p>HERIVEAU JEROME<\/p>\n<\/td>\n<td>\n<p>VC CHATEAU GONTIER<\/p>\n<\/td>\n<td>\n<p>ACC-2<\/p>\n<\/td>\n<\/tr>\n<tr>\n<td>\n<p>LEBRETON JULES<\/p>\n<\/td>\n<td>\n<p>VC CHATEAU GONTIER<\/p>\n<\/td>\n<td>\n<p>ACC-1<\/p>\n<\/td>\n<\/tr>\n<tr>\n<td>\n<p>MACHECOURT NOAH<\/p>\n<\/td>\n<td>\n<p>VC CHATEAU GONTIER<\/p>\n<\/td>\n<td>\n<p>ACC-1<\/p>\n<\/td>\n<\/tr>\n<tr>\n<td>\n<p>SEYEUX TIMOTHEE<\/p>\n<\/td>\n<td>\n<p>VC CHATEAU GONTIER<\/p>\n<\/td>\n<td>\n<p>OP-3<\/p>\n<\/td>\n<\/tr>\n<tr>\n<td>\n<p>ANNE LEVERRIER MARTIN<\/p>\n<\/td>\n<td>\n<p>CYCLO CLUB ERNEEN<\/p>\n<\/td>\n<td>\n<p>OP-2J<\/p>\n<\/td>\n<\/tr>\n<tr>\n<td>\n<p>BEUNEUX SEBASTIEN<\/p>\n<\/td>\n<td>\n<p>CYCLO CLUB ERNEEN<\/p>\n<\/td>\n<td>\n<p>ACC-1<\/p>\n<\/td>\n<\/tr>\n<tr>\n<td>\n<p>BEUCHER TYLAN<\/p>\n<\/td>\n<td>\n<p>EC MAYENNAISE<\/p>\n<\/td>\n<td>\n<p>OP-2J<\/p>\n<\/td>\n<\/tr>\n<tr>\n<td>\n<p>LAGOUTTE DORIAN<\/p>\n<\/td>\n<td>\n<p>EC MAYENNAISE<\/p>\n<\/td>\n<td>\n<p>OP-2<\/p>\n<\/td>\n<\/tr>\n<tr>\n<td>\n<p>MAIGNAN MAXENCE<\/p>\n<\/td>\n<td>\n<p>EC MAYENNAISE<\/p>\n<\/td>\n<td>\n<p>OP-1<\/p>\n<\/td>\n<\/tr>\n<tr>\n<td>\n<p>DHERUELLE CLEMENT<\/p>\n<\/td>\n<td>\n<p>LAVAL CYCLISME 53<\/p>\n<\/td>\n<td>\n<p>OP-2J<\/p>\n<\/td>\n<\/tr>\n<tr>\n<td>\n<p>FOUCOIN OWEN<\/p>\n<\/td>\n<td>\n<p>LAVAL CYCLISME 53<\/p>\n<\/td>\n<td>\n<p>OP-1J<\/p>\n<\/td>\n<\/tr>\n<tr>\n<td>\n<p>GUERIN MAEL<\/p>\n<\/td>\n<td>\n<p>LAVAL CYCLISME 53<\/p>\n<\/td>\n<td>\n<p>OP-3J<\/p>\n<\/td>\n<\/tr>\n<tr>\n<td>\n<p>RENOU REMY<\/p>\n<\/td>\n<td>\n<p>UC ENTRAMMES PARNE FORCE<\/p>\n<\/td>\n<td>\n<p>ACC-1<\/p>\n<\/td>\n<\/tr>\n<tr>\n<td>\n<p>DAVID MATHIEU<\/p>\n<\/td>\n<td>\n<p>US ST HERBLAIN<\/p>\n<\/td>\n<td>\n<p>OP-1<\/p>\n<\/td>\n<\/tr>\n<tr>\n<td>\n<p>LEBOT THOMAS<\/p>\n<\/td>\n<td>\n<p>US ST HERBLAIN<\/p>\n<\/td>\n<td>\n<p>OP-1<\/p>\n<\/td>\n<\/tr>\n<tr>\n<td>\n<p>BEUCHER NOA<\/p>\n<\/td>\n<td>\n<p>MOYON PERCY VELO CLUB<\/p>\n<\/td>\n<td>\n<p>OP-1<\/p>\n<\/td>\n<\/tr>\n<tr>\n<td>\n<p>DUBOS ARTHUR<\/p>\n<\/td>\n<td>\n<p>MOYON PERCY VELO CLUB<\/p>\n<\/td>\n<td>\n<p>OP-1<\/p>\n<\/td>\n<\/tr>\n<tr>\n<td>\n<p>LEGEAY ROBIN<\/p>\n<\/td>\n<td>\n<p>MOYON PERCY VELO CLUB<\/p>\n<\/td>\n<td>\n<p>OP-1<\/p>\n<\/td>\n<\/tr>\n<tr>\n<td>\n<p>ROGER MATHIEU<\/p>\n<\/td>\n<td>\n<p>MOYON PERCY VELO CLUB<\/p>\n<\/td>\n<td>\n<p>OP-1<\/p>\n<\/td>\n<\/tr>\n<tr>\n<td>\n<p>SHPAKOUSKI VIACHASLAU<\/p>\n<\/td>\n<td>\n<p>MOYON PERCY VELO CLUB<\/p>\n<\/td>\n<td>\n<p>OP-1<\/p>\n<\/td>\n<\/tr>\n<tr>\n<td>\n<p>THIEULENT THEO<\/p>\n<\/td>\n<td>\n<p>MOYON PERCY VELO CLUB<\/p>\n<\/td>\n<td>\n<p>OP-1J<\/p>\n<\/td>\n<\/tr>\n<tr>\n<td>\n<p>BOSSARD EMILE<\/p>\n<\/td>\n<td>\n<p>SABLE SARTHE CYCLISME PDL<\/p>\n<\/td>\n<td>\n<p>OP-1<\/p>\n<\/td>\n<\/tr>\n<tr>\n<td>\n<p>BRETON CLEMENT<\/p>\n<\/td>\n<td>\n<p>SABLE SARTHE CYCLISME PDL<\/p>\n<\/td>\n<td>\n<p>OP-1J<\/p>\n<\/td>\n<\/tr>\n<tr>\n<td>\n<p>BRIERE SIMON<\/p>\n<\/td>\n<td>\n<p>SABLE SARTHE CYCLISME PDL<\/p>\n<\/td>\n<td>\n<p>OP-2<\/p>\n<\/td>\n<\/tr>\n<tr>\n<td>\n<p>SOUFFACHE STELLIO<\/p>\n<\/td>\n<td>\n<p>SABLE SARTHE CYCLISME PDL<\/p>\n<\/td>\n<td>\n<p>OP-1<\/p>\n<\/td>\n<\/tr>\n<tr>\n<td>\n<p>BARBOT SERAPHIN<\/p>\n<\/td>\n<td>\n<p>SCO CYCLISME ANGERS<\/p>\n<\/td>\n<td>\n<p>OP-1<\/p>\n<\/td>\n<\/tr>\n<tr>\n<td>\n<p>BAZIN GUILLAUME<\/p>\n<\/td>\n<td>\n<p>SCO CYCLISME ANGERS<\/p>\n<\/td>\n<td>\n<p>OP-3<\/p>\n<\/td>\n<\/tr>\n<tr>\n<td>\n<p>DANTON ARNAUD<\/p>\n<\/td>\n<td>\n<p>SCO CYCLISME ANGERS<\/p>\n<\/td>\n<td>\n<p>ACC-1<\/p>\n<\/td>\n<\/tr>\n<tr>\n<td>\n<p>GABORY LEO<\/p>\n<\/td>\n<td>\n<p>SCO CYCLISME ANGERS<\/p>\n<\/td>\n<td>\n<p>OP-2<\/p>\n<\/td>\n<\/tr>\n<tr>\n<td>\n<p>LE CANN LOICK<\/p>\n<\/td>\n<td>\n<p>SCO CYCLISME ANGERS<\/p>\n<\/td>\n<td>\n<p>OP-1<\/p>\n<\/td>\n<\/tr>\n<tr>\n<td>\n<p>SILLE ALEXANDRE<\/p>\n<\/td>\n<td>\n<p>SCO CYCLISME ANGERS<\/p>\n<\/td>\n<td>\n<p>OP-1J<\/p>\n<\/td>\n<\/tr>\n<tr>\n<td>\n<p>JAMIN VICTOR<\/p>\n<\/td>\n<td>\n<p>AC BREVINOIS<\/p>\n<\/td>\n<td>\n<p>OP-1<\/p>\n<\/td>\n<\/tr>\n<tr>\n<td>\n<p>BEAUCE ANGE<\/p>\n<\/td>\n<td>\n<p>CC LIFFRE<\/p>\n<\/td>\n<td>\n<p>OP-2J<\/p>\n<\/td>\n<\/tr>\n<tr>\n<td>\n<p>DESMOTS MAHE<\/p>\n<\/td>\n<td>\n<p>CC PLANCOETIN<\/p>\n<\/td>\n<td>\n<p>OP-2J<\/p>\n<\/td>\n<\/tr>\n<tr>\n<td>\n<p>CADO CORENTIN<\/p>\n<\/td>\n<td>\n<p>CORBAS LYON METROPOLE<\/p>\n<\/td>\n<td>\n<p>OP-2<\/p>\n<\/td>\n<\/tr>\n<tr>\n<td>\n<p>BELLARDANT DAMIEN<\/p>\n<\/td>\n<td>\n<p>CSM CLAMART<\/p>\n<\/td>\n<td>\n<p>OP-2J<\/p>\n<\/td>\n<\/tr>\n<tr>\n<td>\n<p>BENION JULIEN<\/p>\n<\/td>\n<td>\n<p>CV DE CHEMILLE<\/p>\n<\/td>\n<td>\n<p>OP-1<\/p>\n<\/td>\n<\/tr>\n<tr>\n<td>\n<p>GABORIT SYLVAIN<\/p>\n<\/td>\n<td>\n<p>DOUE ANJOU CYCLISME<\/p>\n<\/td>\n<td>\n<p>OP-3<\/p>\n<\/td>\n<\/tr>\n<tr>\n<td>\n<p>BACLE AXEL<\/p>\n<\/td>\n<td>\n<p>EC QUEVILLY<\/p>\n<\/td>\n<td>\n<p>OP-1<\/p>\n<\/td>\n<\/tr>\n<tr>\n<td>\n<p>COUPPEY BENJAMIN<\/p>\n<\/td>\n<td>\n<p>EC QUEVILLY<\/p>\n<\/td>\n<td>\n<p>OP-1<\/p>\n<\/td>\n<\/tr>\n<tr>\n<td>\n<p>GUERIN GOULVEN<\/p>\n<\/td>\n<td>\n<p>ES TORIGNI<\/p>\n<\/td>\n<td>\n<p>OP-1<\/p>\n<\/td>\n<\/tr>\n<tr>\n<td>\n<p>PICHON TILIO<\/p>\n<\/td>\n<td>\n<p>ESC CHAMPAGNE<\/p>\n<\/td>\n<td>\n<p>OP-2J<\/p>\n<\/td>\n<\/tr>\n<tr>\n<td>\n<p>TEXIER THOMAS<\/p>\n<\/td>\n<td>\n<p>LA ROCHE SUR YON VENDEE CYC<\/p>\n<\/td>\n<td>\n<p>OP-1<\/p>\n<\/td>\n<\/tr>\n<tr>\n<td>\n<p>CHAUPITRE JULIEN<\/p>\n<\/td>\n<td>\n<p>PLEDRAN ST CARREUC CYCLISME<\/p>\n<\/td>\n<td>\n<p>OP-1<\/p>\n<\/td>\n<\/tr>\n<tr>\n<td>\n<p>BROUARD LEO<\/p>\n<\/td>\n<td>\n<p>TEAM ADRIS \/ LA CREPE DE BROC<\/p>\n<\/td>\n<td>\n<p>OP-1<\/p>\n<\/td>\n<\/tr>\n<tr>\n<td>\n<p>RYO SWANN<\/p>\n<\/td>\n<td>\n<p>TEAM ADRIS \/ LA CREPE DE BROC<\/p>\n<\/td>\n<td>\n<p>OP-1<\/p>\n<\/td>\n<\/tr>\n<tr>\n<td>\n<p>BRODEAU ROMEO<\/p>\n<\/td>\n<td>\n<p>U.V.C.A TROYES<\/p>\n<\/td>\n<td>\n<p>OP-1<\/p>\n<\/td>\n<\/tr>\n<tr>\n<td>\n<p>BRICARD NOA<\/p>\n<\/td>\n<td>\n<p>UC ALENCON DAMIGNY<\/p>\n<\/td>\n<td>\n<p>ACC-1J<\/p>\n<\/td>\n<\/tr>\n<tr>\n<td>\n<p>CHAUVAT LOEVAN<\/p>\n<\/td>\n<td>\n<p>UNION CYCLISTE CHOLET 49<\/p>\n<\/td>\n<td>\n<p>OP-1<\/p>\n<\/td>\n<\/tr>\n<tr>\n<td>\n<p>GARNIER MATTEO<\/p>\n<\/td>\n<td>\n<p>VC PAYS DE LOUDEAC<\/p>\n<\/td>\n<td>\n<p>OP-1<\/p>\n<\/td>\n<\/tr>\n<tr>\n<td>\n<p>GUERANGER FLORIAN<\/p>\n<\/td>\n<td>\n<p>VELO CLUB DE CONLIE<\/p>\n<\/td>\n<td>\n<p>OP-2<\/p>\n<\/td>\n<\/tr>\n<tr>\n<td>\n<p>DELANDE BAPTISTE<\/p>\n<\/td>\n<td>\n<p>VELO CLUB VERROIS<\/p>\n<\/td>\n<td>\n<p>OP-1<\/p>\n<\/td>\n<\/tr>\n<tr>\n<td>\n<p>DEMARTY ALEXIS<\/p>\n<\/td>\n<td>\n<p>VELO CLUB VERROIS<\/p>\n<\/td>\n<td>\n<p>OP-1<\/p>\n<\/td>\n<\/tr>\n<tr>\n<td>\n<p>LERAT BRAYAN<\/p>\n<\/td>\n<td>\n<p>VELO SPORT VALLETAIS<\/p>\n<\/td>\n<td>\n<p>OP-1<\/p>\n<\/td>\n<\/tr>\n<tr>\n<td>\n<p>DEFFAINS ENZO<\/p>\n<\/td>\n<td>\n<p>VELOPLAIZ<\/p>\n<\/td>\n<td>\n<p>OP-1<\/p>\n<\/td>\n<\/tr>\n<tr>\n<td>\n<p>EVEN LUCAS<\/p>\n<\/td>\n<td>\n<p>VELOPLAIZ<\/p>\n<\/td>\n<td>\n<p>OP-1<\/p>\n<\/td>\n<\/tr>\n<tr>\n<td>\n<p>BANNER NICOLAS<\/p>\n<\/td>\n<td>\n<p>VS PAYS DE LAMBALLE<\/p>\n<\/td>\n<td>\n<p>OP-1<\/p>\n<\/td>\n<\/tr>\n<tr>\n<td>\n<p>AUFFRET RODRIGUE<\/p>\n<\/td>\n<td>\n<p>CC VITREEN<\/p>\n<\/td>\n<td>\n<p>OP-3<\/p>\n<\/td>\n<\/tr>\n<tr>\n<td>\n<p>CAILLET BASTIEN<\/p>\n<\/td>\n<td>\n<p>CC VITREEN<\/p>\n<\/td>\n<td>\n<p>OP-2<\/p>\n<\/td>\n<\/tr>\n<tr>\n<td>\n<p>CANET THIBAUT<\/p>\n<\/td>\n<td>\n<p>CC VITREEN<\/p>\n<\/td>\n<td>\n<p>OP-3J<\/p>\n<\/td>\n<\/tr>\n<tr>\n<td>\n<p>LOISIL LUCAS<\/p>\n<\/td>\n<td>\n<p>CC VITREEN<\/p>\n<\/td>\n<td>\n<p>OP-3J<\/p>\n<\/td>\n<\/tr>\n<tr>\n<td>\n<p>MARION ALAN<\/p>\n<\/td>\n<td>\n<p>CC VITREEN<\/p>\n<\/td>\n<td>\n<p>OP-3<\/p>\n<\/td>\n<\/tr>\n<tr>\n<td>\n<p>RADIER CORENTIN<\/p>\n<\/td>\n<td>\n<p>CC VITREEN<\/p>\n<\/td>\n<td>\n<p>OP-2<\/p>\n<\/td>\n<\/tr>\n<tr>\n<td>\n<p>RADIER JULIEN<\/p>\n<\/td>\n<td>\n<p>CC VITREEN<\/p>\n<\/td>\n<td>\n<p>OP-2<\/p>\n<\/td>\n<\/tr>\n<tr>\n<td>\n<p>PATY MICKAEL<\/p>\n<\/td>\n<td>\n<p>CLUB CYCLISTE CHATEAUGIRON<\/p>\n<\/td>\n<td>\n<p>ACC-2<\/p>\n<\/td>\n<\/tr>\n<tr>\n<td>\n<p>REGNARD MARIUS<\/p>\n<\/td>\n<td>\n<p>COC FOUGERAIS<\/p>\n<\/td>\n<td>\n<p>OP-3J<\/p>\n<\/td>\n<\/tr>\n<tr>\n<td>\n<p>ROISIL DAVID<\/p>\n<\/td>\n<td>\n<p>COC FOUGERAIS<\/p>\n<\/td>\n<td>\n<p>OP-3<\/p>\n<\/td>\n<\/tr>\n<tr>\n<td>\n<p>POILVERT FREDDY<\/p>\n<\/td>\n<td>\n<p>TEAM PODIOCOM JANZE<\/p>\n<\/td>\n<td>\n<p>OP-1<\/p>\n<\/td>\n<\/tr>\n<tr>\n<td>\n<p>MAHE FLORIAN<\/p>\n<\/td>\n<td>\n<p>TEAM RBS<\/p>\n<\/td>\n<td>\n<p>OP-1<\/p>\n<\/td>\n<\/tr>\n<tr>\n<td>\n<p>AMICE TOM<\/p>\n<\/td>\n<td>\n<p>TEAM SPORTBREIZH<\/p>\n<\/td>\n<td>\n<p>OP-1<\/p>\n<\/td>\n<\/tr>\n<tr>\n<td>\n<p>DUVAL GWENDY<\/p>\n<\/td>\n<td>\n<p>TEAM SPORTBREIZH<\/p>\n<\/td>\n<td>\n<p>OP-1<\/p>\n<\/td>\n<\/tr>\n<tr>\n<td>\n<p>BOIVENT ROMAIN<\/p>\n<\/td>\n<td>\n<p>TEAM TED DIT AUTISME<\/p>\n<\/td>\n<td>\n<p>OP-3J<\/p>\n<\/td>\n<\/tr>\n<tr>\n<td>\n<p>MELLIER MALO<\/p>\n<\/td>\n<td>\n<p>TEAM TED DIT AUTISME<\/p>\n<\/td>\n<td>\n<p>ACC-1J<\/p>\n<\/td>\n<\/tr>\n<tr>\n<td>\n<p>CHATELAIS EWEN<\/p>\n<\/td>\n<td>\n<p>US VERN CYCLISME<\/p>\n<\/td>\n<td>\n<p>OP-1J<\/p>\n<\/td>\n<\/tr>\n<tr>\n<td>\n<p>COLLILIEUX ARENA ELIOT<\/p>\n<\/td>\n<td>\n<p>US VERN CYCLISME<\/p>\n<\/td>\n<td>\n<p>OP-3J<\/p>\n<\/td>\n<\/tr>\n<tr>\n<td>\n<p>PICHARD PIERRE<\/p>\n<\/td>\n<td>\n<p>US VERN CYCLISME<\/p>\n<\/td>\n<td>\n<p>OP-2<\/p>\n<\/td>\n<\/tr>\n<tr>\n<td>\n<p>LEGENTIL LEO<\/p>\n<\/td>\n<td>\n<p>VC AVRANCHES<\/p>\n<\/td>\n<td>\n<p>OP-1<\/p>\n<\/td>\n<\/tr>\n<tr>\n<td>\n<p>MOISSERON ELLIOT<\/p>\n<\/td>\n<td>\n<p>VC AVRANCHES<\/p>\n<\/td>\n<td>\n<p>OP-1<\/p>\n<\/td>\n<\/tr>\n<tr>\n<td>\n<p>ROQUET JEREMIE<\/p>\n<\/td>\n<td>\n<p>VC AVRANCHES<\/p>\n<\/td>\n<td>\n<p>OP-1<\/p>\n<\/td>\n<\/tr>\n<tr>\n<td>\n<p>BENOIT VALENTIN<\/p>\n<\/td>\n<td>\n<p>VC BOCAGE VIRE<\/p>\n<\/td>\n<td>\n<p>OP-1<\/p>\n<\/td>\n<\/tr>\n<tr>\n<td>\n<p>CARDRAIN HUGO<\/p>\n<\/td>\n<td>\n<p>VC BOCAGE VIRE<\/p>\n<\/td>\n<td>\n<p>OP-1<\/p>\n<\/td>\n<\/tr>\n<tr>\n<td>\n<p>CORNU BENJAMIN<\/p>\n<\/td>\n<td>\n<p>VC BOCAGE VIRE<\/p>\n<\/td>\n<td>\n<p>OP-1<\/p>\n<\/td>\n<\/tr>\n<tr>\n<td>\n<p>VERVAEREN BRICE<\/p>\n<\/td>\n<td>\n<p>VC HERBRETAIS<\/p>\n<\/td>\n<td>\n<p>OP-1<\/p>\n<\/td>\n<\/tr>\n<tr>\n<td>\n<p>BEAUMONT DORIAN<\/p>\n<\/td>\n<td>\n<p>VC LUCEEN<\/p>\n<\/td>\n<td>\n<p>OP-1<\/p>\n<\/td>\n<\/tr>\n<tr>\n<td>\n<p>FER LUCAS<\/p>\n<\/td>\n<td>\n<p>VC PAYS DE LORIENT<\/p>\n<\/td>\n<td>\n<p>OP-1<\/p>\n<\/td>\n<\/tr>\n<p>U15 G-F ET U17F<\/p>\n<tr>\n<td>\n<p>BELSEUR GABIN<\/p>\n<\/td>\n<td>\n<p>ENTENTE CYCLISTE CRAON-RENA<\/p>\n<\/td>\n<td>\n<p>U15<\/p>\n<\/td>\n<\/tr>\n<tr>\n<td>\n<p>DERVE TIMEO<\/p>\n<\/td>\n<td>\n<p>ENTENTE CYCLISTE CRAON-RENA<\/p>\n<\/td>\n<td>\n<p>U15<\/p>\n<\/td>\n<\/tr>\n<tr>\n<td>\n<p>DHERUELLE THIBAUT<\/p>\n<\/td>\n<td>\n<p>ENTENTE CYCLISTE CRAON-RENA<\/p>\n<\/td>\n<td>\n<p>U15<\/p>\n<\/td>\n<\/tr>\n<tr>\n<td>\n<p>AUDIGE NOAH<\/p>\n<\/td>\n<td>\n<p>LAVAL CYCLISME 53<\/p>\n<\/td>\n<td>\n<p>U15<\/p>\n<\/td>\n<\/tr>\n<tr>\n<td>\n<p>JUHEL ANTONIN<\/p>\n<\/td>\n<td>\n<p>LAVAL CYCLISME 53<\/p>\n<\/td>\n<td>\n<p>U15<\/p>\n<\/td>\n<\/tr>\n<tr>\n<td>\n<p>PRIME AODREN<\/p>\n<\/td>\n<td>\n<p>LAVAL CYCLISME 53<\/p>\n<\/td>\n<td>\n<p>U15<\/p>\n<\/td>\n<\/tr>\n<tr>\n<td>\n<p>ROUBOT ENOLA<\/p>\n<\/td>\n<td>\n<p>VC CHATEAU GONTIER<\/p>\n<\/td>\n<td>\n<p>U15<\/p>\n<\/td>\n<\/tr>\n<tr>\n<td>\n<p>BERNARD ESTEBAN<\/p>\n<\/td>\n<td>\n<p>CYCLO CLUB ERNEEN<\/p>\n<\/td>\n<td>\n<p>U15<\/p>\n<\/td>\n<\/tr>\n<tr>\n<td>\n<p>BARBIER YLANN<\/p>\n<\/td>\n<td>\n<p>EC MAYENNAISE<\/p>\n<\/td>\n<td>\n<p>U15<\/p>\n<\/td>\n<\/tr>\n<tr>\n<td>\n<p>LEBRETON NOLAN<\/p>\n<\/td>\n<td>\n<p>LE MANS SARTHE VELO<\/p>\n<\/td>\n<td>\n<p>U15<\/p>\n<\/td>\n<\/tr>\n<tr>\n<td>\n<p>PLOUHINEC EVAN<\/p>\n<\/td>\n<td>\n<p>BRETTE SPORTIF<\/p>\n<\/td>\n<td>\n<p>U15<\/p>\n<\/td>\n<\/tr>\n<tr>\n<td>\n<p>DAUFFY ILAN<\/p>\n<\/td>\n<td>\n<p>CC CASTELBRIANTAIS<\/p>\n<\/td>\n<td>\n<p>U15<\/p>\n<\/td>\n<\/tr>\n<tr>\n<td>\n<p>VITTER LEO<\/p>\n<\/td>\n<td>\n<p>CC VITREEN<\/p>\n<\/td>\n<td>\n<p>U15<\/p>\n<\/td>\n<\/tr>\n<tr>\n<td>\n<p>AUVRAI ADAM MEDANE<\/p>\n<\/td>\n<td>\n<p>ES SEGREENNE DU HAUT ANJOU<\/p>\n<\/td>\n<td>\n<p>U15<\/p>\n<\/td>\n<\/tr>\n<tr>\n<td>\n<p>BOITEAU LOLA<\/p>\n<\/td>\n<td>\n<p>ES SEGREENNE DU HAUT ANJOU<\/p>\n<\/td>\n<td>\n<p>U15<\/p>\n<\/td>\n<\/tr>\n<tr>\n<td>\n<p>GUILLET PIERRE<\/p>\n<\/td>\n<td>\n<p>ES SEGREENNE DU HAUT ANJOU<\/p>\n<\/td>\n<td>\n<p>U15<\/p>\n<\/td>\n<\/tr>\n<tr>\n<td>\n<p>HUCHET NINO<\/p>\n<\/td>\n<td>\n<p>ES SEGREENNE DU HAUT ANJOU<\/p>\n<\/td>\n<td>\n<p>U15<\/p>\n<\/td>\n<\/tr>\n<tr>\n<td>\n<p>POULAIN MAEL<\/p>\n<\/td>\n<td>\n<p>UNION CYCLISTE SUD 53<\/p>\n<\/td>\n<td>\n<p>U15<\/p>\n<\/td>\n<\/tr>\n<tr>\n<td>\n<p>VALLEE LILOU<\/p>\n<\/td>\n<td>\n<p>UNION CYCLISTE SUD 53<\/p>\n<\/td>\n<td>\n<p>U15<\/p>\n<\/td>\n<\/tr>\n<tr>\n<td>\n<p>ROINARD JADE<\/p>\n<\/td>\n<td>\n<p>UNION CYCLISTE SUD 53<\/p>\n<\/td>\n<td>\n<p>U17<\/p>\n<\/td>\n<\/tr>\n<p>U17 G-F<\/p>\n<tr>\n<td>\n<p>BLAIS ALEXIS<\/p>\n<\/td>\n<td>\n<p>ENTENTE CYCLISTE CRAON-RENA<\/p>\n<\/td>\n<td>\n<p>U17<\/p>\n<\/td>\n<\/tr>\n<tr>\n<td>\n<p>DUTERTRE QUENTIN<\/p>\n<\/td>\n<td>\n<p>UNION CYCLISTE SUD 53<\/p>\n<\/td>\n<td>\n<p>U17<\/p>\n<\/td>\n<\/tr>\n<tr>\n<td>\n<p>LEMOINE KEZIAH<\/p>\n<\/td>\n<td>\n<p>UNION CYCLISTE SUD 53<\/p>\n<\/td>\n<td>\n<p>U17<\/p>\n<\/td>\n<\/tr>\n<tr>\n<td>\n<p>SEYEUX LEANDRE<\/p>\n<\/td>\n<td>\n<p>VC CHATEAU GONTIER<\/p>\n<\/td>\n<td>\n<p>U17<\/p>\n<\/td>\n<\/tr>\n<tr>\n<td>\n<p>AB\u00c9GUIL\u00c9 MATHIS<\/p>\n<\/td>\n<td>\n<p>EC MAYENNAISE<\/p>\n<\/td>\n<td>\n<p>U17<\/p>\n<\/td>\n<\/tr>\n<tr>\n<td>\n<p>DORMEAU VINCENT<\/p>\n<\/td>\n<td>\n<p>EC MAYENNAISE<\/p>\n<\/td>\n<td>\n<p>U17<\/p>\n<\/td>\n<\/tr>\n<tr>\n<td>\n<p>TROUSSIER MANOAH<\/p>\n<\/td>\n<td>\n<p>EC MAYENNAISE<\/p>\n<\/td>\n<td>\n<p>U17<\/p>\n<\/td>\n<\/tr>\n<tr>\n<td>\n<p>GONZALEZ COSNEAU ETHAN<\/p>\n<\/td>\n<td>\n<p>LE MANS SARTHE VELO<\/p>\n<\/td>\n<td>\n<p>U17<\/p>\n<\/td>\n<\/tr>\n<tr>\n<td>\n<p>GENEIX CAMILLE<\/p>\n<\/td>\n<td>\n<p>SCO CYCLISME ANGERS<\/p>\n<\/td>\n<td>\n<p>U17<\/p>\n<\/td>\n<\/tr>\n<tr>\n<td>\n<p>CHICAULT HUGO<\/p>\n<\/td>\n<td>\n<p>VCS BETTONNAIS<\/p>\n<\/td>\n<td>\n<p>U17<\/p>\n<\/td>\n<\/tr>\n<tr>\n<td>\n<p>COURCIER MAEL<\/p>\n<\/td>\n<td>\n<p>VS FERTOIS<\/p>\n<\/td>\n<td>\n<p>U17<\/p>\n<\/td>\n<\/tr>\n<p>\u00a0<\/p>\n<p>ENGAGES ECOLE DE VELO DU 23 AOUT<\/p>\n<tr>\n<td style=\"height:19px;\">\n<p>BOUVET LUCAS<\/p>\n<\/td>\n<td style=\"height:19px;\">\n<p>UNION CYCLISTE SUD 53<\/p>\n<\/td>\n<td style=\"height:19px;\">\n<p>U7<\/p>\n<\/td>\n<\/tr>\n<tr>\n<td style=\"height:18px;\">\n<p>HOURDIER ABEL<\/p>\n<\/td>\n<td style=\"height:18px;\">\n<p>UNION CYCLISTE SUD 53<\/p>\n<\/td>\n<td style=\"height:18px;\">\n<p>U9<\/p>\n<\/td>\n<\/tr>\n<tr>\n<td style=\"height:19px;\">\n<p>LUCA REJANE<\/p>\n<\/td>\n<td style=\"height:19px;\">\n<p>CC MONCONTOUR<\/p>\n<\/td>\n<td style=\"height:19px;\">\n<p>U9<\/p>\n<\/td>\n<\/tr>\n<tr>\n<td style=\"height:18px;\">\n<p>PIRON ROBIN<\/p>\n<\/td>\n<td style=\"height:18px;\">\n<p>CYCLO CLUB ERNEEN<\/p>\n<\/td>\n<td style=\"height:18px;\">\n<p>U9<\/p>\n<\/td>\n<\/tr>\n<tr>\n<td style=\"height:19px;\">\n<p>ROUBOT ALO\u00cfSS<\/p>\n<\/td>\n<td style=\"height:19px;\">\n<p>VC CHATEAU GONTIER<\/p>\n<\/td>\n<td style=\"height:19px;\">\n<p>U9<\/p>\n<\/td>\n<\/tr>\n<tr>\n<td style=\"height:18px;\">\n<p>ROUSSEAU INES<\/p>\n<\/td>\n<td style=\"height:18px;\">\n<p>EC MAYENNAISE<\/p>\n<\/td>\n<td style=\"height:18px;\">\n<p>U9<\/p>\n<\/td>\n<\/tr>\n<tr>\n<td style=\"height:19px;\">\n<p>BARBE QUENTIN<\/p>\n<\/td>\n<td style=\"height:19px;\">\n<p>LAVAL CYCLISME 53<\/p>\n<\/td>\n<td style=\"height:19px;\">\n<p>U11<\/p>\n<\/td>\n<\/tr>\n<tr>\n<td style=\"height:18px;\">\n<p>BOUVET THIBAUT<\/p>\n<\/td>\n<td style=\"height:18px;\">\n<p>UNION CYCLISTE SUD 53<\/p>\n<\/td>\n<td style=\"height:18px;\">\n<p>U11<\/p>\n<\/td>\n<\/tr>\n<tr>\n<td style=\"height:19px;\">\n<p>BUCHER LUBIN<\/p>\n<\/td>\n<td style=\"height:19px;\">\n<p>VC CHATEAU GONTIER<\/p>\n<\/td>\n<td style=\"height:19px;\">\n<p>U11<\/p>\n<\/td>\n<\/tr>\n<tr>\n<td style=\"height:18px;\">\n<p>DUCHENE OSCAR<\/p>\n<\/td>\n<td style=\"height:18px;\">\n<p>ES SEGREENNE DU HAUT ANJOU<\/p>\n<\/td>\n<td style=\"height:18px;\">\n<p>U11<\/p>\n<\/td>\n<\/tr>\n<tr>\n<td style=\"height:19px;\">\n<p>ECHELARD LAELYA<\/p>\n<\/td>\n<td style=\"height:19px;\">\n<p>ENTENTE CYCLISTE CRAON-RENA<\/p>\n<\/td>\n<td style=\"height:19px;\">\n<p>U11<\/p>\n<\/td>\n<\/tr>\n<tr>\n<td style=\"height:18px;\">\n<p>FUMETTI LOUCAS<\/p>\n<\/td>\n<td style=\"height:18px;\">\n<p>LAVAL CYCLISME 53<\/p>\n<\/td>\n<td style=\"height:18px;\">\n<p>U11<\/p>\n<\/td>\n<\/tr>\n<tr>\n<td style=\"height:19px;\">\n<p>HOUDMON LEA<\/p>\n<\/td>\n<td style=\"height:19px;\">\n<p>ENTENTE CYCLISTE CRAON-RENA<\/p>\n<\/td>\n<td style=\"height:19px;\">\n<p>U11<\/p>\n<\/td>\n<\/tr>\n<tr>\n<td style=\"height:18px;\">\n<p>JOUBLE LUKA<\/p>\n<\/td>\n<td style=\"height:18px;\">\n<p>CC PLANCOETIN<\/p>\n<\/td>\n<td style=\"height:18px;\">\n<p>U11<\/p>\n<\/td>\n<\/tr>\n<tr>\n<td style=\"height:19px;\">\n<p>LUCA NATHAN<\/p>\n<\/td>\n<td style=\"height:19px;\">\n<p>CC MONCONTOUR<\/p>\n<\/td>\n<td style=\"height:19px;\">\n<p>U11<\/p>\n<\/td>\n<\/tr>\n<tr>\n<td style=\"height:18px;\">\n<p>PIRON BAPTISTE<\/p>\n<\/td>\n<td style=\"height:18px;\">\n<p>CYCLO CLUB ERNEEN<\/p>\n<\/td>\n<td style=\"height:18px;\">\n<p>U11<\/p>\n<\/td>\n<\/tr>\n<tr>\n<td style=\"height:19px;\">\n<p>ROUSSEAU NOAH<\/p>\n<\/td>\n<td style=\"height:19px;\">\n<p>EC MAYENNAISE<\/p>\n<\/td>\n<td style=\"height:19px;\">\n<p>U11<\/p>\n<\/td>\n<\/tr>\n<tr>\n<td style=\"height:18px;\">\n<p>VAN DEN DRIESSCHE NYNA<\/p>\n<\/td>\n<td style=\"height:18px;\">\n<p>LAGNY PONTCARRE CYC.<\/p>\n<\/td>\n<td style=\"height:18px;\">\n<p>U11<\/p>\n<\/td>\n<\/tr>\n<tr>\n<td style=\"height:19px;\">\n<p>BOITEAU THEO<\/p>\n<\/td>\n<td style=\"height:19px;\">\n<p>ES SEGREENNE DU HAUT ANJOU<\/p>\n<\/td>\n<td style=\"height:19px;\">\n<p>U13<\/p>\n<\/td>\n<\/tr>\n<tr>\n<td style=\"height:18px;\">\n<p>BOURBON MORGAN<\/p>\n<\/td>\n<td style=\"height:18px;\">\n<p>ENTENTE CYCLISTE CRAON-RENA<\/p>\n<\/td>\n<td style=\"height:18px;\">\n<p>U13<\/p>\n<\/td>\n<\/tr>\n<tr>\n<td style=\"height:19px;\">\n<p>CHARTIER SARAH<\/p>\n<\/td>\n<td style=\"height:19px;\">\n<p>ES SEGREENNE DU HAUT ANJOU<\/p>\n<\/td>\n<td style=\"height:19px;\">\n<p>U13<\/p>\n<\/td>\n<\/tr>\n<tr>\n<td style=\"height:18px;\">\n<p>DEROSIER CLOVIS<\/p>\n<\/td>\n<td style=\"height:18px;\">\n<p>LAVAL CYCLISME 53<\/p>\n<\/td>\n<td style=\"height:18px;\">\n<p>U13<\/p>\n<\/td>\n<\/tr>\n<tr>\n<td style=\"height:19px;\">\n<p>DERVE ORLANN<\/p>\n<\/td>\n<td style=\"height:19px;\">\n<p>ENTENTE CYCLISTE CRAON-RENA<\/p>\n<\/td>\n<td style=\"height:19px;\">\n<p>U13<\/p>\n<\/td>\n<\/tr>\n<tr>\n<td style=\"height:18px;\">\n<p>ECHELARD EWEN<\/p>\n<\/td>\n<td style=\"height:18px;\">\n<p>ENTENTE CYCLISTE CRAON-RENA<\/p>\n<\/td>\n<td style=\"height:18px;\">\n<p>U13<\/p>\n<\/td>\n<\/tr>\n<tr>\n<td style=\"height:19px;\">\n<p>FOISNET ILAN<\/p>\n<\/td>\n<td style=\"height:19px;\">\n<p>VELO CLUB LE TEILLEUL<\/p>\n<\/td>\n<td style=\"height:19px;\">\n<p>U13<\/p>\n<\/td>\n<\/tr>\n<tr>\n<td style=\"height:18px;\">\n<p>GEGU MALO<\/p>\n<\/td>\n<td style=\"height:18px;\">\n<p>ENTENTE CYCLISTE CRAON-RENA<\/p>\n<\/td>\n<td style=\"height:18px;\">\n<p>U13<\/p>\n<\/td>\n<\/tr>\n<tr>\n<td style=\"height:19px;\">\n<p>LAIRY MAXENCE<\/p>\n<\/td>\n<td style=\"height:19px;\">\n<p>UNION CYCLISTE SUD 53<\/p>\n<\/td>\n<td style=\"height:19px;\">\n<p>U13<\/p>\n<\/td>\n<\/tr>\n<tr>\n<td style=\"height:18px;\">\n<p>LAUNAY TIMEO<\/p>\n<\/td>\n<td style=\"height:18px;\">\n<p>LAVAL CYCLISME 53<\/p>\n<\/td>\n<td style=\"height:18px;\">\n<p>U13<\/p>\n<\/td>\n<\/tr>\n<tr>\n<td style=\"height:19px;\">\n<p>LEMOINE JADEN<\/p>\n<\/td>\n<td style=\"height:19px;\">\n<p>UNION CYCLISTE SUD 53<\/p>\n<\/td>\n<td style=\"height:19px;\">\n<p>U13<\/p>\n<\/td>\n<\/tr>\n<tr>\n<td style=\"height:18px;\">\n<p>LEVEILLE SOAM<\/p>\n<\/td>\n<td style=\"height:18px;\">\n<p>EC MAYENNAISE<\/p>\n<\/td>\n<td style=\"height:18px;\">\n<p>U13<\/p>\n<\/td>\n<\/tr>\n<tr>\n<td style=\"height:19px;\">\n<p>MOUSSU HUGO<\/p>\n<\/td>\n<td style=\"height:19px;\">\n<p>CC VITREEN<\/p>\n<\/td>\n<td style=\"height:19px;\">\n<p>U13<\/p>\n<\/td>\n<\/tr>\n<tr>\n<td style=\"height:18px;\">\n<p>PASQUETTE LYSANDRE<\/p>\n<\/td>\n<td style=\"height:18px;\">\n<p>EC MAYENNAISE<\/p>\n<\/td>\n<td style=\"height:18px;\">\n<p>U13<\/p>\n<\/td>\n<\/tr>\n<tr>\n<td style=\"height:19px;\">\n<p>PLANCHARD QUENTIN<\/p>\n<\/td>\n<td style=\"height:19px;\">\n<p>LAVAL CYCLISME 53<\/p>\n<\/td>\n<td style=\"height:19px;\">\n<p>U13<\/p>\n<\/td>\n<\/tr>\n<tr>\n<td style=\"height:18px;\">\n<p>REMOUE TOM<\/p>\n<\/td>\n<td style=\"height:18px;\">\n<p>ES SEGREENNE DU HAUT ANJOU<\/p>\n<\/td>\n<td style=\"height:18px;\">\n<p>U13<\/p>\n<\/td>\n<\/tr>\n<p>&#13;<br \/>\n&#13;<br \/>\n&#13;<br \/>\n&#13;<br \/>\n&#13;<br \/>\n&#13;<br \/>\n&#13;<br \/>\n&#13;<br \/>\n&#13;<br \/>\n&#13;<br \/>\n&#13;<br \/>\n&#13;<br \/>\n&#13;<br \/>\n&#13;<br \/>\n&#13;<br \/>\n&#13;<br \/>\nD&rsquo;autres Engag\u00e9s Route<img decoding=\"async\" loading=\"lazy\" src=\"https:\/\/www.europesays.com\/fr\/wp-content\/uploads\/2025\/08\/coron-25-aout-2025-infos-de-courses-cyclistes.jpg\" alt=\"Coron 25 ao\u00fbt 2025 infos de courses cyclistes\"\/><\/p>\n<p>vendredi 22 ao\u00fbt 2025<\/p>\n<p>Coron 25 ao\u00fbt 2025 les engag\u00e9s de courses cyclistes<img decoding=\"async\" loading=\"lazy\" src=\"https:\/\/www.europesays.com\/fr\/wp-content\/uploads\/2025\/08\/tour-poitou-charentes-26-29-aout-2025-guide-technique-01.jpg\" alt=\"Tour Poitou Charentes 26-29 ao\u00fbt 2025 guide technique 01\"\/><\/p>\n<p>vendredi 22 ao\u00fbt 2025<\/p>\n<p>Tour Poitou Charentes 26-29 ao\u00fbt 2025 les engag\u00e9s<img decoding=\"async\" loading=\"lazy\" src=\"https:\/\/www.europesays.com\/fr\/wp-content\/uploads\/2025\/08\/javene-criterium-de-bretagne-24-aout-2025-infos-infos-01.jpg\" alt=\"Javen\u00e9 Crit\u00e9rium de Bretagne 24 ao\u00fbt 2025 infos infos 01\"\/><\/p>\n<p>jeudi 21 ao\u00fbt 2025<\/p>\n<p>Javen\u00e9 Crit\u00e9rium de Bretagne 24 ao\u00fbt 2025 les engag\u00e9s&#13;<br \/>\n&#13;<\/p>\n","protected":false},"excerpt":{"rendered":"&#13; &#13; actu33174. &#13; &#13; &#13; Liste des engag\u00e9s des courses cyclistes organis\u00e9es par le Comit\u00e9 Des F\u00eates&hellip;\n","protected":false},"author":2,"featured_media":338351,"comment_status":"","ping_status":"","sticky":false,"template":"","format":"standard","meta":{"footnotes":""},"categories":[1411],"tags":[1154,207,1011,27,60],"class_list":{"0":"post-338350","1":"post","2":"type-post","3":"status-publish","4":"format-standard","5":"has-post-thumbnail","7":"category-cyclisme","8":"tag-cycling","9":"tag-cyclisme","10":"tag-fr","11":"tag-france","12":"tag-sports"},"share_on_mastodon":{"url":"https:\/\/pubeurope.com\/@fr\/115077753429204684","error":""},"_links":{"self":[{"href":"https:\/\/www.europesays.com\/fr\/wp-json\/wp\/v2\/posts\/338350","targetHints":{"allow":["GET"]}}],"collection":[{"href":"https:\/\/www.europesays.com\/fr\/wp-json\/wp\/v2\/posts"}],"about":[{"href":"https:\/\/www.europesays.com\/fr\/wp-json\/wp\/v2\/types\/post"}],"author":[{"embeddable":true,"href":"https:\/\/www.europesays.com\/fr\/wp-json\/wp\/v2\/users\/2"}],"replies":[{"embeddable":true,"href":"https:\/\/www.europesays.com\/fr\/wp-json\/wp\/v2\/comments?post=338350"}],"version-history":[{"count":0,"href":"https:\/\/www.europesays.com\/fr\/wp-json\/wp\/v2\/posts\/338350\/revisions"}],"wp:featuredmedia":[{"embeddable":true,"href":"https:\/\/www.europesays.com\/fr\/wp-json\/wp\/v2\/media\/338351"}],"wp:attachment":[{"href":"https:\/\/www.europesays.com\/fr\/wp-json\/wp\/v2\/media?parent=338350"}],"wp:term":[{"taxonomy":"category","embeddable":true,"href":"https:\/\/www.europesays.com\/fr\/wp-json\/wp\/v2\/categories?post=338350"},{"taxonomy":"post_tag","embeddable":true,"href":"https:\/\/www.europesays.com\/fr\/wp-json\/wp\/v2\/tags?post=338350"}],"curies":[{"name":"wp","href":"https:\/\/api.w.org\/{rel}","templated":true}]}}