{"id":338354,"date":"2025-08-23T11:06:11","date_gmt":"2025-08-23T11:06:11","guid":{"rendered":"https:\/\/www.europesays.com\/fr\/338354\/"},"modified":"2025-08-23T11:06:11","modified_gmt":"2025-08-23T11:06:11","slug":"christophe-hondelatte-quitte-lantenne-deurope-1-mais-pas-le-podcast","status":"publish","type":"post","link":"https:\/\/www.europesays.com\/fr\/338354\/","title":{"rendered":"Christophe Hondelatte quitte l\u2019antenne d\u2019Europe 1, mais pas le podcast"},"content":{"rendered":"<p>Adieu la radio, bonjour le podcast\u00a0! <a href=\"https:\/\/www.20minutes.fr\/dossier\/christophe_hondelatte\" class=\"c-link c-link--is-underlined\" target=\"_blank\" rel=\"noopener\">Christophe Hondelatte<\/a> a annonc\u00e9 qu\u2019il arr\u00eatait son \u00e9mission \u00ab\u00a0Hondelatte raconte\u00a0\u00bb, consacr\u00e9e aux grandes affaires criminelles et diffus\u00e9e quotidiennement sur<a href=\"https:\/\/www.20minutes.fr\/medias\/europe1\/\" class=\"c-link c-link--is-underlined\" target=\"_blank\" rel=\"noopener\"> Europe 1<\/a> depuis\u00a02016, dans une interview accord\u00e9e au <a href=\"https:\/\/www.leparisien.fr\/culture-loisirs\/tv\/christophe-hondelatte-quitte-lantenne-deurope-1-je-ne-veux-pas-etre-le-dernier-a-faire-de-la-radio-22-08-2025-GPPRMBGFPVGVVFSVY6WVHX7UJQ.php\" target=\"_blank\" class=\"c-link c-link--is-underlined\" rel=\"noopener\">Parisien<\/a> ce vendredi. Pas de panique, le roi des r\u00e9cits criminels ne dispara\u00eet pas pour autant\u00a0: le journaliste de 62 ans continuera \u00e0 captiver avec ses <a href=\"https:\/\/www.20minutes.fr\/podcast\/\" class=\"c-link c-link--is-underlined\" target=\"_blank\" rel=\"noopener\">podcasts<\/a>, toujours pour la station.<\/p>\n<\/p>\n<p>\u00ab\u00a0J\u2019avais d\u00e9cid\u00e9 de mettre un terme \u00e0 ma carri\u00e8re \u00e0 la radio \u00e0 court terme. Voil\u00e0 44 ans que j\u2019y suis. Aujourd\u2019hui, \u00e7a me pla\u00eet beaucoup plus de faire du podcast que de la radio. Il n\u2019y a pas de contraintes horaires et je touche un autre public, beaucoup plus jeune. Cela permet aussi de cr\u00e9er d\u2019autres liens\u00a0\u00bb, explique-t-il.<\/p>\n<p>\u00ab\u00a0Je ne veux pas \u00eatre le dernier dinosaure de la radio\u00a0!\u00a0\u00bb<\/p>\n<p>Un choix judicieux\u00a0: avec 10\u00a0millions d\u2019\u00e9coutes mensuelles sur les plateformes de streaming contre 317.000 auditeurs quotidiens \u00e0 la radio, ses histoires de faits divers cartonnent bien plus en podcast. R\u00e9sultat\u00a0? Exit la grille horaire d\u2019Europe 1, sauf pour quelques apparitions sp\u00e9ciales pendant les f\u00eates ou les vacances scolaires. \u00ab\u00a0C\u2019est l\u2019avenir, et je ne veux pas \u00eatre le dernier dinosaure de la radio\u00a0!\u00a0\u00bb, lance-t-il avec humour.<\/p>\n<p>D\u00e9sormais, il enregistrera pour Europe 1 \u00e0 son rythme, sans la pression des horaires stricts. \u00ab\u00a0Je veux aussi aller vers des r\u00e9cits plus simples, avec moins de factuel et plus de psychologie\u00a0\u00bb, ajoute-t-il.<\/p>\n<p>Enfin, il annonce qu\u2019il devrait \u00ab\u00a0\u00eatre sur sc\u00e8ne l\u2019ann\u00e9e prochaine. Pour faire ce que je sais faire\u00a0: raconter une grande histoire criminelle.\u00a0\u00bb Et celui qui a fait vibrer avec Faites entrer l\u2019accus\u00e9 de conclure\u00a0: \u00ab\u00a0Neuf ans sur Europe 1, c\u2019\u00e9tait g\u00e9nial, mais j\u2019ai besoin de piment, de nouveaux d\u00e9fis\u00a0!\u00a0\u00bb<\/p>\n","protected":false},"excerpt":{"rendered":"Adieu la radio, bonjour le podcast\u00a0! Christophe Hondelatte a annonc\u00e9 qu\u2019il arr\u00eatait son \u00e9mission \u00ab\u00a0Hondelatte raconte\u00a0\u00bb, consacr\u00e9e aux&hellip;\n","protected":false},"author":2,"featured_media":338355,"comment_status":"","ping_status":"","sticky":false,"template":"","format":"standard","meta":{"footnotes":""},"categories":[1359],"tags":[47345,58,59,1473,1011,27,500,1434,973],"class_list":{"0":"post-338354","1":"post","2":"type-post","3":"status-publish","4":"format-standard","5":"has-post-thumbnail","7":"category-people","8":"tag-christophe-hondelatte","9":"tag-divertissement","10":"tag-entertainment","11":"tag-europe-1","12":"tag-fr","13":"tag-france","14":"tag-medias","15":"tag-mercato","16":"tag-people"},"share_on_mastodon":{"url":"https:\/\/pubeurope.com\/@fr\/115077761154566285","error":""},"_links":{"self":[{"href":"https:\/\/www.europesays.com\/fr\/wp-json\/wp\/v2\/posts\/338354","targetHints":{"allow":["GET"]}}],"collection":[{"href":"https:\/\/www.europesays.com\/fr\/wp-json\/wp\/v2\/posts"}],"about":[{"href":"https:\/\/www.europesays.com\/fr\/wp-json\/wp\/v2\/types\/post"}],"author":[{"embeddable":true,"href":"https:\/\/www.europesays.com\/fr\/wp-json\/wp\/v2\/users\/2"}],"replies":[{"embeddable":true,"href":"https:\/\/www.europesays.com\/fr\/wp-json\/wp\/v2\/comments?post=338354"}],"version-history":[{"count":0,"href":"https:\/\/www.europesays.com\/fr\/wp-json\/wp\/v2\/posts\/338354\/revisions"}],"wp:featuredmedia":[{"embeddable":true,"href":"https:\/\/www.europesays.com\/fr\/wp-json\/wp\/v2\/media\/338355"}],"wp:attachment":[{"href":"https:\/\/www.europesays.com\/fr\/wp-json\/wp\/v2\/media?parent=338354"}],"wp:term":[{"taxonomy":"category","embeddable":true,"href":"https:\/\/www.europesays.com\/fr\/wp-json\/wp\/v2\/categories?post=338354"},{"taxonomy":"post_tag","embeddable":true,"href":"https:\/\/www.europesays.com\/fr\/wp-json\/wp\/v2\/tags?post=338354"}],"curies":[{"name":"wp","href":"https:\/\/api.w.org\/{rel}","templated":true}]}}