{"id":338374,"date":"2025-08-23T11:16:10","date_gmt":"2025-08-23T11:16:10","guid":{"rendered":"https:\/\/www.europesays.com\/fr\/338374\/"},"modified":"2025-08-23T11:16:10","modified_gmt":"2025-08-23T11:16:10","slug":"les-economistes-sinquietent-dun-risque-de-bulle-financiere","status":"publish","type":"post","link":"https:\/\/www.europesays.com\/fr\/338374\/","title":{"rendered":"les \u00e9conomistes s\u2019inqui\u00e8tent d\u2019un risque de bulle financi\u00e8re"},"content":{"rendered":"\n<p class=\"article__paragraph  \">Des investissements mirobolants, des valorisations boursi\u00e8res extravagantes et trop peu de profits pour l\u2019instant, \u00e0 l\u2019exception du fabricant de microprocesseurs Nvidia\u00a0: la folie de l\u2019intelligence artificielle (IA) est-elle en passe de se transformer en bulle financi\u00e8re\u00a0? C\u2019est la mise en garde lanc\u00e9e mi-ao\u00fbt par Sam Altman, le PDG d\u2019OpenAI. \u00ab\u00a0Si l\u2019on consid\u00e8re la plupart des bulles financi\u00e8res de l\u2019histoire, comme la bulle Internet, on constate qu\u2019il y avait une r\u00e9alit\u00e9\u00a0: Internet \u00e9tait un ph\u00e9nom\u00e8ne majeur, les gens \u00e9taient surexcit\u00e9s. Sommes-nous dans une phase o\u00f9 les investisseurs dans leur ensemble sont surexcit\u00e9s par l\u2019IA\u00a0? Je pense que oui. L\u2019IA est-elle la chose la plus importante \u00e0 venir depuis tr\u00e8s longtemps\u00a0? Je pense que oui \u00e9galement\u00a0\u00bb, a-t-il d\u00e9clar\u00e9 \u00e0 des journalistes am\u00e9ricains.<\/p>\n<p>                              Lire aussi |  Article r\u00e9serv\u00e9 \u00e0 nos abonn\u00e9s  <a href=\"https:\/\/www.lemonde.fr\/international\/article\/2025\/07\/24\/intelligence-artificielle-donald-trump-lache-la-bride-a-la-silicon-valley-pour-assurer-aux-etats-unis-une-domination-mondiale_6623320_3210.html\" class=\"js-article-read-also catcher--favoris__link\" data-premium=\"1\" id=\"article-title-3432529\" rel=\"nofollow noopener\" target=\"_blank\">IA\u00a0: Donald Trump l\u00e2che la bride \u00e0 la Silicon Valley pour assurer aux Etats-Unis \u00ab\u00a0une domination mondiale\u00a0\u00bb<\/a>    <\/p>\n<p>   Lire plus tard  <\/p>\n<p class=\"article__paragraph  \">L\u2019inqui\u00e9tude est de plus en plus partag\u00e9e. \u00ab\u00a0Je m\u2019attends \u00e0 un krach\u00a0\u00bb, confie l\u2019\u00e9conomiste v\u00e9n\u00e9zu\u00e9lo-britannique Carlota Perez, autrice d\u2019un livre sur les bulles (Technological Revolutions and Financial Capital\u00a0: The Dynamics of Bubbles and Golden Ages, \u00ab\u00a0r\u00e9volutions technologiques et capital financier, les dynamiques des bulles et des \u00e2ges d\u2019or\u00a0\u00bb, Elgar, 2002, non traduit)\u00a0: \u00ab\u00a0Des trois acteurs en jeu, les investisseurs, les entreprises d\u2019IA et les utilisateurs, les seuls \u00e0 r\u00e9aliser des profits sont les acteurs financiers dont les valorisations augmentent. C\u2019est une situation de bulle typique\u00a0: des plus-values \u200b\u200b\u00e9lev\u00e9es et des profits faibles.\u00a0\u00bb<\/p>\n<p class=\"article__paragraph  \">L\u2019affaire a un petit go\u00fbt de d\u00e9j\u00e0-vu pour l\u2019\u00e9conomiste, r\u00e9put\u00e9e pour ses travaux sur l\u2019innovation, qui a examin\u00e9 les cinq r\u00e9volutions industrielles majeures\u00a0: le m\u00e9tier \u00e0 tisser m\u00fb par un moulin \u00e0 aubes en Angleterre (1771), la locomotive \u00e0 vapeur de George Stephenson (1829), l\u2019acier d\u2019Andrew Carnegie \u00e0 Pittsburgh (1875), la cha\u00eene d\u2019assemblage de Ford (1913) et le premier microprocesseur Intel (1971). Toutes ont r\u00e9volutionn\u00e9 l\u2019Occident.<\/p>\n<p>                              Lire aussi |  Article r\u00e9serv\u00e9 \u00e0 nos abonn\u00e9s  <a href=\"https:\/\/www.lemonde.fr\/economie\/article\/2025\/07\/31\/apres-le-metavers-mark-zuckerberg-investit-des-dizaines-de-milliards-de-dollars-dans-la-superintelligence-grace-a-ses-resultats-mirobolants_6625619_3234.html\" class=\"js-article-read-also catcher--favoris__link\" data-premium=\"1\" id=\"article-title-3433288\" rel=\"nofollow noopener\" target=\"_blank\">Apr\u00e8s le m\u00e9tavers, Mark Zuckerberg investit des dizaines de milliards de dollars dans la \u00ab\u00a0superintelligence\u00a0\u00bb gr\u00e2ce \u00e0 ses r\u00e9sultats mirobolants<\/a>    <\/p>\n<p>   Lire plus tard  <\/p>\n<p class=\"article__paragraph  \">Mais avant de s\u2019installer durablement et de diffuser leurs effets \u00e0 l\u2019\u00e9conomie, ces innovations ont provoqu\u00e9 une fr\u00e9n\u00e9sie d\u2019investissements \u2013 trop de canaux en Angleterre, trop de chemins de fer peu rentables \u2014 et de sp\u00e9culation financi\u00e8re d\u00e9tach\u00e9e des r\u00e9alit\u00e9s, provoquant krachs ou corrections boursi\u00e8res. Beaucoup, sur les march\u00e9s, ont en m\u00e9moire l\u2019\u00e9clatement de la bulle Internet en l\u2019an 2000. \u00ab\u00a0La bulle de l\u2019IA est aujourd\u2019hui plus importante que celle des technologies de l\u2019information des ann\u00e9es 1990\u00a0\u00bb, estimait mi-juillet Torsten Slok, \u00e9conomiste en chef du fonds Apollo.<\/p>\n<p class=\"reading-mode-only \"><strong>Il vous reste 73.74% de cet article \u00e0 lire. La suite est r\u00e9serv\u00e9e aux abonn\u00e9s.<\/strong><\/p>\n","protected":false},"excerpt":{"rendered":"Des investissements mirobolants, des valorisations boursi\u00e8res extravagantes et trop peu de profits pour l\u2019instant, \u00e0 l\u2019exception du fabricant&hellip;\n","protected":false},"author":2,"featured_media":338375,"comment_status":"","ping_status":"","sticky":false,"template":"","format":"standard","meta":{"footnotes":""},"categories":[6],"tags":[35,33,34,1011,27],"class_list":{"0":"post-338374","1":"post","2":"type-post","3":"status-publish","4":"format-standard","5":"has-post-thumbnail","7":"category-economie","8":"tag-business","9":"tag-economie","10":"tag-economy","11":"tag-fr","12":"tag-france"},"share_on_mastodon":{"url":"https:\/\/pubeurope.com\/@fr\/115077800527885509","error":""},"_links":{"self":[{"href":"https:\/\/www.europesays.com\/fr\/wp-json\/wp\/v2\/posts\/338374","targetHints":{"allow":["GET"]}}],"collection":[{"href":"https:\/\/www.europesays.com\/fr\/wp-json\/wp\/v2\/posts"}],"about":[{"href":"https:\/\/www.europesays.com\/fr\/wp-json\/wp\/v2\/types\/post"}],"author":[{"embeddable":true,"href":"https:\/\/www.europesays.com\/fr\/wp-json\/wp\/v2\/users\/2"}],"replies":[{"embeddable":true,"href":"https:\/\/www.europesays.com\/fr\/wp-json\/wp\/v2\/comments?post=338374"}],"version-history":[{"count":0,"href":"https:\/\/www.europesays.com\/fr\/wp-json\/wp\/v2\/posts\/338374\/revisions"}],"wp:featuredmedia":[{"embeddable":true,"href":"https:\/\/www.europesays.com\/fr\/wp-json\/wp\/v2\/media\/338375"}],"wp:attachment":[{"href":"https:\/\/www.europesays.com\/fr\/wp-json\/wp\/v2\/media?parent=338374"}],"wp:term":[{"taxonomy":"category","embeddable":true,"href":"https:\/\/www.europesays.com\/fr\/wp-json\/wp\/v2\/categories?post=338374"},{"taxonomy":"post_tag","embeddable":true,"href":"https:\/\/www.europesays.com\/fr\/wp-json\/wp\/v2\/tags?post=338374"}],"curies":[{"name":"wp","href":"https:\/\/api.w.org\/{rel}","templated":true}]}}