{"id":338376,"date":"2025-08-23T11:17:09","date_gmt":"2025-08-23T11:17:09","guid":{"rendered":"https:\/\/www.europesays.com\/fr\/338376\/"},"modified":"2025-08-23T11:17:09","modified_gmt":"2025-08-23T11:17:09","slug":"huit-gazaouis-sont-morts-de-famine-et-de-malnutrition-au-cours-des-dernieres-24-heures-selon-le-ministere-de-la-sante-local","status":"publish","type":"post","link":"https:\/\/www.europesays.com\/fr\/338376\/","title":{"rendered":"huit Gazaouis sont morts de famine et de malnutrition au cours des derni\u00e8res 24\u00a0heures, selon le minist\u00e8re de la sant\u00e9 local"},"content":{"rendered":"<p>   Amnesty International estime que tout le monde doit agir afin \u00ab\u00a0d\u2019exiger avec force\u00a0\u00bb qu\u2019Isra\u00ebl garantisse un flux d\u2019aide humanitaire sans entrave vers Gaza             <\/p>\n<p class=\"post__live-container--answer-text post__space-node\">Dans un communiqu\u00e9 diffus\u00e9 \u00e0 la presse, Amnesty International, exprime son indignation face \u00e0 l\u2019\u00e9tat de famine qui a \u00e9t\u00e9 d\u00e9clar\u00e9 \u00e0 Gaza par l\u2019ONU, qui est la cons\u00e9quence, selon l\u2019organisation des droits de l\u2019homme, d\u2019une \u00ab\u00a0campagne d\u00e9lib\u00e9r\u00e9e (\u2026) et orchestr\u00e9e par Isra\u00ebl\u00a0\u00bb.<\/p>\n<p class=\"post__live-container--answer-text post__space-node\">\u00ab\u00a0La d\u00e9claration de famine \u00e0 Gaza intervient alors que le cabinet isra\u00e9lien et le premier ministre Benyamin N\u00e9tanyahou ont approuv\u00e9 des plans pour une nouvelle op\u00e9ration militaire visant \u00e0 \u201cprendre le contr\u00f4le\u201d de la ville de Gaza\u00a0\u00bb, d\u00e9taille le communiqu\u00e9 qui ajoute que \u00ab\u00a0lancer une telle offensive au milieu d\u2019une famine en cours ne ferait qu\u2019entra\u00eener de nouvelles violations massives du droit international humanitaire\u00a0\u00bb.<\/p>\n<p class=\"post__live-container--answer-text post__space-node\">\u00ab\u00a0Tous les Etats et acteurs doivent exiger avec force qu\u2019Isra\u00ebl mette fin \u00e0 cette abomination en garantissant un flux d\u2019aide humanitaire sans entrave vers et \u00e0 travers Gaza, en levant totalement le blocus ill\u00e9gal impos\u00e9 par Isra\u00ebl, en d\u00e9mantelant le syst\u00e8me militaris\u00e9 et mortel de distribution de l\u2019aide, et en permettant aux Nations unies ainsi qu\u2019aux autres organisations humanitaires de confiance de distribuer l\u2019aide en toute s\u00e9curit\u00e9 et sans restrictions arbitraires\u00a0\u00bb, exhorte l\u2019organisation dans son communiqu\u00e9.<\/p>\n","protected":false},"excerpt":{"rendered":"Amnesty International estime que tout le monde doit agir afin \u00ab\u00a0d\u2019exiger avec force\u00a0\u00bb qu\u2019Isra\u00ebl garantisse un flux d\u2019aide&hellip;\n","protected":false},"author":2,"featured_media":338377,"comment_status":"","ping_status":"","sticky":false,"template":"","format":"standard","meta":{"footnotes":""},"categories":[5],"tags":[11,1011,27,14,12,28],"class_list":{"0":"post-338376","1":"post","2":"type-post","3":"status-publish","4":"format-standard","5":"has-post-thumbnail","7":"category-international","8":"tag-actualites","9":"tag-fr","10":"tag-france","11":"tag-international","12":"tag-news","13":"tag-world"},"share_on_mastodon":{"url":"https:\/\/pubeurope.com\/@fr\/115077804420078172","error":""},"_links":{"self":[{"href":"https:\/\/www.europesays.com\/fr\/wp-json\/wp\/v2\/posts\/338376","targetHints":{"allow":["GET"]}}],"collection":[{"href":"https:\/\/www.europesays.com\/fr\/wp-json\/wp\/v2\/posts"}],"about":[{"href":"https:\/\/www.europesays.com\/fr\/wp-json\/wp\/v2\/types\/post"}],"author":[{"embeddable":true,"href":"https:\/\/www.europesays.com\/fr\/wp-json\/wp\/v2\/users\/2"}],"replies":[{"embeddable":true,"href":"https:\/\/www.europesays.com\/fr\/wp-json\/wp\/v2\/comments?post=338376"}],"version-history":[{"count":0,"href":"https:\/\/www.europesays.com\/fr\/wp-json\/wp\/v2\/posts\/338376\/revisions"}],"wp:featuredmedia":[{"embeddable":true,"href":"https:\/\/www.europesays.com\/fr\/wp-json\/wp\/v2\/media\/338377"}],"wp:attachment":[{"href":"https:\/\/www.europesays.com\/fr\/wp-json\/wp\/v2\/media?parent=338376"}],"wp:term":[{"taxonomy":"category","embeddable":true,"href":"https:\/\/www.europesays.com\/fr\/wp-json\/wp\/v2\/categories?post=338376"},{"taxonomy":"post_tag","embeddable":true,"href":"https:\/\/www.europesays.com\/fr\/wp-json\/wp\/v2\/tags?post=338376"}],"curies":[{"name":"wp","href":"https:\/\/api.w.org\/{rel}","templated":true}]}}