{"id":338378,"date":"2025-08-23T11:18:18","date_gmt":"2025-08-23T11:18:18","guid":{"rendered":"https:\/\/www.europesays.com\/fr\/338378\/"},"modified":"2025-08-23T11:18:18","modified_gmt":"2025-08-23T11:18:18","slug":"info-rtl-paris-un-homme-poignarde-a-six-reprises-pour-avoir-defendu-sa-compagne-importunee-dans-le-tramway","status":"publish","type":"post","link":"https:\/\/www.europesays.com\/fr\/338378\/","title":{"rendered":"INFO RTL &#8211; Paris : un homme poignard\u00e9 \u00e0 six reprises pour avoir d\u00e9fendu sa compagne importun\u00e9e dans le tramway"},"content":{"rendered":"<p class=\"article-p mdl\">La sc\u00e8ne se passe \u00e0 l&rsquo;int\u00e9rieur du tramway parisien T3A. Vers 0h15, ce samedi 23 ao\u00fbt, un homme bouscule, puis insulte, selon des sources concordantes \u00e0 RTL, une femme qui voyage avec son compagnon. Celui-ci proteste. Arriv\u00e9s au niveau de la porte de Vanves, les deux hommes sortent du tramway et commencent par \u00e9changer des coups de poings.\u00a0<\/p>\n<p class=\"article-p mdl\">L&rsquo;auteur des insultes sort alors un couteau et <strong>poignarde \u00e0 six reprises le voyageur <\/strong>qui s&rsquo;effondre au sol. L&rsquo;agresseur prend la fuite. La victime, gri\u00e8vement bless\u00e9e, pr\u00e9sente cinq blessures dont deux perforantes. Les services de secours l&rsquo;\u00e9vacuent alors en \u00ab\u00a0urgence absolue\u00a0\u00bb vers l&rsquo;h\u00f4pital Georges Pompidou. Il est heureusement tir\u00e9 d&rsquo;affaire,<strong> son pronostic vital n&rsquo;est pas engag\u00e9<\/strong>.<br \/>\u00a0<br \/>L&rsquo;agresseur, identifi\u00e9 par des t\u00e9moins, a pu \u00eatre<strong> localis\u00e9 et interpell\u00e9 dans le 15e arrondissement de Paris.<\/strong> Il est bien connu des services de police, d&rsquo;apr\u00e8s une source polici\u00e8re. \u00c2g\u00e9 de 42 ans, il a \u00e9t\u00e9 plac\u00e9 en garde \u00e0 vue pour tentative d&rsquo;homicide volontaire, d&rsquo;apr\u00e8s le parquet de Paris \u00e0 RTL. L&rsquo;enqu\u00eate a \u00e9t\u00e9 confi\u00e9e au 3e DPJ (3e district de police judiciaire de Paris).\u00a0<\/p>\n<p>    La r\u00e9daction vous recommande<\/p>\n<p class=\"s-newsletter__title\">\n                L\u2019actualit\u00e9 par la r\u00e9daction de RTL dans votre bo\u00eete mail.\n            <\/p>\n<p class=\"s-newsletter__subtitle\">\n                Gr\u00e2ce \u00e0 votre compte RTL abonnez-vous \u00e0 la newsletter RTL info pour suivre toute l&rsquo;actualit\u00e9 au quotidien\n            <\/p>\n<p>\n                                    Lire la suite\n                                <\/p>\n","protected":false},"excerpt":{"rendered":"La sc\u00e8ne se passe \u00e0 l&rsquo;int\u00e9rieur du tramway parisien T3A. Vers 0h15, ce samedi 23 ao\u00fbt, un homme&hellip;\n","protected":false},"author":2,"featured_media":249462,"comment_status":"","ping_status":"","sticky":false,"template":"","format":"standard","meta":{"footnotes":""},"categories":[4],"tags":[11,1120,118,107,1011,27,12,626,25],"class_list":{"0":"post-338378","1":"post","2":"type-post","3":"status-publish","4":"format-standard","5":"has-post-thumbnail","7":"category-france","8":"tag-actualites","9":"tag-agression","10":"tag-faits-divers","11":"tag-fil-info","12":"tag-fr","13":"tag-france","14":"tag-news","15":"tag-paris","16":"tag-republique-francaise"},"share_on_mastodon":{"url":"https:\/\/pubeurope.com\/@fr\/115077808451955824","error":""},"_links":{"self":[{"href":"https:\/\/www.europesays.com\/fr\/wp-json\/wp\/v2\/posts\/338378","targetHints":{"allow":["GET"]}}],"collection":[{"href":"https:\/\/www.europesays.com\/fr\/wp-json\/wp\/v2\/posts"}],"about":[{"href":"https:\/\/www.europesays.com\/fr\/wp-json\/wp\/v2\/types\/post"}],"author":[{"embeddable":true,"href":"https:\/\/www.europesays.com\/fr\/wp-json\/wp\/v2\/users\/2"}],"replies":[{"embeddable":true,"href":"https:\/\/www.europesays.com\/fr\/wp-json\/wp\/v2\/comments?post=338378"}],"version-history":[{"count":0,"href":"https:\/\/www.europesays.com\/fr\/wp-json\/wp\/v2\/posts\/338378\/revisions"}],"wp:featuredmedia":[{"embeddable":true,"href":"https:\/\/www.europesays.com\/fr\/wp-json\/wp\/v2\/media\/249462"}],"wp:attachment":[{"href":"https:\/\/www.europesays.com\/fr\/wp-json\/wp\/v2\/media?parent=338378"}],"wp:term":[{"taxonomy":"category","embeddable":true,"href":"https:\/\/www.europesays.com\/fr\/wp-json\/wp\/v2\/categories?post=338378"},{"taxonomy":"post_tag","embeddable":true,"href":"https:\/\/www.europesays.com\/fr\/wp-json\/wp\/v2\/tags?post=338378"}],"curies":[{"name":"wp","href":"https:\/\/api.w.org\/{rel}","templated":true}]}}