{"id":338382,"date":"2025-08-23T11:23:39","date_gmt":"2025-08-23T11:23:39","guid":{"rendered":"https:\/\/www.europesays.com\/fr\/338382\/"},"modified":"2025-08-23T11:23:39","modified_gmt":"2025-08-23T11:23:39","slug":"dunkerque-vs-nancy-ligue-2-j3-2025-2026-les-maritimes-sinclinent-face-au-promu-nancy-nouveau-leader","status":"publish","type":"post","link":"https:\/\/www.europesays.com\/fr\/338382\/","title":{"rendered":"Dunkerque vs Nancy Ligue 2 J3 2025-2026 : Les Maritimes s\u2019inclinent face au promu Nancy, nouveau leader"},"content":{"rendered":"<p>\t\t\t\t\t\t\t\t\t\t\t\t\t\t<img width=\"1280\" height=\"853\" src=\"https:\/\/www.europesays.com\/fr\/wp-content\/uploads\/2025\/08\/dunkerque-vs-nancy-L2-J3-22-08-2025-photo-laurent-sanson-73.jpg\" class=\"attachment- size- wp-post-image\" alt=\"\" decoding=\"async\" fetchpriority=\"high\"  \/>\t\t\t\t\t\t\t\t\t\t\t\t\t\t\t\t\t\t\t\t\t\t\t\t\t\t\t\t<\/p>\n<p class=\"has-medium-font-size\"><strong>Apr\u00e8s deux matchs nuls, Dunkerque esp\u00e9rait lancer enfin sa saison \u00e0 domicile \u00e0 l\u2019occasion de la r\u00e9ception du promu Nancy. Devant son public, les Maritimes ont d\u00e9marr\u00e9 tambour battant, mais ont fini par c\u00e9der face \u00e0 une \u00e9quipe nanc\u00e9ienne solide et r\u00e9aliste.<\/strong><\/p>\n<p><img loading=\"lazy\" decoding=\"async\" width=\"1280\" height=\"853\" src=\"https:\/\/www.europesays.com\/fr\/wp-content\/uploads\/2025\/08\/dunkerque-vs-nancy-L2-J3-22-08-2025-photo-laurent-sanson-79.jpg\" alt=\"\" class=\"wp-image-19576\"  \/><\/p>\n<p>D\u00e8s la 6\u00e8me minute, Dunkerque surprend son adversaire. Bien servi dans la profondeur, Aristide Zossou conclut d\u2019un tir crois\u00e9 imparable et fait exploser les trav\u00e9es (1-0). Une entame id\u00e9ale mais de courte dur\u00e9e car Nancy ne tarde pas \u00e0 r\u00e9agir. Quatre minutes plus tard, Bouabdelli profite d\u2019une action collective parfaitement men\u00e9e pour \u00e9galiser (1-1). Le match bascule progressivement, les Lorrains imposant un pressing constant qui g\u00eane la relance dunkerquoise. Juste avant la pause, la capitaine nanc\u00e9ien Saint Ruf se montre opportuniste sur une balle mal d\u00e9gag\u00e9e et donne l\u2019avantage aux visiteurs (1-2).<\/p>\n<p><img loading=\"lazy\" decoding=\"async\" width=\"1280\" height=\"853\" src=\"https:\/\/www.europesays.com\/fr\/wp-content\/uploads\/2025\/08\/dunkerque-vs-nancy-L2-J3-22-08-2025-photo-laurent-sanson-107.jpg\" alt=\"\" class=\"wp-image-19578\"  \/><\/p>\n<p>Au retour des vestiaires, Dunkerque tente de r\u00e9agir mais se heurte \u00e0 une d\u00e9fense bien en place. Sur un corner, Brandon Bokangu inscrit le troisi\u00e8me but nanc\u00e9ien d\u2019une t\u00eate puissante (1-3). Malgr\u00e9 une possession largement en sa faveur, Dunkerque ne parvient plus \u00e0 inqui\u00e9ter s\u00e9rieusement le gardien adverse d\u2019une \u00e9quipe Lorraine qui pour son retour en Ligue 2 s\u2019installe provisoirement en t\u00eate du championnat apr\u00e8s 3 journ\u00e9es, confirmant son tr\u00e8s bon d\u00e9but de saison. Pour Dunkerque, en revanche, ce revers souligne un manque d\u2019efficacit\u00e9 offensive et des fragilit\u00e9s d\u00e9fensives \u00e0 corriger rapidement.<\/p>\n<p>Photos Laurent SANSON<\/p>\n<p class=\"has-text-align-center\"><strong>Dunkerque vs Nancy 1-3<br \/>Ligue 2 3e journ\u00e9e 2025-2026<br \/>Vendredi 22 ao\u00fbt 2025<br \/>Stade Marcel Tribut \/ Dunkerque \u2013 environ 5 000 spectateurs<br \/>Buts : Zossou 6\u2019 pour Dunkerque \u2013 Bouabdeli 10\u2019, Saint Ruf 45\u2019 et Bokangu 54\u2019 pour Nancy<\/strong><\/p>\n<p><img loading=\"lazy\" decoding=\"async\" width=\"1280\" height=\"853\" src=\"https:\/\/www.europesays.com\/fr\/wp-content\/uploads\/2025\/08\/dunkerque-vs-nancy-L2-J3-22-08-2025-photo-laurent-sanson-54.jpg\" alt=\"\" class=\"wp-image-19577\"  \/><\/p>\n<p>\t\t\t\t\t\t\t\t\t\t\t\t\t\t\t\t\t\t\t\t\t\t\t<img decoding=\"async\" src=\"https:\/\/www.europesays.com\/fr\/wp-content\/uploads\/2025\/06\/nordsportsmag.frlongsite-1.png\"\/><\/p>\n","protected":false},"excerpt":{"rendered":"Apr\u00e8s deux matchs nuls, Dunkerque esp\u00e9rait lancer enfin sa saison \u00e0 domicile \u00e0 l\u2019occasion de la r\u00e9ception du&hellip;\n","protected":false},"author":2,"featured_media":338383,"comment_status":"","ping_status":"","sticky":false,"template":"","format":"standard","meta":{"footnotes":""},"categories":[9635],"tags":[1111,11,1777,674,1011,27,775,1702,12,25,96],"class_list":{"0":"post-338382","1":"post","2":"type-post","3":"status-publish","4":"format-standard","5":"has-post-thumbnail","7":"category-nancy","8":"tag-actu","9":"tag-actualites","10":"tag-eu","11":"tag-europe","12":"tag-fr","13":"tag-france","14":"tag-grand-est","15":"tag-nancy","16":"tag-news","17":"tag-republique-francaise","18":"tag-une"},"share_on_mastodon":{"url":"https:\/\/pubeurope.com\/@fr\/115077828141603319","error":""},"_links":{"self":[{"href":"https:\/\/www.europesays.com\/fr\/wp-json\/wp\/v2\/posts\/338382","targetHints":{"allow":["GET"]}}],"collection":[{"href":"https:\/\/www.europesays.com\/fr\/wp-json\/wp\/v2\/posts"}],"about":[{"href":"https:\/\/www.europesays.com\/fr\/wp-json\/wp\/v2\/types\/post"}],"author":[{"embeddable":true,"href":"https:\/\/www.europesays.com\/fr\/wp-json\/wp\/v2\/users\/2"}],"replies":[{"embeddable":true,"href":"https:\/\/www.europesays.com\/fr\/wp-json\/wp\/v2\/comments?post=338382"}],"version-history":[{"count":0,"href":"https:\/\/www.europesays.com\/fr\/wp-json\/wp\/v2\/posts\/338382\/revisions"}],"wp:featuredmedia":[{"embeddable":true,"href":"https:\/\/www.europesays.com\/fr\/wp-json\/wp\/v2\/media\/338383"}],"wp:attachment":[{"href":"https:\/\/www.europesays.com\/fr\/wp-json\/wp\/v2\/media?parent=338382"}],"wp:term":[{"taxonomy":"category","embeddable":true,"href":"https:\/\/www.europesays.com\/fr\/wp-json\/wp\/v2\/categories?post=338382"},{"taxonomy":"post_tag","embeddable":true,"href":"https:\/\/www.europesays.com\/fr\/wp-json\/wp\/v2\/tags?post=338382"}],"curies":[{"name":"wp","href":"https:\/\/api.w.org\/{rel}","templated":true}]}}