{"id":338386,"date":"2025-08-23T11:25:10","date_gmt":"2025-08-23T11:25:10","guid":{"rendered":"https:\/\/www.europesays.com\/fr\/338386\/"},"modified":"2025-08-23T11:25:10","modified_gmt":"2025-08-23T11:25:10","slug":"22-escales-connectees-cette-annee-au-reseau-electrique-annonce-la-chambre-de-commerce-de-toulon","status":"publish","type":"post","link":"https:\/\/www.europesays.com\/fr\/338386\/","title":{"rendered":"22 escales connect\u00e9es cette ann\u00e9e au r\u00e9seau \u00e9lectrique annonce la chambre de commerce de Toulon"},"content":{"rendered":"<p>\u00a0Inquiets des fum\u00e9es \u00e9mises par les navires, ils attendent que l\u2019\u00e9lectrification des quais d\u00e9bouche sur de v\u00e9ritables \u00abescales z\u00e9ro fum\u00e9e\u00bb, pour reprendre le slogan de la R\u00e9gion (<a href=\"https:\/\/www.varmatin.com\/vie-locale\/pourquoi-les-ferries-en-escale-a-toulon-fument-ils-toujours-autant--997564\" target=\"_blank\" rel=\"noopener nofollow\" data-saferedirecturl=\"https:\/\/www.google.com\/url?q=https:\/\/www.varmatin.com\/vie-locale\/pourquoi-les-ferries-en-escale-a-toulon-fument-ils-toujours-autant--997564&amp;source=gmail&amp;ust=1756026155609000&amp;usg=AOvVaw1o-wHpRJ8zFjZEOwAFRutV\">Pourquoi les ferries fument-ils toujours \u00e0 Toulon ?<\/a>).<\/p>\n<p>\u00c0 ce jour, \u00ab\u00a022 escales ont \u00e9t\u00e9 connect\u00e9es\u00a0\u00bb, annonce cette semaine la chambre de commerce, via le compte Facebook \u00ab\u00a0Ports rade de Toulon\u00a0\u00bb.<\/p>\n<p>Une goutte d\u2019eau, diront certains, au regard des quelque 1\u2005330 escales enregistr\u00e9es en 2024. Mais la chambre consulaire se veut optimiste et annonce une mont\u00e9e en puissance.<\/p>\n<p>Dans sa communication, elle indique que pour l\u2019heure trois navires de la Corsica Ferries sont \u00ab\u00a0raccordables\u00a0\u00bb au r\u00e9seau \u00e9lectrique. Parmi eux, le Mega Express 3 qui s\u2019est branch\u00e9, ce mercredi.<br \/>&#13;<br \/>\nDeux autres bateaux jaunes seraient en cours de qualification et \u00ab\u00a0l\u2019ensemble de la flotte sera connect\u00e9 en 2026\u00a0\u00bb, annonce l\u2019institution.<\/p>\n<p>De quoi pr\u00e9sager pour l\u2019ann\u00e9e prochaine 100% d\u2019escales \u00ab\u00a0sans bruit, sans vibrations et sans fum\u00e9e\u00a0\u00bb?<\/p>\n<p>Probablement pas, puisque l\u2019\u00e9lectrification des navires ne devrait s\u2019appliquer qu\u2019aux escales dites \u00ab\u00a0longues\u00a0\u00bb (plus de 2\u2005h\u200530) quand l\u2019immense majorit\u00e9 des arr\u00eats dans la rade sont inf\u00e9rieurs \u00e0 deux heures, en p\u00e9riode estivale.<\/p>\n","protected":false},"excerpt":{"rendered":"\u00a0Inquiets des fum\u00e9es \u00e9mises par les navires, ils attendent que l\u2019\u00e9lectrification des quais d\u00e9bouche sur de v\u00e9ritables \u00abescales&hellip;\n","protected":false},"author":2,"featured_media":338387,"comment_status":"","ping_status":"","sticky":false,"template":"","format":"standard","meta":{"footnotes":""},"categories":[9619],"tags":[1111,11,1777,674,1011,27,12,882,25,2310,3366],"class_list":{"0":"post-338386","1":"post","2":"type-post","3":"status-publish","4":"format-standard","5":"has-post-thumbnail","7":"category-toulon","8":"tag-actu","9":"tag-actualites","10":"tag-eu","11":"tag-europe","12":"tag-fr","13":"tag-france","14":"tag-news","15":"tag-provence-alpes-cote-dazur","16":"tag-republique-francaise","17":"tag-toulon","18":"tag-vie-locale"},"share_on_mastodon":{"url":"https:\/\/pubeurope.com\/@fr\/115077835970908210","error":""},"_links":{"self":[{"href":"https:\/\/www.europesays.com\/fr\/wp-json\/wp\/v2\/posts\/338386","targetHints":{"allow":["GET"]}}],"collection":[{"href":"https:\/\/www.europesays.com\/fr\/wp-json\/wp\/v2\/posts"}],"about":[{"href":"https:\/\/www.europesays.com\/fr\/wp-json\/wp\/v2\/types\/post"}],"author":[{"embeddable":true,"href":"https:\/\/www.europesays.com\/fr\/wp-json\/wp\/v2\/users\/2"}],"replies":[{"embeddable":true,"href":"https:\/\/www.europesays.com\/fr\/wp-json\/wp\/v2\/comments?post=338386"}],"version-history":[{"count":0,"href":"https:\/\/www.europesays.com\/fr\/wp-json\/wp\/v2\/posts\/338386\/revisions"}],"wp:featuredmedia":[{"embeddable":true,"href":"https:\/\/www.europesays.com\/fr\/wp-json\/wp\/v2\/media\/338387"}],"wp:attachment":[{"href":"https:\/\/www.europesays.com\/fr\/wp-json\/wp\/v2\/media?parent=338386"}],"wp:term":[{"taxonomy":"category","embeddable":true,"href":"https:\/\/www.europesays.com\/fr\/wp-json\/wp\/v2\/categories?post=338386"},{"taxonomy":"post_tag","embeddable":true,"href":"https:\/\/www.europesays.com\/fr\/wp-json\/wp\/v2\/tags?post=338386"}],"curies":[{"name":"wp","href":"https:\/\/api.w.org\/{rel}","templated":true}]}}