{"id":338388,"date":"2025-08-23T11:26:09","date_gmt":"2025-08-23T11:26:09","guid":{"rendered":"https:\/\/www.europesays.com\/fr\/338388\/"},"modified":"2025-08-23T11:26:09","modified_gmt":"2025-08-23T11:26:09","slug":"pres-de-montpellier-palavas-les-flots-lance-un-jeu-dorientation-grandeur-nature","status":"publish","type":"post","link":"https:\/\/www.europesays.com\/fr\/338388\/","title":{"rendered":"Pr\u00e8s de Montpellier. Palavas-les-Flots lance un jeu d\u2019orientation grandeur nature"},"content":{"rendered":"<p>            Par<br \/>\n        <strong><br \/>\n            <a href=\"https:\/\/actu.fr\/auteur\/r-coudert\" title=\"Consulter tous les articles de Rachel Coudert\" target=\"_blank\" rel=\"noopener\">Rachel Coudert<\/a><br \/>\n        <\/strong><\/p>\n<p>        Publi\u00e9 le<\/p>\n<p>            23 ao\u00fbt 2025 \u00e0 13h07<br \/>\n        ; mis \u00e0 jour le 23 ao\u00fbt 2025 \u00e0 13h10    <\/p>\n<p>Pr\u00eat, feu\u2026 Partez ! Un nouveau jeu de piste prend vie au c\u0153ur de <strong>Palavas-les-Flots<\/strong>, disponible depuis peu. Surnomm\u00e9 le <strong>Captain\u2019 Game<\/strong>, c\u2019est un <strong>parcours d\u2019orientation<\/strong> innovant qui attend les participants, o\u00f9 exploration de la <strong>biodiversit\u00e9 locale<\/strong> rencontre le plaisir d\u2019une <strong>balade<\/strong>, \u00e0 la fois\u00a0urbaine et en pleine nature.<\/p>\n<p class=\" wall-content\">Tout au long du parcours, des questions sur la biodiversit\u00e9 de l\u2019H\u00e9rault viendront rythmer l\u2019aventure. Une invitation \u00e0 observer, ralentir et mieux comprendre l\u2019environnement qui nous entoure, tout en sensibilisant petits et grands \u00e0 la faune et la flore locales.<\/p>\n<p>La biodiversit\u00e9 de Palavas-les-Flots<\/p>\n<p>Entre mer, \u00e9tangs et canaux, Palavas-les-Flots b\u00e9n\u00e9ficie d\u2019un environnement naturel d\u2019une grande richesse. Les lagunes attenantes, comme l\u2019\u00e9tang du Pr\u00e9vost ou l\u2019\u00e9tang de l\u2019Arnel, abritent une faune remarquable : flamants roses, h\u00e9rons, aigrettes et de nombreuses esp\u00e8ces de poissons et mollusques. Les roseli\u00e8res et sansou\u00efres offrent un refuge \u00e0 une multitude d\u2019oiseaux migrateurs, tandis que les fonds marins, gr\u00e2ce \u00e0 la proximit\u00e9 de la M\u00e9diterran\u00e9e, regorgent de biodiversit\u00e9 marine. Cette mosa\u00efque de milieux naturels joue un r\u00f4le essentiel pour l\u2019\u00e9quilibre \u00e9cologique local, en filtrant l\u2019eau, en stockant du carbone et en prot\u00e9geant les c\u00f4tes.<\/p>\n<p>Trois parcours pour tous les niveaux<\/p>\n<p class=\" wall-content\">Con\u00e7u en partenariat avec Ecocean, expert en ing\u00e9nierie \u00e9cologique, Born\u00e9e de Sens, sp\u00e9cialiste de la cr\u00e9ation de parcours ludiques et \u00e9ducatifs et White Chapel, une agence de cr\u00e9ation, ce jeu d\u2019orientation propose de red\u00e9couvrir Palavas-les-Flots et ses alentours \u00e0 travers 3 parcours :<\/p>\n<ul class=\" wall-content\">\n<li>Un parcours p\u00e9destre de 2km, pour une balade en famille tout en appr\u00e9ciant la faune et la flore du port. Dur\u00e9e estim\u00e9e : 1h.<\/li>\n<li>Un second parcours p\u00e9destre de 5km, con\u00e7u pour une balade familiale ou entre amis plus longue. Dur\u00e9e estim\u00e9e : 2h.<\/li>\n<li>Un parcours \u00e0 v\u00e9lo de 12km, adapt\u00e9 pour les cyclistes amateurs curieux de d\u00e9couvrir le reste du territoire. Dur\u00e9e estim\u00e9e : 2h.\u00a0<\/li>\n<\/ul>\n<p>Vid\u00e9os : en ce moment sur Actu<\/p>\n<p class=\" wall-content\">Tous les d\u00e9parts des parcours sont situ\u00e9s au niveau de la capitainerie du Port de Palavas et du bassin Paul Riquet.<\/p>\n<p>    <a href=\"https:\/\/www.google.com\/maps\/embed?pb=!1m18!1m12!1m3!1d2892.9209059291716!2d3.930037476519281!3d43.5248420607227!2m3!1f0!2f0!3f0!3m2!1i1024!2i768!4f13.1!3m3!1m2!1s0x12b6ba61cb588e9f%3A0x94e705f8196c6444!2sPort%20de%20Palavas-les-Flots!5e0!3m2!1sfr!2sfr!4v1755012881210!5m2!1sfr!2sfr\" title=\"Ouvrie le lien\" target=\"_blank\" rel=\"noopener\">Cliquez ici pour visualiser le contenu<\/a><\/p>\n<p>Votre r\u00e9gion, votre actu !<\/p>\n<p>Recevez chaque jour les infos qui comptent pour vous.<\/p>\n<p>\t<a href=\"https:\/\/actu.fr\/newsletter\" class=\"ac-btn ac-btn--corner ac-btn--medium ac-btn--blue800\" target=\"_blank\" rel=\"noopener\">S&rsquo;incrire<\/a><br \/>\nPour plus d\u2019informations sur les parcours et les modalit\u00e9s de participation, rendez-vous directement en capitainerie ou sur le site internet : <a href=\"http:\/\/www.portspalavaslesflots.com\/captaingame\" target=\"_blank\" rel=\"noopener\">www.portspalavaslesflots.com\/captaingame<\/a> ou au 04 67 07 73 50.<\/p>\n<p class=\" wall-content\">Personnalisez votre actualit\u00e9 en ajoutant vos villes et m\u00e9dias en favori avec <a href=\"https:\/\/moncompte.actu.fr\" title=\"D\u00e9couvez Mon Actu\" rel=\"nofollow noopener\" data-trk=\"{&quot;cta&quot;:{&quot;action&quot;:&quot;https:\\\/\\\/moncompte.actu.fr&quot;,&quot;category&quot;:&quot;mon compte&quot;,&quot;from&quot;:&quot;article footer&quot;,&quot;name&quot;:&quot;Mon actu&quot;,&quot;type&quot;:&quot;cta&quot;}}\" target=\"_blank\">Mon Actu<\/a>.<\/p>\n","protected":false},"excerpt":{"rendered":"Par Rachel Coudert Publi\u00e9 le 23 ao\u00fbt 2025 \u00e0 13h07 ; mis \u00e0 jour le 23 ao\u00fbt 2025&hellip;\n","protected":false},"author":2,"featured_media":338389,"comment_status":"","ping_status":"","sticky":false,"template":"","format":"standard","meta":{"footnotes":""},"categories":[9599],"tags":[1111,11,436,1777,674,1011,27,1652,2208,12,2680,7553,25,208],"class_list":{"0":"post-338388","1":"post","2":"type-post","3":"status-publish","4":"format-standard","5":"has-post-thumbnail","7":"category-montpellier","8":"tag-actu","9":"tag-actualites","10":"tag-environnement","11":"tag-eu","12":"tag-europe","13":"tag-fr","14":"tag-france","15":"tag-loisirs-culture","16":"tag-montpellier","17":"tag-news","18":"tag-occitanie","19":"tag-randonnee","20":"tag-republique-francaise","21":"tag-velo"},"share_on_mastodon":{"url":"https:\/\/pubeurope.com\/@fr\/115077839842366741","error":""},"_links":{"self":[{"href":"https:\/\/www.europesays.com\/fr\/wp-json\/wp\/v2\/posts\/338388","targetHints":{"allow":["GET"]}}],"collection":[{"href":"https:\/\/www.europesays.com\/fr\/wp-json\/wp\/v2\/posts"}],"about":[{"href":"https:\/\/www.europesays.com\/fr\/wp-json\/wp\/v2\/types\/post"}],"author":[{"embeddable":true,"href":"https:\/\/www.europesays.com\/fr\/wp-json\/wp\/v2\/users\/2"}],"replies":[{"embeddable":true,"href":"https:\/\/www.europesays.com\/fr\/wp-json\/wp\/v2\/comments?post=338388"}],"version-history":[{"count":0,"href":"https:\/\/www.europesays.com\/fr\/wp-json\/wp\/v2\/posts\/338388\/revisions"}],"wp:featuredmedia":[{"embeddable":true,"href":"https:\/\/www.europesays.com\/fr\/wp-json\/wp\/v2\/media\/338389"}],"wp:attachment":[{"href":"https:\/\/www.europesays.com\/fr\/wp-json\/wp\/v2\/media?parent=338388"}],"wp:term":[{"taxonomy":"category","embeddable":true,"href":"https:\/\/www.europesays.com\/fr\/wp-json\/wp\/v2\/categories?post=338388"},{"taxonomy":"post_tag","embeddable":true,"href":"https:\/\/www.europesays.com\/fr\/wp-json\/wp\/v2\/tags?post=338388"}],"curies":[{"name":"wp","href":"https:\/\/api.w.org\/{rel}","templated":true}]}}