{"id":338400,"date":"2025-08-23T11:35:15","date_gmt":"2025-08-23T11:35:15","guid":{"rendered":"https:\/\/www.europesays.com\/fr\/338400\/"},"modified":"2025-08-23T11:35:15","modified_gmt":"2025-08-23T11:35:15","slug":"illkirch-graffenstaden-un-homme-en-urgence-absolue-apres-un-choc-frontal-route-du-neuhof","status":"publish","type":"post","link":"https:\/\/www.europesays.com\/fr\/338400\/","title":{"rendered":"Illkirch-Graffenstaden. Un homme en urgence absolue apr\u00e8s un choc frontal route du Neuhof"},"content":{"rendered":"<p>Deux voitures sont entr\u00e9es en collision ce samedi 23\u00a0ao\u00fbt vers 7\u00a0h\u00a050 sur la route du Neuhof \u00e0 Illkirch-Graffenstaden. L\u2019accident s\u2019est produit dans une l\u00e9g\u00e8re courbe traversant une zone bois\u00e9e, dans une zone limit\u00e9e \u00e0 50\u00a0km\/h.<\/p>\n<p>Les sapeurs-pompiers sont intervenus. Un occupant d\u2019un des v\u00e9hicules a \u00e9t\u00e9 transport\u00e9 en urgence absolue au CHU de Hautepierre \u00e0 Strasbourg.<\/p>\n<p>Quatre autres personnes, pr\u00e9sentes dans les voitures, ont \u00e9t\u00e9 plus l\u00e9g\u00e8rement bless\u00e9es. Elles ont \u00e9t\u00e9 transport\u00e9es en urgence relative vers diff\u00e9rents h\u00f4pitaux.<\/p>\n<p>La police \u00e9tait \u00e9galement sur place.<\/p>\n","protected":false},"excerpt":{"rendered":"Deux voitures sont entr\u00e9es en collision ce samedi 23\u00a0ao\u00fbt vers 7\u00a0h\u00a050 sur la route du Neuhof \u00e0 Illkirch-Graffenstaden.&hellip;\n","protected":false},"author":2,"featured_media":338401,"comment_status":"","ping_status":"","sticky":false,"template":"","format":"standard","meta":{"footnotes":""},"categories":[2820],"tags":[1111,11,2389,2880,1777,674,274,107,1011,27,775,3088,12,25,640,3089],"class_list":{"0":"post-338400","1":"post","2":"type-post","3":"status-publish","4":"format-standard","5":"has-post-thumbnail","7":"category-strasbourg","8":"tag-actu","9":"tag-actualites","10":"tag-alsace","11":"tag-edition-strasbourg","12":"tag-eu","13":"tag-europe","14":"tag-faits-divers-justice","15":"tag-fil-info","16":"tag-fr","17":"tag-france","18":"tag-grand-est","19":"tag-illkirch-graffenstaden","20":"tag-news","21":"tag-republique-francaise","22":"tag-strasbourg","23":"tag-strasbourg-sud"},"share_on_mastodon":{"url":"https:\/\/pubeurope.com\/@fr\/115077875323232529","error":""},"_links":{"self":[{"href":"https:\/\/www.europesays.com\/fr\/wp-json\/wp\/v2\/posts\/338400","targetHints":{"allow":["GET"]}}],"collection":[{"href":"https:\/\/www.europesays.com\/fr\/wp-json\/wp\/v2\/posts"}],"about":[{"href":"https:\/\/www.europesays.com\/fr\/wp-json\/wp\/v2\/types\/post"}],"author":[{"embeddable":true,"href":"https:\/\/www.europesays.com\/fr\/wp-json\/wp\/v2\/users\/2"}],"replies":[{"embeddable":true,"href":"https:\/\/www.europesays.com\/fr\/wp-json\/wp\/v2\/comments?post=338400"}],"version-history":[{"count":0,"href":"https:\/\/www.europesays.com\/fr\/wp-json\/wp\/v2\/posts\/338400\/revisions"}],"wp:featuredmedia":[{"embeddable":true,"href":"https:\/\/www.europesays.com\/fr\/wp-json\/wp\/v2\/media\/338401"}],"wp:attachment":[{"href":"https:\/\/www.europesays.com\/fr\/wp-json\/wp\/v2\/media?parent=338400"}],"wp:term":[{"taxonomy":"category","embeddable":true,"href":"https:\/\/www.europesays.com\/fr\/wp-json\/wp\/v2\/categories?post=338400"},{"taxonomy":"post_tag","embeddable":true,"href":"https:\/\/www.europesays.com\/fr\/wp-json\/wp\/v2\/tags?post=338400"}],"curies":[{"name":"wp","href":"https:\/\/api.w.org\/{rel}","templated":true}]}}