{"id":338406,"date":"2025-08-23T11:38:16","date_gmt":"2025-08-23T11:38:16","guid":{"rendered":"https:\/\/www.europesays.com\/fr\/338406\/"},"modified":"2025-08-23T11:38:16","modified_gmt":"2025-08-23T11:38:16","slug":"un-homme-presente-comme-un-membre-du-grand-banditisme-corse-parvient-a-sechapper-pendant-un-transferement","status":"publish","type":"post","link":"https:\/\/www.europesays.com\/fr\/338406\/","title":{"rendered":"un homme pr\u00e9sent\u00e9 comme un membre du grand banditisme corse parvient \u00e0 s\u2019\u00e9chapper pendant un transf\u00e8rement"},"content":{"rendered":"<p class=\"article__intro\">Un homme pr\u00e9sent\u00e9 comme un membre du grand banditisme corse, d\u00e9j\u00e0 condamn\u00e9 \u00e0 15 ans de prison et plac\u00e9 en garde \u00e0 vue dans une affaire de trafic de stup\u00e9fiants, s&rsquo;est \u00e9vad\u00e9 d\u00e9but ao\u00fbt lors de son transfert vers l&rsquo;h\u00f4pital de Nice.<\/p>\n<p>\n      L\u2019actu des r\u00e9gions\n    <\/p>\n<p>\n      Chaque jour, un tour d\u2019horizon des principales infos de toutes les r\u00e9gions.\n    <\/p>\n<p>    France T\u00e9l\u00e9visions utilise votre adresse e-mail afin de vous envoyer la newsletter \u00ab\u00a0L\u2019actu des r\u00e9gions\u00a0\u00bb. Vous pouvez vous d\u00e9sinscrire \u00e0 tout moment via le lien en bas de cette newsletter. <a target=\"_blank\" href=\"https:\/\/www.francetelevisions.fr\/groupe\/confidentialite\/politique-de-confidentialite\/politique-de-confidentialite-de-france-televisions-6503\" rel=\"nofollow noopener\">Notre politique de confidentialit\u00e9<\/a><\/p>\n<p>Un homme pr\u00e9sent\u00e9 comme un membre du grand banditisme corse, d\u00e9j\u00e0 <a href=\"https:\/\/france3-regions.franceinfo.fr\/corse\/corse-du-sud\/ajaccio\/aix-en-provence-ouverture-du-proces-de-l-assassinat-d-yves-manunta-1025145.html\" target=\"_blank\" rel=\"noopener nofollow\">condamn\u00e9 \u00e0 15 ans de prison<\/a> et plac\u00e9 en garde \u00e0 vue dans une affaire de trafic de stup\u00e9fiants, s&rsquo;est \u00e9vad\u00e9 d\u00e9but ao\u00fbt lors de son transfert vers l&rsquo;h\u00f4pital de Nice.<\/p>\n<p>L&rsquo;information a \u00e9t\u00e9 r\u00e9v\u00e9l\u00e9e par l&rsquo;AFP, ce vendredi 22 ao\u00fbt.<\/p>\n<p>Nizar Feddaoui, 36 ans, a \u00e9t\u00e9 arr\u00eat\u00e9 le 8 ao\u00fbt \u00e0 Nice, dans le cadre d&rsquo;une enqu\u00eate pour trafic de stup\u00e9fiants pilot\u00e9e par un juge d&rsquo;instruction du tribunal judiciaire d&rsquo;Ajaccio.<\/p>\n<p>Plac\u00e9 en garde \u00e0 vue, il s&rsquo;est \u00ab\u00a0\u00e9vad\u00e9 lors de son transf\u00e8rement \u00e0 l&rsquo;h\u00f4pital de Nice\u00a0\u00bb, d\u00e9taille l&rsquo;AFP, pr\u00e9cisant qu&rsquo;un \u00ab\u00a0mandat d&rsquo;arr\u00eat europ\u00e9en\u00a0\u00bb avait \u00e9t\u00e9 \u00e9mis contre lui.<\/p>\n<p>Plusieurs autres arrestations avaient eu lieu dans le cadre de ce dossier en Corse et sur le continent.<\/p>\n<p>Contact\u00e9s par l&rsquo;AFP, les parquets d&rsquo;Ajaccio et de Nice n&rsquo;ont pas souhait\u00e9 communiquer.<\/p>\n<p>En novembre 2024, Nizar Feddaoui avait d\u00e9j\u00e0 \u00e9t\u00e9 <a href=\"https:\/\/france3-regions.franceinfo.fr\/corse\/corse-du-sud\/saisie-de-drogue-a-ajaccio-deux-hommes-mis-en-examen-3063184.html\" target=\"_blank\" rel=\"noopener nofollow\">mis en examen pour trafic de drogue et plac\u00e9 sous contr\u00f4le judiciaire<\/a>.<\/p>\n<p>En juin 2016, il avait \u00e9t\u00e9 acquitt\u00e9 par la cour d&rsquo;assises des Bouches-du-Rh\u00f4ne, \u00e0 Aix-en-Provence, pour l&rsquo;assassinat de l&rsquo;ex-dirigeant nationaliste corse Yves Manunta, le 9 juillet 2012 \u00e0 Ajaccio, mais <a href=\"https:\/\/france3-regions.franceinfo.fr\/corse\/corse-du-sud\/ajaccio\/aix-en-provence-ouverture-du-proces-de-l-assassinat-d-yves-manunta-1025145.html\" target=\"_blank\" rel=\"noopener nofollow\">condamn\u00e9 \u00e0 15 ans de r\u00e9clusion criminelle<\/a> pour association de malfaiteurs et pour l&rsquo;incendie volontaire en bande organis\u00e9e du v\u00e9hicule utilis\u00e9 par les auteurs de l&rsquo;homicide.<\/p>\n","protected":false},"excerpt":{"rendered":"Un homme pr\u00e9sent\u00e9 comme un membre du grand banditisme corse, d\u00e9j\u00e0 condamn\u00e9 \u00e0 15 ans de prison et&hellip;\n","protected":false},"author":2,"featured_media":338407,"comment_status":"","ping_status":"","sticky":false,"template":"","format":"standard","meta":{"footnotes":""},"categories":[2819],"tags":[1111,11,1777,674,1011,27,12,2401,882,25],"class_list":{"0":"post-338406","1":"post","2":"type-post","3":"status-publish","4":"format-standard","5":"has-post-thumbnail","7":"category-nice","8":"tag-actu","9":"tag-actualites","10":"tag-eu","11":"tag-europe","12":"tag-fr","13":"tag-france","14":"tag-news","15":"tag-nice","16":"tag-provence-alpes-cote-dazur","17":"tag-republique-francaise"},"share_on_mastodon":{"url":"https:\/\/pubeurope.com\/@fr\/115077887036671026","error":""},"_links":{"self":[{"href":"https:\/\/www.europesays.com\/fr\/wp-json\/wp\/v2\/posts\/338406","targetHints":{"allow":["GET"]}}],"collection":[{"href":"https:\/\/www.europesays.com\/fr\/wp-json\/wp\/v2\/posts"}],"about":[{"href":"https:\/\/www.europesays.com\/fr\/wp-json\/wp\/v2\/types\/post"}],"author":[{"embeddable":true,"href":"https:\/\/www.europesays.com\/fr\/wp-json\/wp\/v2\/users\/2"}],"replies":[{"embeddable":true,"href":"https:\/\/www.europesays.com\/fr\/wp-json\/wp\/v2\/comments?post=338406"}],"version-history":[{"count":0,"href":"https:\/\/www.europesays.com\/fr\/wp-json\/wp\/v2\/posts\/338406\/revisions"}],"wp:featuredmedia":[{"embeddable":true,"href":"https:\/\/www.europesays.com\/fr\/wp-json\/wp\/v2\/media\/338407"}],"wp:attachment":[{"href":"https:\/\/www.europesays.com\/fr\/wp-json\/wp\/v2\/media?parent=338406"}],"wp:term":[{"taxonomy":"category","embeddable":true,"href":"https:\/\/www.europesays.com\/fr\/wp-json\/wp\/v2\/categories?post=338406"},{"taxonomy":"post_tag","embeddable":true,"href":"https:\/\/www.europesays.com\/fr\/wp-json\/wp\/v2\/tags?post=338406"}],"curies":[{"name":"wp","href":"https:\/\/api.w.org\/{rel}","templated":true}]}}