{"id":338408,"date":"2025-08-23T11:39:47","date_gmt":"2025-08-23T11:39:47","guid":{"rendered":"https:\/\/www.europesays.com\/fr\/338408\/"},"modified":"2025-08-23T11:39:47","modified_gmt":"2025-08-23T11:39:47","slug":"hebergement-durgence-letat-doit-assumer-ses-responsabilites-dit-le-parti-communiste-a-nantes-maville","status":"publish","type":"post","link":"https:\/\/www.europesays.com\/fr\/338408\/","title":{"rendered":"H\u00e9bergement d\u2019urgence, \u00ab l\u2019\u00c9tat doit assumer ses responsabilit\u00e9s \u00bb, dit le parti communiste \u00e0 Nantes &#8211; Maville"},"content":{"rendered":"<ol>\n<li><a href=\"https:\/\/news.google.com\/rss\/articles\/CBMi9wFBVV95cUxQall5bWk1ektueG03eDJYczdMTEQzVi04b3Qxd2h3YjlJeXNlVnlRMHpvQ0V1Z0tOOEVTbkF1MjNVTzFBV3VRQTQxcF81UTFZN0duX0dqQy0yNHE2NjBTWlRmZ2JPUnpIalFieU9xa19YcThWVGIzeWttdnl0RFV5eW5QLWRLcng5QUJqRjd6WHVHdDlYelBTYUU4Mm45LXJyTnNDY2I1SGZtMGJDa1JOVkxtMWl0a2hxLXNrSTNyVEpjS3N3X05OdVZGMF9ranVXU3d6bVUtQXgxclVWTzFtajlHNjV4TDJzNHFBbWpvUGh3LTFCRnpj?oc=5\" target=\"_blank\" rel=\"noopener\">H\u00e9bergement d\u2019urgence, \u00ab l\u2019\u00c9tat doit assumer ses responsabilit\u00e9s \u00bb, dit le parti communiste \u00e0 Nantes<\/a>&nbsp;&nbsp;Maville<\/li>\n<li><a href=\"https:\/\/news.google.com\/rss\/articles\/CBMimwJBVV95cUxQbFhuOTYzeVdlU2luVVBPaGZlaVNNcy0yTW8zX3ZOTlQtVHJwSnlneWVIQWxlS0JvMmlzOERHX1EwZzJtSXhTRW0zckszQ0REMnJyOW02Y1Y2VGY5UVdTX3VSYmZkamZ1UW9FUkcxb1hSS1lnTUo1bTk1ZDFOSkQ5MFktNm5DM0t3eUJkcFJDSmN5Mk5VT05DYThUZmwzU3lILVRyTTN4d2QtYzNTT0pHOTFGa3NreVRnekxmR2JDOGlJS0I2Y05VR2M2UTNPOXNHWFc4ODN1Ykxjd2ZiNVBReU9wa3FJMUZQN2lBWXFzY3VocFUzeUdjWGV6UnUwY2lkbnpOTGxpSmlycGZwbGlud1lKalJINzhieWhV?oc=5\" target=\"_blank\" rel=\"noopener\">\u201cJ\u2019ai peur qu\u2019on nous renvoie dans notre pays\u201d: deux nouvelles familles expuls\u00e9es de leur logement et une grande cha\u00eene de solidarit\u00e9<\/a>&nbsp;&nbsp;Charente Libre<\/li>\n<li><a href=\"https:\/\/news.google.com\/rss\/articles\/CBMi8gFBVV95cUxQT1VkbTNRS1EtNkVEVGRndlM1OG4tS0VuWElwbS1UMTJ3M2RRTXkzamdsM0Rxb1Q3ZTA5eTd2Vl9MSzRGLUN4NUMyQXNLVEFfSGpKMl9vXzZscjFXb2pJSDRVTzhvdC1WNnpETjUwWTlFbUE5dFZOdWNsZ0F4anhxZWNNN1ZQNnAtbVJwQkV1VHNxQ1o3ckVwMjd6a3JjZURiVEtCUFlfMWhHUUMxNWQ4WFd3cGNJVWJna2pSY2lCS01nZjhqTjNXV204cmRCOGhwOTV6TTNJelI2bXhIb2tJaTllaTlWa0d1cHhtV1ljdVVUZw?oc=5\" target=\"_blank\" rel=\"noopener\">\u00c0 Saint-Nazaire, la police expulse une famille sans papiers<\/a>&nbsp;&nbsp;Ouest-France<\/li>\n<li><a href=\"https:\/\/news.google.com\/rss\/articles\/CBMi3gJBVV95cUxONF9SRXVGZ1VxWHdFYXM1LS1mVDZJdE16c1djaEV0QXNmZGU4SXBzc2RIbk1MNEF2eDRuX2U0Rk9LcEd6TUg5SXFJQ1g3Ty10aU04V3VZWG5GTURPcEpHcW51aks5U1hrdGhMVTZSbXB2R3RJMlJLR3BQeE1ydlJLWU1BcXl0SDB3cmNaZlRxaTlzZVNIa1N2bFloOXlJdVVaNExzQ09HMXVsbVI2enJlNi14U1FZWHdOUnBfSnVvMVZiRHV4REh4Zk5JalhFamFRcGVJbmVKa0JXVXBNbUgza2JzY1p3Q0xuYUlUSXJDejRNN2lZcENOQkZYUVNZRGpVTTBtOEZFTktackRHMEVZREJXZDYyUFRBLVgzOHA3VnpDenltUTJ2LUsxS3hIZDVzTmFHQnpXTHlMSVhPMFpVTHFWQXRSamw4cllVSXpkOWZQbmZpRkJsYjJZQkcxQQ?oc=5\" target=\"_blank\" rel=\"noopener\">\u00ab\u00a0Il n&rsquo;y a aucune solution pour eux\u00a0\u00bb, une famille avec enfant \u00e0 la rue \u00e0 Saint-Nazaire apr\u00e8s l&rsquo;expulsion de son logement par les forces de l&rsquo;ordre<\/a>&nbsp;&nbsp;France 3 R\u00e9gions<\/li>\n<li><a href=\"https:\/\/news.google.com\/rss\/articles\/CBMiywFBVV95cUxQVGZzcGVOSE1wdEdOM1FPUkVpR0I3TFJDdTdfWVJTNFZLSzF6a0VicEU2dUQtSkFyc0RQUUdzSnJZS3J2bXdMaFZFR25aaTBxX0hDb0gza1J2ZGpHVE5lRS15QWdDbUFHaG5fVTFLRUFRU3ItMzNOM1RyaTU0Q1ZlQkVmY3c5Xy1rRmVhNi03bDB2Tm1Vd1JGR3phZGVhV3FjQWNqTGY0VG5paEJGdlUzV2tZNGhkNUVlQk5NWVp2ZTNmSjFoSFJkXzAyMA?oc=5\" target=\"_blank\" rel=\"noopener\">\u00ab Du jamais vu \u00bb : pas de tr\u00eave estivale pour les d\u00e9bout\u00e9s du droit d\u2019asile<\/a>&nbsp;&nbsp;Maville Nantes<\/li>\n<\/ol>\n","protected":false},"excerpt":{"rendered":"H\u00e9bergement d\u2019urgence, \u00ab l\u2019\u00c9tat doit assumer ses responsabilit\u00e9s \u00bb, dit le parti communiste \u00e0 Nantes&nbsp;&nbsp;Maville \u201cJ\u2019ai peur qu\u2019on&hellip;\n","protected":false},"author":2,"featured_media":338409,"comment_status":"","ping_status":"","sticky":false,"template":"","format":"standard","meta":{"footnotes":""},"categories":[2818],"tags":[1111,11,47474,27530,2827,16309,1777,674,1011,27,5222,766,12,13695,2636,25,16401,6689,3083,9693],"class_list":{"0":"post-338408","1":"post","2":"type-post","3":"status-publish","4":"format-standard","5":"has-post-thumbnail","7":"category-nantes","8":"tag-actu","9":"tag-actualites","10":"tag-assumer","11":"tag-communiste","12":"tag-dit","13":"tag-etat","14":"tag-eu","15":"tag-europe","16":"tag-fr","17":"tag-france","18":"tag-hebergement","19":"tag-nantes","20":"tag-news","21":"tag-parti","22":"tag-pays-de-la-loire","23":"tag-republique-francaise","24":"tag-responsabilites","25":"tag-roche","26":"tag-urgence","27":"tag-yon"},"share_on_mastodon":{"url":"https:\/\/pubeurope.com\/@fr\/115077894787471519","error":""},"_links":{"self":[{"href":"https:\/\/www.europesays.com\/fr\/wp-json\/wp\/v2\/posts\/338408","targetHints":{"allow":["GET"]}}],"collection":[{"href":"https:\/\/www.europesays.com\/fr\/wp-json\/wp\/v2\/posts"}],"about":[{"href":"https:\/\/www.europesays.com\/fr\/wp-json\/wp\/v2\/types\/post"}],"author":[{"embeddable":true,"href":"https:\/\/www.europesays.com\/fr\/wp-json\/wp\/v2\/users\/2"}],"replies":[{"embeddable":true,"href":"https:\/\/www.europesays.com\/fr\/wp-json\/wp\/v2\/comments?post=338408"}],"version-history":[{"count":0,"href":"https:\/\/www.europesays.com\/fr\/wp-json\/wp\/v2\/posts\/338408\/revisions"}],"wp:featuredmedia":[{"embeddable":true,"href":"https:\/\/www.europesays.com\/fr\/wp-json\/wp\/v2\/media\/338409"}],"wp:attachment":[{"href":"https:\/\/www.europesays.com\/fr\/wp-json\/wp\/v2\/media?parent=338408"}],"wp:term":[{"taxonomy":"category","embeddable":true,"href":"https:\/\/www.europesays.com\/fr\/wp-json\/wp\/v2\/categories?post=338408"},{"taxonomy":"post_tag","embeddable":true,"href":"https:\/\/www.europesays.com\/fr\/wp-json\/wp\/v2\/tags?post=338408"}],"curies":[{"name":"wp","href":"https:\/\/api.w.org\/{rel}","templated":true}]}}