{"id":338410,"date":"2025-08-23T11:40:22","date_gmt":"2025-08-23T11:40:22","guid":{"rendered":"https:\/\/www.europesays.com\/fr\/338410\/"},"modified":"2025-08-23T11:40:22","modified_gmt":"2025-08-23T11:40:22","slug":"la-surprenante-raison-du-depart-dabline","status":"publish","type":"post","link":"https:\/\/www.europesays.com\/fr\/338410\/","title":{"rendered":"la surprenante raison du d\u00e9part d\u2019Abline"},"content":{"rendered":"<p>                                            Publi\u00e9 le 23\/08\/2025 \u00e0 12h16<br \/>\n                                                                                3 minutes de lecture\n                                                                    <\/p>\n<p>La situation de <strong>Matthis Abline<\/strong> au FC Nantes prend une tournure particuli\u00e8rement r\u00e9v\u00e9latrice des enjeux financiers qui r\u00e9gissent le football moderne. Alors que l\u00a0\u00bbattaquant semble d\u00e9termin\u00e9 \u00e0 quitter la <strong>Maison Jaune<\/strong> avant la fin du mercato estival, les v\u00e9ritables motivations de ce d\u00e9part annonc\u00e9 ne rel\u00e8vent pas d&rsquo;un malaise sportif ou d&rsquo;une m\u00e9sentente avec l&rsquo;encadrement technique. Selon les informations rapport\u00e9es par <strong>Presse Oc\u00e9an<\/strong>, cette volont\u00e9 de d\u00e9part cache en r\u00e9alit\u00e9 des consid\u00e9rations purement mercantiles orchestr\u00e9es par son entourage professionnel. L&rsquo;ancien joueur du Stade Rennais, courtis\u00e9 par plusieurs formations dont l&rsquo;OM, le Paris FC et des clubs anglais, se trouve au c\u0153ur d&rsquo;une strat\u00e9gie commerciale de ses repr\u00e9sentants qui pourrait bien pr\u00e9cipiter son d\u00e9part des Canaris avant le <strong>1er septembre<\/strong>.<\/p>\n<p>                                <img decoding=\"async\" src=\"https:\/\/www.europesays.com\/fr\/wp-content\/uploads\/2025\/04\/1744123449_543_logo.png\" alt=\"Logo\"\/><\/p>\n<p>100\u20ac offerts sur ton 1er pari !<\/p>\n<p>                            <a href=\"https:\/\/bit.ly\/4j5wl4k\" class=\"headband-button\" rel=\"nofollow noopener\" target=\"_blank\">J&rsquo;en profite<\/a><\/p>\n<p>                                                                <img loading=\"lazy\" decoding=\"async\" src=\"https:\/\/www.europesays.com\/fr\/wp-content\/uploads\/2025\/08\/mercato-nantes-la-surprenante-raison-du-depart-d-abline.jpg\" alt=\"Illustration : &quot;Mercato Nantes : la surprenante raison du d\u00e9part d\u2019Abline&quot;\" class=\"figure-img img-fluid\" width=\"780\" height=\"478\"\/><\/p>\n<p>                                    \u00a9 Site officiel du FC Nantes                                <\/p>\n<p>Une relation tendue avec Luis Castro<\/p>\n<p>Les rapports entre <strong>Matthis Abline<\/strong> et son entra\u00eeneur <strong>Luis Castro<\/strong> se sont consid\u00e9rablement d\u00e9grad\u00e9s ces derni\u00e8res semaines, atteignant un point de rupture dimanche soir lors de la d\u00e9faite face au PSG. Le technicien portugais n&rsquo;a pas m\u00e2ch\u00e9 ses mots concernant la prestation de son attaquant, entr\u00e9 en cours de jeu lors de cette rencontre qui s&rsquo;est sold\u00e9e par un revers <strong>0-1<\/strong> face aux Parisiens. Castro a particuli\u00e8rement point\u00e9 du doigt l&rsquo;implication d\u00e9faillante d&rsquo;Abline sur le but encaiss\u00e9, mais c&rsquo;est surtout l&rsquo;attitude g\u00e9n\u00e9rale du joueur qui semble poser probl\u00e8me. Depuis le d\u00e9but de l&rsquo;\u00e9t\u00e9, l&rsquo;ancien Rennais affiche ouvertement sa volont\u00e9 de quitter le club, ce qui ne peut que perturber la coh\u00e9sion du groupe et agacer un entra\u00eeneur qui mise sur l&rsquo;engagement total de ses joueurs. Cette situation conflictuelle s&rsquo;inscrit dans un contexte plus large o\u00f9 le comportement d&rsquo;Abline refl\u00e8te sa d\u00e9termination \u00e0 forcer son d\u00e9part, quitte \u00e0 cr\u00e9er des tensions au sein de l&rsquo;effectif nantais.<\/p>\n<p>La strat\u00e9gie financi\u00e8re des agents r\u00e9v\u00e9l\u00e9e<\/p>\n<p>La v\u00e9ritable cl\u00e9 de cette affaire r\u00e9side dans les r\u00e9v\u00e9lations concernant les motivations des <strong>agents de Matthis Abline<\/strong>, dont le mandat arrive \u00e0 \u00e9ch\u00e9ance en septembre prochain. Selon les informations de <strong>Presse Oc\u00e9an<\/strong>, ces repr\u00e9sentants ont une strat\u00e9gie bien pr\u00e9cise : r\u00e9aliser un transfert lucratif avant la fin de leur collaboration avec le joueur afin de r\u00e9cup\u00e9rer une belle commission. Cette approche purement mercantile explique pourquoi le d\u00e9part d&rsquo;Abline semble in\u00e9luctable malgr\u00e9 la position ferme du FC Nantes, qui a fix\u00e9 un <strong>tarif r\u00e9dhibitoire<\/strong> pour d\u00e9courager les pr\u00e9tendants. Les agents ne veulent manifestement \u00ab\u00a0pas entendre parler\u00a0\u00bb de la possibilit\u00e9 que leur client reste en Loire-Atlantique, pr\u00e9f\u00e9rant forcer la main pour obtenir un transfert g\u00e9n\u00e9rateur de revenus substantiels. Cette situation illustre parfaitement comment les int\u00e9r\u00eats financiers des interm\u00e9diaires peuvent primer sur les consid\u00e9rations sportives et l&rsquo;attachement d&rsquo;un joueur \u00e0 son club.<\/p>\n<p>Un d\u00e9nouement attendu avant septembre<\/p>\n<p>Malgr\u00e9 la position de force du FC Nantes, qui <strong>n&rsquo;a plus besoin de vendre<\/strong> apr\u00e8s avoir r\u00e9alis\u00e9 de nombreuses cessions cet \u00e9t\u00e9, l&rsquo;issue de ce feuilleton semble d\u00e9j\u00e0 \u00e9crite. Le <strong>Paris FC<\/strong> demeure sur les rangs, tandis que les clubs anglais, r\u00e9put\u00e9s pour leurs interventions tardives sur le march\u00e9 des transferts, pourraient se manifester dans les derniers jours du mercato. Cette situation laissera in\u00e9vitablement un go\u00fbt amer \u00e0 la direction ainsi qu&rsquo;aux supporters du FC Nantes, qui assistent impuissants au d\u00e9part programm\u00e9 d&rsquo;un joueur dont les motivations ne rel\u00e8vent pas de consid\u00e9rations sportives mais d&rsquo;enjeux financiers orchestr\u00e9s par son entourage professionnel.<\/p>\n<p>Dimanche 24 ao\u00fbt, les Canaris tenteront de relever la t\u00eate face \u00e0 Strasbourg apr\u00e8s la d\u00e9faite \u00e0 la Beaujoire face au PSG. \u00c0 cette occasion, profitez de 100\u20ac offerts pour votre premi\u00e8re inscription sur Parions Sport en Ligne. <a href=\"http:\/\/bit.ly\/4hgs1yE\" rel=\"nofollow noopener\" target=\"_blank\"><strong>Une victoire du FC Nantes face au RC Strasbourg vous rapporte jusqu\u2019\u00e0 400\u20ac !<\/strong><\/a><\/p>\n<p><strong>Pour en profiter, c\u2019est tr\u00e8s simple :<\/strong><\/p>\n<p>&#8211;              Cr\u00e9ez votre compte joueur en seulement 2 \u00e9tapes <a href=\"http:\/\/bit.ly\/4hgs1yE\" rel=\"nofollow noopener\" target=\"_blank\"><strong>ici<\/strong><\/a><\/p>\n<p>&#8211;              R\u00e9alisez votre 1er d\u00e9p\u00f4t puis placez votre 1er pari (Minimum 5\u20ac)<\/p>\n<p>&#8211;              Une fois votre 1er d\u00e9p\u00f4t et votre 1er pari r\u00e9alis\u00e9s, l\u2019int\u00e9gralit\u00e9 du montant de ce 1er pari sera cr\u00e9dit\u00e9e sur votre compte joueur dans la limite de 100\u20ac maximum et sous la forme de cr\u00e9dits de jeu non retirables. Le cr\u00e9dit s\u2019effectuera alors en une seule \u00e9tape et sous 3 jours<\/p>\n<p>Jouer comporte des risques : endettement, d\u00e9pendance\u2026 Appelez le 09 74 75 13 13 (appel non surtax\u00e9)<\/p>\n","protected":false},"excerpt":{"rendered":"Publi\u00e9 le 23\/08\/2025 \u00e0 12h16 3 minutes de lecture La situation de Matthis Abline au FC Nantes prend&hellip;\n","protected":false},"author":2,"featured_media":338411,"comment_status":"","ping_status":"","sticky":false,"template":"","format":"standard","meta":{"footnotes":""},"categories":[2818],"tags":[1111,11,1777,674,1011,27,766,12,2636,25],"class_list":{"0":"post-338410","1":"post","2":"type-post","3":"status-publish","4":"format-standard","5":"has-post-thumbnail","7":"category-nantes","8":"tag-actu","9":"tag-actualites","10":"tag-eu","11":"tag-europe","12":"tag-fr","13":"tag-france","14":"tag-nantes","15":"tag-news","16":"tag-pays-de-la-loire","17":"tag-republique-francaise"},"share_on_mastodon":{"url":"https:\/\/pubeurope.com\/@fr\/115077894908557638","error":""},"_links":{"self":[{"href":"https:\/\/www.europesays.com\/fr\/wp-json\/wp\/v2\/posts\/338410","targetHints":{"allow":["GET"]}}],"collection":[{"href":"https:\/\/www.europesays.com\/fr\/wp-json\/wp\/v2\/posts"}],"about":[{"href":"https:\/\/www.europesays.com\/fr\/wp-json\/wp\/v2\/types\/post"}],"author":[{"embeddable":true,"href":"https:\/\/www.europesays.com\/fr\/wp-json\/wp\/v2\/users\/2"}],"replies":[{"embeddable":true,"href":"https:\/\/www.europesays.com\/fr\/wp-json\/wp\/v2\/comments?post=338410"}],"version-history":[{"count":0,"href":"https:\/\/www.europesays.com\/fr\/wp-json\/wp\/v2\/posts\/338410\/revisions"}],"wp:featuredmedia":[{"embeddable":true,"href":"https:\/\/www.europesays.com\/fr\/wp-json\/wp\/v2\/media\/338411"}],"wp:attachment":[{"href":"https:\/\/www.europesays.com\/fr\/wp-json\/wp\/v2\/media?parent=338410"}],"wp:term":[{"taxonomy":"category","embeddable":true,"href":"https:\/\/www.europesays.com\/fr\/wp-json\/wp\/v2\/categories?post=338410"},{"taxonomy":"post_tag","embeddable":true,"href":"https:\/\/www.europesays.com\/fr\/wp-json\/wp\/v2\/tags?post=338410"}],"curies":[{"name":"wp","href":"https:\/\/api.w.org\/{rel}","templated":true}]}}