{"id":338412,"date":"2025-08-23T11:42:10","date_gmt":"2025-08-23T11:42:10","guid":{"rendered":"https:\/\/www.europesays.com\/fr\/338412\/"},"modified":"2025-08-23T11:42:10","modified_gmt":"2025-08-23T11:42:10","slug":"booba-vald-et-sch-debarque-a-bordeaux","status":"publish","type":"post","link":"https:\/\/www.europesays.com\/fr\/338412\/","title":{"rendered":"Booba, Vald et SCH d\u00e9barque \u00e0 Bordeaux"},"content":{"rendered":"<p>\ud83d\udd52 Article publi\u00e9 le 23 ao\u00fbt 2025<br \/>&#13;<br \/>\n\u2705 Mis \u00e0 jour le 23 ao\u00fbt 2025<\/p>\n<p>Les <strong>5 et 6 septembre 2025<\/strong>, Bordeaux s\u2019appr\u00eate \u00e0 vibrer au rythme du rap et de la trap avec le <strong>festival Hypnotize<\/strong>. Eh oui, dans moins d\u2019une semaine, l\u2019\u00e9v\u00e9nement national d\u00e9barque au <strong>Parc des Expositions<\/strong> avec un line-up m\u00ealant l\u00e9gendes du genre et nouvelles t\u00eates. Booba, SCH, Vald ou encore Maureen, il y a de quoi faire tourner la t\u00eate \u00e0 tous les amateurs de culture urbaine. Voici tout ce qu\u2019il faut savoir sur Hypnotize, le festival \u00e0 ne pas manquer.<\/p>\n<p>Les artistes de rap vont enflammer le Parc des Expositions \u00e0 Bordeaux \u00a9 Hypnotize Festival<\/p>\n<p>Un line-up XXL : les l\u00e9gendes croisent la rel\u00e8ve<\/p>\n<p>Le festival mise sur un casting explosif. D\u2019un c\u00f4t\u00e9, on retrouve les t\u00eates d\u2019affiche avec <strong>Booba<\/strong>, <strong>Vald<\/strong>, <strong>SCH<\/strong> et <strong>Leto<\/strong>, les poids lourds de l\u2019industrie. Et face \u00e0 eux ? Fav\u00e9, <strong>Maureen<\/strong>, Aupinard\u2026 En bref, la g\u00e9n\u00e9ration qui monte, pr\u00eate \u00e0 prendre le relais. Vous l\u2019aurez compris, le m\u00e9lange est clair : des ic\u00f4nes qui remplissent les stades et des jeunes pr\u00eats \u00e0 marquer la sc\u00e8ne. Le festival se place donc comme une vitrine prestigieuse et un <strong>tremplin pour les artistes<\/strong> de demain.<\/p>\n<p>D\u00e9couvrez la programmation compl\u00e8te du festival<\/p>\n<ul>\n<li><strong>Vendredi 5 septembre 2025 :<\/strong> Booba, Fav\u00e9, Leto, Aupinard, La Mano 1.9, Maydo, Sheng<\/li>\n<li><strong>Samedi 6 septembre 2025 :<\/strong> SCH, Maureen, Vald, Dali, Jolagreen23, Prince Waly, Souffrance, Jasem<\/li>\n<\/ul>\n<p><img loading=\"lazy\" decoding=\"async\" aria-describedby=\"caption-attachment-29106\" class=\"size-full wp-image-29106 lazyload ewww_webp_lazy_load\" src=\"https:\/\/www.europesays.com\/fr\/wp-content\/uploads\/2025\/08\/vald-bordeaux.jpg\" alt=\"VALD fait \u00e9galement partie de la programmation de l'Hypnotize Festival - Rzom\" width=\"1200\" height=\"675\" style=\"--smush-placeholder-width: 1200px; --smush-placeholder-aspect-ratio: 1200\/675;\" src-webp=\"https:\/\/www.europesays.com\/fr\/wp-content\/uploads\/2025\/08\/vald-bordeaux.jpg.webp\"\/><\/p>\n<p id=\"caption-attachment-29106\" class=\"wp-caption-text\">VALD fait \u00e9galement partie de la programmation de l\u2019Hypnotize Festival \u00a9 Rzom<\/p>\n<p>Hypnotize : une exp\u00e9rience totale au-del\u00e0 du concert<\/p>\n<p>Hypnotize ne se r\u00e9sume pas \u00e0 une simple s\u00e9rie de concerts : c\u2019est une <strong>plong\u00e9e immersive dans la culture hip-hop<\/strong>. Sur deux sc\u00e8nes install\u00e9es au Parc des Expositions, le public pourra profiter de performances live, battles de rap et de danse. Mais pas que ! Vous pourrez \u00e9galement d\u00e9couvrir des <strong>shows de graffiti en direct<\/strong>, des stands mode, bijoux et grillz, ainsi que des espaces tattoo. Ajoutez \u00e0 cela une s\u00e9lection de food trucks vari\u00e9s, et vous obtenez une exp\u00e9rience pens\u00e9e pour stimuler les sens autant que les oreilles.<\/p>\n<p>Bordeaux, nouvelle terre du rap<\/p>\n<p>Longtemps per\u00e7ue comme une ville plus rock et \u00e9lectro, Bordeaux confirme son ouverture musicale. Apr\u00e8s avoir accueilli des <a href=\"https:\/\/passion-aquitaine.ouest-france.fr\/wp-admin\/post.php?post=23130&amp;action=edit\" rel=\"nofollow noopener\" target=\"_blank\">\u00e9v\u00e9nements majeurs de musiques \u00e9lectroniques<\/a>, la capitale girondine offre d\u00e9sormais une place de choix au rap. Avec <a href=\"https:\/\/hypnotizefestival.com\/\" target=\"_blank\" rel=\"nofollow noopener\">Hypnotize<\/a>, elle attire non seulement des artistes de premier plan, mais aussi un public jeune et diversifi\u00e9, venu de toute la <strong>Nouvelle-Aquitaine<\/strong> et au-del\u00e0.<\/p>\n<p>Hypnotize festival : guide et informations pratiques<\/p>\n<ul>\n<li><strong>Dates :<\/strong> vendredi 5 (17h\u201300h) et samedi 6 septembre (15h\u201300h)<\/li>\n<li><strong>Lieu :<\/strong> Parc des Expositions, Cours Jules Ladoum\u00e8gue, 33300 Bordeaux<\/li>\n<li><strong>Billets :<\/strong> Pass 1 jour et 2 jours disponibles (57,90 \u20ac \u2013 82,90 \u20ac)<\/li>\n<li><strong>Accessibilit\u00e9 :<\/strong> tram, navettes et parkings pr\u00e9vus, espaces PMR disponibles<\/li>\n<li><strong>Public :<\/strong> d\u00e8s 12 ans (autorisation parentale requise pour les mineurs)<\/li>\n<\/ul>\n","protected":false},"excerpt":{"rendered":"\ud83d\udd52 Article publi\u00e9 le 23 ao\u00fbt 2025&#13; \u2705 Mis \u00e0 jour le 23 ao\u00fbt 2025 Les 5 et&hellip;\n","protected":false},"author":2,"featured_media":338413,"comment_status":"","ping_status":"","sticky":false,"template":"","format":"standard","meta":{"footnotes":""},"categories":[2817],"tags":[1111,11,1997,1777,674,47477,1011,27,47478,47475,12,2219,47476,25],"class_list":{"0":"post-338412","1":"post","2":"type-post","3":"status-publish","4":"format-standard","5":"has-post-thumbnail","7":"category-bordeaux","8":"tag-actu","9":"tag-actualites","10":"tag-bordeaux","11":"tag-eu","12":"tag-europe","13":"tag-festival-bordeaux","14":"tag-fr","15":"tag-france","16":"tag-hypnotize-bordeaux","17":"tag-hypnotize-festival","18":"tag-news","19":"tag-nouvelle-aquitaine","20":"tag-rap-bordeaux","21":"tag-republique-francaise"},"share_on_mastodon":{"url":"https:\/\/pubeurope.com\/@fr\/115077902770204823","error":""},"_links":{"self":[{"href":"https:\/\/www.europesays.com\/fr\/wp-json\/wp\/v2\/posts\/338412","targetHints":{"allow":["GET"]}}],"collection":[{"href":"https:\/\/www.europesays.com\/fr\/wp-json\/wp\/v2\/posts"}],"about":[{"href":"https:\/\/www.europesays.com\/fr\/wp-json\/wp\/v2\/types\/post"}],"author":[{"embeddable":true,"href":"https:\/\/www.europesays.com\/fr\/wp-json\/wp\/v2\/users\/2"}],"replies":[{"embeddable":true,"href":"https:\/\/www.europesays.com\/fr\/wp-json\/wp\/v2\/comments?post=338412"}],"version-history":[{"count":0,"href":"https:\/\/www.europesays.com\/fr\/wp-json\/wp\/v2\/posts\/338412\/revisions"}],"wp:featuredmedia":[{"embeddable":true,"href":"https:\/\/www.europesays.com\/fr\/wp-json\/wp\/v2\/media\/338413"}],"wp:attachment":[{"href":"https:\/\/www.europesays.com\/fr\/wp-json\/wp\/v2\/media?parent=338412"}],"wp:term":[{"taxonomy":"category","embeddable":true,"href":"https:\/\/www.europesays.com\/fr\/wp-json\/wp\/v2\/categories?post=338412"},{"taxonomy":"post_tag","embeddable":true,"href":"https:\/\/www.europesays.com\/fr\/wp-json\/wp\/v2\/tags?post=338412"}],"curies":[{"name":"wp","href":"https:\/\/api.w.org\/{rel}","templated":true}]}}