{"id":338416,"date":"2025-08-23T11:44:12","date_gmt":"2025-08-23T11:44:12","guid":{"rendered":"https:\/\/www.europesays.com\/fr\/338416\/"},"modified":"2025-08-23T11:44:12","modified_gmt":"2025-08-23T11:44:12","slug":"%f0%9f%87%ab%f0%9f%87%b7-toulouse-un-homme-connu-des-services-de-police-grievement-blesse-a-la-machette-dans-une-violente-rixe-aux-izards-police-realites","status":"publish","type":"post","link":"https:\/\/www.europesays.com\/fr\/338416\/","title":{"rendered":"\ud83c\uddeb\ud83c\uddf7 Toulouse. Un homme connu des services de police gri\u00e8vement bless\u00e9 \u00e0 la machette dans une violente rixe aux Izards \u2013 Police &#038; R\u00e9alit\u00e9s"},"content":{"rendered":"<p>\u00c0 Toulouse, un homme connu pour trafic de stup\u00e9fiants a \u00e9t\u00e9 gri\u00e8vement bless\u00e9 \u00e0 coups de machette lors d\u2019une rixe en pleine rue, dans le quartier des Izards. Son pronostic vital a \u00e9t\u00e9 engag\u00e9. La piste d\u2019un r\u00e8glement de comptes est envisag\u00e9e.<\/p>\n<p><img loading=\"lazy\" data-recalc-dims=\"1\" decoding=\"async\" width=\"640\" height=\"480\" data-attachment-id=\"243819\" data-permalink=\"https:\/\/policeetrealites.com\/pompiers-7\/\" data-orig-file=\"https:\/\/i0.wp.com\/policeetrealites.com\/wp-content\/uploads\/2025\/05\/pompiers.jpg?fit=4032%2C3024&amp;ssl=1\" data-orig-size=\"4032,3024\" data-comments-opened=\"1\" data-image-meta=\"{&quot;aperture&quot;:&quot;0&quot;,&quot;credit&quot;:&quot;&quot;,&quot;camera&quot;:&quot;&quot;,&quot;caption&quot;:&quot;&quot;,&quot;created_timestamp&quot;:&quot;0&quot;,&quot;copyright&quot;:&quot;&quot;,&quot;focal_length&quot;:&quot;0&quot;,&quot;iso&quot;:&quot;0&quot;,&quot;shutter_speed&quot;:&quot;0&quot;,&quot;title&quot;:&quot;&quot;,&quot;orientation&quot;:&quot;0&quot;}\" data-image-title=\"pompiers\" data-image-description=\"\" data-image-caption=\"\" data-medium-file=\"https:\/\/i0.wp.com\/policeetrealites.com\/wp-content\/uploads\/2025\/05\/pompiers.jpg?fit=300%2C225&amp;ssl=1\" data-large-file=\"https:\/\/i0.wp.com\/policeetrealites.com\/wp-content\/uploads\/2025\/05\/pompiers.jpg?fit=640%2C480&amp;ssl=1\" src=\"https:\/\/www.europesays.com\/fr\/wp-content\/uploads\/2025\/08\/pompiers.jpg\" alt=\"\" class=\"wp-image-243819\"  \/><\/p>\n<p>Un homme agress\u00e9 \u00e0 coups de machette en pleine rue \u00e0 Toulouse<\/p>\n<p class=\"p3\">Un grave fait divers a \u00e9clat\u00e9 ce vendredi 22 ao\u00fbt dans le quartier des Izards, \u00e0 Toulouse (Haute-Garonne). Vers 15 heures, une rixe particuli\u00e8rement violente a \u00e9clat\u00e9 pr\u00e8s de l\u2019arr\u00eat de bus \u00ab Trois Cocus \u00bb. Selon <a href=\"https:\/\/www.ladepeche.fr\/2025\/08\/22\/info-la-depeche-agression-a-la-machette-en-pleine-rue-a-toulouse-un-homme-evacue-aux-urgences-entre-la-vie-et-la-mort-12888772.php\" target=\"_blank\" rel=\"noreferrer noopener nofollow\">La D\u00e9p\u00eache du Midi<\/a> et <a href=\"https:\/\/france3-regions.franceinfo.fr\/occitanie\/haute-garonne\/toulouse\/un-homme-entre-la-vie-et-la-mort-apres-une-violente-agression-a-la-machette-en-pleine-rue-3205388.html\" target=\"_blank\" rel=\"noreferrer noopener nofollow\">France 3 Occitanie<\/a>, un homme a \u00e9t\u00e9 attaqu\u00e9 \u00e0 coups de machette, subissant une plaie importante \u00e0 la cheville gauche.<\/p>\n<p>Les secours mobilis\u00e9s en urgence<\/p>\n<p class=\"p3\">Les forces de l\u2019ordre, pr\u00e9sentes dans le secteur, ont d\u00e9couvert la victime en sang. Ils lui ont prodigu\u00e9 les premiers soins avant l\u2019arriv\u00e9e des secours. L\u2019homme a ensuite \u00e9t\u00e9 transf\u00e9r\u00e9 en urgence absolue \u00e0 l\u2019h\u00f4pital Purpan. Son pronostic vital a \u00e9t\u00e9 engag\u00e9.<\/p>\n<p>La piste d\u2019un r\u00e8glement de comptes<\/p>\n<p class=\"p3\">Selon les premiers \u00e9l\u00e9ments de l\u2019enqu\u00eate, plusieurs individus auraient pris part \u00e0 l\u2019altercation avant de prendre la fuite. La victime, d\u00e9j\u00e0 connue d\u00e9favorablement des services de police pour trafic de stup\u00e9fiants, pourrait avoir \u00e9t\u00e9 la cible d\u2019un r\u00e8glement de comptes. Les enqu\u00eateurs devront d\u00e9terminer le contexte exact de cette attaque.<\/p>\n<p>Des pr\u00e9c\u00e9dents \u00e0 Toulouse<\/p>\n<p class=\"p3\">Ce n\u2019est pas la premi\u00e8re fois que la violence \u00e9clate avec des armes blanches dans la ville rose. En mars dernier, une rixe avait \u00e9clat\u00e9 dans un wagon de m\u00e9tro \u00e0 la station Bagatelle, o\u00f9 trois hommes s\u2019\u00e9taient affront\u00e9s violemment avant que l\u2019un d\u2019eux ne sorte une machette.<\/p>\n<p>J\u2019aime \u00e7a\u00a0:<\/p>\n<p>J\u2019aime chargement\u2026<\/p>\n<p><a class=\"sd-link-color\"\/><\/p>\n<p>\tEn savoir plus sur Police &amp; R\u00e9alit\u00e9s<\/p>\n<p class=\"has-text-align-center\" style=\"margin-top:10px;margin-bottom:10px;font-size:15px\">Subscribe to get the latest posts sent to your email.<\/p>\n<p>\t\tContinue Reading<\/p>\n","protected":false},"excerpt":{"rendered":"\u00c0 Toulouse, un homme connu pour trafic de stup\u00e9fiants a \u00e9t\u00e9 gri\u00e8vement bless\u00e9 \u00e0 coups de machette lors&hellip;\n","protected":false},"author":2,"featured_media":338417,"comment_status":"","ping_status":"","sticky":false,"template":"","format":"standard","meta":{"footnotes":""},"categories":[2816],"tags":[1111,11,1777,674,1011,27,12,2680,25,2312],"class_list":{"0":"post-338416","1":"post","2":"type-post","3":"status-publish","4":"format-standard","5":"has-post-thumbnail","7":"category-toulouse","8":"tag-actu","9":"tag-actualites","10":"tag-eu","11":"tag-europe","12":"tag-fr","13":"tag-france","14":"tag-news","15":"tag-occitanie","16":"tag-republique-francaise","17":"tag-toulouse"},"share_on_mastodon":{"url":"https:\/\/pubeurope.com\/@fr\/115077910563596419","error":""},"_links":{"self":[{"href":"https:\/\/www.europesays.com\/fr\/wp-json\/wp\/v2\/posts\/338416","targetHints":{"allow":["GET"]}}],"collection":[{"href":"https:\/\/www.europesays.com\/fr\/wp-json\/wp\/v2\/posts"}],"about":[{"href":"https:\/\/www.europesays.com\/fr\/wp-json\/wp\/v2\/types\/post"}],"author":[{"embeddable":true,"href":"https:\/\/www.europesays.com\/fr\/wp-json\/wp\/v2\/users\/2"}],"replies":[{"embeddable":true,"href":"https:\/\/www.europesays.com\/fr\/wp-json\/wp\/v2\/comments?post=338416"}],"version-history":[{"count":0,"href":"https:\/\/www.europesays.com\/fr\/wp-json\/wp\/v2\/posts\/338416\/revisions"}],"wp:featuredmedia":[{"embeddable":true,"href":"https:\/\/www.europesays.com\/fr\/wp-json\/wp\/v2\/media\/338417"}],"wp:attachment":[{"href":"https:\/\/www.europesays.com\/fr\/wp-json\/wp\/v2\/media?parent=338416"}],"wp:term":[{"taxonomy":"category","embeddable":true,"href":"https:\/\/www.europesays.com\/fr\/wp-json\/wp\/v2\/categories?post=338416"},{"taxonomy":"post_tag","embeddable":true,"href":"https:\/\/www.europesays.com\/fr\/wp-json\/wp\/v2\/tags?post=338416"}],"curies":[{"name":"wp","href":"https:\/\/api.w.org\/{rel}","templated":true}]}}