{"id":33842,"date":"2025-04-18T10:32:14","date_gmt":"2025-04-18T10:32:14","guid":{"rendered":"https:\/\/www.europesays.com\/fr\/33842\/"},"modified":"2025-04-18T10:32:14","modified_gmt":"2025-04-18T10:32:14","slug":"festival-arsmondo-de-lopera-du-rhin-voyage-en-mediterranee","status":"publish","type":"post","link":"https:\/\/www.europesays.com\/fr\/33842\/","title":{"rendered":"Festival. Arsmondo de l\u2019Op\u00e9ra du Rhin voyage en M\u00e9diterran\u00e9e"},"content":{"rendered":"<p>Pluridisciplinaire, le festival de l\u2019Op\u00e9ra national du Rhin (OnR), Arsmondo revient avec le printemps. Cette \u00e9dition voyage en M\u00e9diterran\u00e9e, \u00ab\u00a0le creuset de notre civilisation\u00a0\u00bb, rappelle Alain Perroux, le directeur de l\u2019OnR.<\/p>\n<p>  La M\u00e9diterran\u00e9e, une mosa\u00efque de cultures<\/p>\n<p>\u00ab\u00a0C\u2019est une fronti\u00e8re trop souvent mortelle, ajoute-t-il. La M\u00e9diterran\u00e9e est une mosa\u00efque de cultures, quand on parle de guerre culturelle, on est souvent ramen\u00e9 au bassin m\u00e9diterran\u00e9en o\u00f9 sont n\u00e9es les trois religions du livre\u00a0\u00bb.<\/p>\n<p>Arsmondo est dot\u00e9 de 70\u00a0000\u00a0euros,\u00a0sans compter les contributions mat\u00e9rielles des nombreux partenaires, institutions et associations strasbourgeoises \u2013\u00a0P\u00f4le-Sud, Apollonia, cin\u00e9ma Le Cosmos, Stamtish, la librairie Kl\u00e9ber, le festival Strasbourg-M\u00e9diterran\u00e9e,\u00a0etc. et nouvellement la Ville de Bischheim.<\/p>\n<p>Le festival conjugue des visions artistiques aux \u00e9lans po\u00e9tiques, esth\u00e9tiques et accents musicaux, avec des enjeux politiques. Sans oublier des temps d\u2019\u00e9changes et de r\u00e9flexions.<\/p>\n<p>Encadrant les repr\u00e9sentations de la com\u00e9die de Lehar Giuditta  de l\u2019OnR, le festival que programment Camille de Fr\u00e9minville et Antonio Cuenca Ruiz s\u2019ouvre avec le concert du Caf\u00e9 Aman. Les musiciens fondateurs Yves Beraud, Florian Jougneau, Etienne Gruel et Issam Azi croisent des musiques de l\u2019Orient m\u00e9diterran\u00e9en lors de jams effusives.<\/p>\n<p>Musique \u00e9galement avec l\u2019Orchestre philharmonique de Strasbourg mais aussi des projections de films et de documentaires \u2013\u00a0 Wardi de Mats Grorud,  Le Gu\u00e9pard de Visconti,\u00a0etc.\u00a0\u2013, une lecture-concert de L\u2019Eden \u00e0 l\u2019aube \u00e9crit par Karim Kattan, la \u00ab\u00a0Journ\u00e9e des enfants\u00a0\u00bb le 4\u00a0mai avec des ateliers de cr\u00e9ation de cerfs-volants, des spectacles de danses traditionnelles et contemporaines,\u00a0etc.<\/p>\n<p>  Escape game culinaire<\/p>\n<p>Ou encore un <a href=\"http:\/\/www.dna.fr\/societe\/2023\/01\/09\/un-escape-game-culinaire-pour-parler-des-migrations\" target=\"_blank\" rel=\"nofollow noopener\"> escape game culinaire concoct\u00e9 par l\u2019association Stamtish<\/a> qui contribue \u00e0 l\u2019insertion de personnes issues de migrations dans la restauration. Des expositions\u00a0:  Fleurs de feux d\u2019Ana\u00efs Tondeur \u00e0 Stimultania et  La Mer, la terre et le sel qui rassemble \u00e0 la galerie Appollonia les artistes Klitsa Antoniou (Chypre), Ruth Bianco (Malte), Lama El Charif (Liban), Mimiko T\u00fcrkkan (Turquie), Nora Za\u00efr (Alg\u00e9rie) et la Strasbourgeoise Souad El Maysour. Elles mettent en lumi\u00e8re les flux migratoires, l\u2019identit\u00e9 ou encore les d\u00e9s\u00e9quilibres environnementaux.<\/p>\n<p>Ulysse, le h\u00e9ros antique n\u2019est-il pas le premier migrant de la M\u00e9diterran\u00e9e\u00a0? L\u2019exil\u00e9 dont la geste mythique continue de nous parler.<\/p>\n<p class=\"note\">Du 24\u00a0avril au 20\u00a0mai \u00e0 Strasbourg\u00a0; le programme complet sur <a href=\"https:\/\/www.operanationaldurhin.eu\/fr\/spectacles\/saison-2425\/festival-arsmondo-mediterranee\" target=\"_blank\" rel=\"nofollow noopener\">operanationaldurhin.eu<\/a> Sur notre site, une s\u00e9lection de spectacles.<\/p>\n","protected":false},"excerpt":{"rendered":"Pluridisciplinaire, le festival de l\u2019Op\u00e9ra national du Rhin (OnR), Arsmondo revient avec le printemps. Cette \u00e9dition voyage en&hellip;\n","protected":false},"author":2,"featured_media":33843,"comment_status":"","ping_status":"","sticky":false,"template":"","format":"standard","meta":{"footnotes":""},"categories":[2820],"tags":[1111,11,2389,1687,2880,1777,674,107,1011,27,5325,2798,775,12,25,3140,640,2879],"class_list":{"0":"post-33842","1":"post","2":"type-post","3":"status-publish","4":"format-standard","5":"has-post-thumbnail","7":"category-strasbourg","8":"tag-actu","9":"tag-actualites","10":"tag-alsace","11":"tag-culture-loisirs","12":"tag-edition-strasbourg","13":"tag-eu","14":"tag-europe","15":"tag-fil-info","16":"tag-fr","17":"tag-france","18":"tag-galerie-media","19":"tag-galerie-photo","20":"tag-grand-est","21":"tag-news","22":"tag-republique-francaise","23":"tag-spectacle","24":"tag-strasbourg","25":"tag-strasbourg-ville"},"share_on_mastodon":{"url":"https:\/\/pubeurope.com\/@fr\/114358514093966253","error":""},"_links":{"self":[{"href":"https:\/\/www.europesays.com\/fr\/wp-json\/wp\/v2\/posts\/33842","targetHints":{"allow":["GET"]}}],"collection":[{"href":"https:\/\/www.europesays.com\/fr\/wp-json\/wp\/v2\/posts"}],"about":[{"href":"https:\/\/www.europesays.com\/fr\/wp-json\/wp\/v2\/types\/post"}],"author":[{"embeddable":true,"href":"https:\/\/www.europesays.com\/fr\/wp-json\/wp\/v2\/users\/2"}],"replies":[{"embeddable":true,"href":"https:\/\/www.europesays.com\/fr\/wp-json\/wp\/v2\/comments?post=33842"}],"version-history":[{"count":0,"href":"https:\/\/www.europesays.com\/fr\/wp-json\/wp\/v2\/posts\/33842\/revisions"}],"wp:featuredmedia":[{"embeddable":true,"href":"https:\/\/www.europesays.com\/fr\/wp-json\/wp\/v2\/media\/33843"}],"wp:attachment":[{"href":"https:\/\/www.europesays.com\/fr\/wp-json\/wp\/v2\/media?parent=33842"}],"wp:term":[{"taxonomy":"category","embeddable":true,"href":"https:\/\/www.europesays.com\/fr\/wp-json\/wp\/v2\/categories?post=33842"},{"taxonomy":"post_tag","embeddable":true,"href":"https:\/\/www.europesays.com\/fr\/wp-json\/wp\/v2\/tags?post=33842"}],"curies":[{"name":"wp","href":"https:\/\/api.w.org\/{rel}","templated":true}]}}