{"id":338424,"date":"2025-08-23T11:49:09","date_gmt":"2025-08-23T11:49:09","guid":{"rendered":"https:\/\/www.europesays.com\/fr\/338424\/"},"modified":"2025-08-23T11:49:09","modified_gmt":"2025-08-23T11:49:09","slug":"des-cameras-thermiques-pour-lutter-contre-les-noyades-a-lyon-pierre-oliver-est-fan","status":"publish","type":"post","link":"https:\/\/www.europesays.com\/fr\/338424\/","title":{"rendered":"Des cam\u00e9ras thermiques pour lutter contre les noyades \u00e0 Lyon ? Pierre Oliver est fan"},"content":{"rendered":"<p itemprop=\"description\"><strong>A quelques jours de l&rsquo;officialisation de la candidature de <a href=\"https:\/\/www.lyonmag.com\/profil-personnalite-lyonnaise\/8\/jean-michel-aulas\" target=\"_blank\" rel=\"noopener nofollow\">Jean-Michel Aulas<\/a> aux \u00e9lections municipales 2026, <a href=\"https:\/\/www.lyonmag.com\/profil-personnalite-lyonnaise\/512\/pierre-oliver\" target=\"_blank\" rel=\"noopener nofollow\">Pierre Oliver<\/a> occupe le terrain.<\/strong><\/p>\n<p>Si la rumeur d&rsquo;un ralliement \u00e0 l&rsquo;ancien pr\u00e9sident de l&rsquo;OL d\u00e9j\u00e0 n\u00e9goci\u00e9 enfle \u00e0 Lyon, le maire LR du 2e arrondissement construit son propre programme.<\/p>\n<p>Apr\u00e8s la promesse d&rsquo;un grand plan pour restaurer les fontaines de la ville, Pierre Oliver bascule dans la s\u00e9curit\u00e9. Grand fan de la vid\u00e9oprotection, il aimerait que la Ville de Lyon se dote de cam\u00e9ras thermiques. Selon lui, en installer sur les berges du Rh\u00f4ne et de la Sa\u00f4ne, \u00e0 des endroits pris\u00e9s par les jeunes f\u00eatards, permettraient de mieux surveiller ces groupes parfois alcoolis\u00e9s et donc de lutter contre les noyades.<\/p>\n<p>Le dispositif, d\u00e9j\u00e0 install\u00e9 \u00e0 Toulouse, permet de d\u00e9tecter la chaleur corporelle, et donc de voir, m\u00eame de nuit, des personnes tomber \u00e0 l&rsquo;eau. Les agents t\u00e9moins de ces chutes pourraient imm\u00e9diatement pr\u00e9venir les secours, et ainsi gagner de pr\u00e9cieuses secondes pour esp\u00e9rer sauver les victimes de la noyade.<\/p>\n<p>Une proposition qui n&rsquo;a pas \u00e9t\u00e9 bien accueillie sur les r\u00e9seaux sociaux, puisque Lyon n&rsquo;est fort heureusement que peu soumise \u00e0 ce type de drames. Le co\u00fbt du dispositif semble donc disproportionn\u00e9 par rapport \u00e0 son utilit\u00e9 selon les premiers retours peu emball\u00e9s.<\/p>\n<blockquote class=\"twitter-tweet\"><p>&#13;<\/p>\n<p dir=\"ltr\" lang=\"fr\">Chaque ann\u00e9e, il y a des dizaines de noyades \u00e0 Lyon.<br \/>\u00c0 Toulouse, les cam\u00e9ras thermiques sauvent d\u00e9j\u00e0 des vies.<br \/>\u27a1\ufe0f Je propose d\u2019installer ce dispositif innovant sur les quais du Rh\u00f4ne et de la Sa\u00f4ne.<br \/>Il est temps d\u2019agir ! <br \/>Vivement 2026 <a href=\"https:\/\/t.co\/fIC83LP3Op\" rel=\"nofollow\">pic.twitter.com\/fIC83LP3Op<\/a><\/p>\n<p>&#13;<br \/>\n\u2014 Pierre OLIVER (@poliver69) <a href=\"https:\/\/twitter.com\/poliver69\/status\/1958557803829657721?ref_src=twsrc%5Etfw\" rel=\"nofollow noopener\" target=\"_blank\">August 21, 2025<\/a><\/p><\/blockquote>\n<p>\t\t  <script async src=\"https:\/\/platform.twitter.com\/widgets.js\" charset=\"utf-8\"><\/script><\/p>\n","protected":false},"excerpt":{"rendered":"A quelques jours de l&rsquo;officialisation de la candidature de Jean-Michel Aulas aux \u00e9lections municipales 2026, Pierre Oliver occupe&hellip;\n","protected":false},"author":2,"featured_media":338425,"comment_status":"","ping_status":"","sticky":false,"template":"","format":"standard","meta":{"footnotes":""},"categories":[1889],"tags":[1111,11,2813,2190,2430,1109,251,1112,2811,1777,674,118,1011,27,1922,1110,1114,2428,2810,12,241,316,25,2812,517,800],"class_list":{"0":"post-338424","1":"post","2":"type-post","3":"status-publish","4":"format-standard","5":"has-post-thumbnail","7":"category-lyon","8":"tag-actu","9":"tag-actualites","10":"tag-article","11":"tag-asvel","12":"tag-auvergne-rhone-alpes","13":"tag-breves","14":"tag-culture","15":"tag-depeches","16":"tag-economique","17":"tag-eu","18":"tag-europe","19":"tag-faits-divers","20":"tag-fr","21":"tag-france","22":"tag-info","23":"tag-informations","24":"tag-infos","25":"tag-lyon","26":"tag-lyonmag","27":"tag-news","28":"tag-ol","29":"tag-politique","30":"tag-republique-francaise","31":"tag-sociale","32":"tag-sport","33":"tag-transports"},"share_on_mastodon":{"url":"https:\/\/pubeurope.com\/@fr\/115077930457396410","error":""},"_links":{"self":[{"href":"https:\/\/www.europesays.com\/fr\/wp-json\/wp\/v2\/posts\/338424","targetHints":{"allow":["GET"]}}],"collection":[{"href":"https:\/\/www.europesays.com\/fr\/wp-json\/wp\/v2\/posts"}],"about":[{"href":"https:\/\/www.europesays.com\/fr\/wp-json\/wp\/v2\/types\/post"}],"author":[{"embeddable":true,"href":"https:\/\/www.europesays.com\/fr\/wp-json\/wp\/v2\/users\/2"}],"replies":[{"embeddable":true,"href":"https:\/\/www.europesays.com\/fr\/wp-json\/wp\/v2\/comments?post=338424"}],"version-history":[{"count":0,"href":"https:\/\/www.europesays.com\/fr\/wp-json\/wp\/v2\/posts\/338424\/revisions"}],"wp:featuredmedia":[{"embeddable":true,"href":"https:\/\/www.europesays.com\/fr\/wp-json\/wp\/v2\/media\/338425"}],"wp:attachment":[{"href":"https:\/\/www.europesays.com\/fr\/wp-json\/wp\/v2\/media?parent=338424"}],"wp:term":[{"taxonomy":"category","embeddable":true,"href":"https:\/\/www.europesays.com\/fr\/wp-json\/wp\/v2\/categories?post=338424"},{"taxonomy":"post_tag","embeddable":true,"href":"https:\/\/www.europesays.com\/fr\/wp-json\/wp\/v2\/tags?post=338424"}],"curies":[{"name":"wp","href":"https:\/\/api.w.org\/{rel}","templated":true}]}}