{"id":338426,"date":"2025-08-23T11:50:15","date_gmt":"2025-08-23T11:50:15","guid":{"rendered":"https:\/\/www.europesays.com\/fr\/338426\/"},"modified":"2025-08-23T11:50:15","modified_gmt":"2025-08-23T11:50:15","slug":"lyon-au-petit-matin-il-plonge-de-38-metres-depuis-la-passerelle-du-palais-de-justice-et-seclipse","status":"publish","type":"post","link":"https:\/\/www.europesays.com\/fr\/338426\/","title":{"rendered":"Lyon. Au petit matin, il plonge de 38 m\u00e8tres depuis la passerelle du palais de justice et s\u2019\u00e9clipse"},"content":{"rendered":"<p>38 m\u00e8tres. C\u2019est la hauteur du saut tr\u00e8s impressionnant r\u00e9alis\u00e9 ce samedi 23\u00a0ao\u00fbt depuis le point culminant de la passerelle Pierre Truche, qui fait face au Palais de Justice, dans le 5e\u00a0 arrondissement.<\/p>\n<p>Aux alentours de 8h30, et alors que trois personnes l\u2019attendaient dans l\u2019eau et qu\u2019une autre \u00e9tait rest\u00e9e au sommet du pont, un homme a r\u00e9alis\u00e9 plusieurs saltos avant d\u2019atterrir dans la Sa\u00f4ne, comme le rapporte <a href=\"https:\/\/www.lyoncapitale.fr\/actualite\/en-images-il-s-offre-un-plongeon-depuis-le-sommet-de-la-passerelle-du-palais-de-justice-de-lyon?utm_campaign=post-auto&amp;utm_medium=twitter&amp;utm_source=mashup-lyoncapitale\" target=\"_blank\" rel=\"nofollow noopener\">Lyon Capitale<\/a>. Des images immortalis\u00e9es par le journaliste Guillaume Lamy.<\/p>\n<p>  Il n\u2019\u00e9tait pas seul<\/p>\n<p>Plusieurs autres personnes \u00e9taient pr\u00e9sentes pour filmer la sc\u00e8ne, accompagn\u00e9es de deux drones.\u00a0Selon nos confr\u00e8res, l\u2019homme \u00e9tait \u00e9galement accompagn\u00e9 d\u2019un plongeur professionnel.<\/p>\n<p>Ce contenu est bloqu\u00e9 car vous n&rsquo;avez pas accept\u00e9 les cookies et autres traceurs.<\/p>\n<p>En cliquant sur \u00ab J\u2019accepte \u00bb, les cookies et autres traceurs seront d\u00e9pos\u00e9s et vous pourrez visualiser les contenus  (<a href=\"\" class=\"consentModule_policy\" target=\"_blank\" title=\"Consulter la politique de protection des donn\u00e9es du fournisseur\">plus d&rsquo;informations<\/a>).<\/p>\n<p>En cliquant sur \u00ab J\u2019accepte tous les cookies \u00bb, vous autorisez des d\u00e9p\u00f4ts de cookies et autres traceurs pour le stockage de vos donn\u00e9es sur nos sites et applications \u00e0 des fins de personnalisation et de ciblage publicitaire.<\/p>\n<p class=\"consentModule_secondaryText\">Vous gardez la possibilit\u00e9 de retirer votre consentement \u00e0 tout moment en consultant notre <a href=\"https:\/\/www.leprogres.fr\/protection-des-donnees\" target=\"_blank\" title=\"Consulter notre politique de protection des donn\u00e9es\" rel=\"nofollow noopener\">politique de protection des donn\u00e9es<\/a>. <br \/>&#13;<br \/>\n            <a href=\"https:\/\/www.leprogres.fr\/insolite\/2025\/08\/23\/javascript:Didomi.notice.show()\" class=\"consentModule_cmp\" rel=\"nofollow noopener\" target=\"_blank\">G\u00e9rer mes choix<\/a>&#13;\n        <\/p>\n<p>&#13;<br \/>\n                        J&rsquo;accepte&#13;<br \/>\n            J&rsquo;accepte tous les cookies&#13;\n        <\/p>\n<p>  La police n\u2019a pas eu le temps d\u2019intervenir<\/p>\n<p>Quelques minutes apr\u00e8s le saut, les sir\u00e8nes de police ont commenc\u00e9 \u00e0 retentir. Le petit groupe aurait r\u00e9ussi \u00e0 se volatiliser avant l\u2019arriv\u00e9e des forces de l\u2019ordre, qui n\u2019ont eu d\u2019autre choix que de r\u00e9colter les t\u00e9moignages des passants.<\/p>\n<p>Rappelons que la baignade est strictement interdite dans le Rh\u00f4ne et la Sa\u00f4ne. Il y a quelques semaines, <a href=\"https:\/\/www.leprogres.fr\/faits-divers-justice\/2025\/07\/12\/un-homme-de-31-ans-meurt-noye-dans-la-saone-a-lyon\" target=\"_blank\" rel=\"nofollow noopener\">un homme d\u2019une trentaine d\u2019ann\u00e9es perdait la vie, noy\u00e9 dans la Sa\u00f4ne<\/a>.<\/p>\n","protected":false},"excerpt":{"rendered":"38 m\u00e8tres. C\u2019est la hauteur du saut tr\u00e8s impressionnant r\u00e9alis\u00e9 ce samedi 23\u00a0ao\u00fbt depuis le point culminant de&hellip;\n","protected":false},"author":2,"featured_media":338427,"comment_status":"","ping_status":"","sticky":false,"template":"","format":"standard","meta":{"footnotes":""},"categories":[1889],"tags":[1111,11,2430,2757,1777,674,107,1011,27,1757,2428,2756,12,25,2429],"class_list":{"0":"post-338426","1":"post","2":"type-post","3":"status-publish","4":"format-standard","5":"has-post-thumbnail","7":"category-lyon","8":"tag-actu","9":"tag-actualites","10":"tag-auvergne-rhone-alpes","11":"tag-edition-lyon-villeurbanne","12":"tag-eu","13":"tag-europe","14":"tag-fil-info","15":"tag-fr","16":"tag-france","17":"tag-insolite","18":"tag-lyon","19":"tag-lyon-bassin","20":"tag-news","21":"tag-republique-francaise","22":"tag-rhone"},"share_on_mastodon":{"url":"https:\/\/pubeurope.com\/@fr\/115077934129363609","error":""},"_links":{"self":[{"href":"https:\/\/www.europesays.com\/fr\/wp-json\/wp\/v2\/posts\/338426","targetHints":{"allow":["GET"]}}],"collection":[{"href":"https:\/\/www.europesays.com\/fr\/wp-json\/wp\/v2\/posts"}],"about":[{"href":"https:\/\/www.europesays.com\/fr\/wp-json\/wp\/v2\/types\/post"}],"author":[{"embeddable":true,"href":"https:\/\/www.europesays.com\/fr\/wp-json\/wp\/v2\/users\/2"}],"replies":[{"embeddable":true,"href":"https:\/\/www.europesays.com\/fr\/wp-json\/wp\/v2\/comments?post=338426"}],"version-history":[{"count":0,"href":"https:\/\/www.europesays.com\/fr\/wp-json\/wp\/v2\/posts\/338426\/revisions"}],"wp:featuredmedia":[{"embeddable":true,"href":"https:\/\/www.europesays.com\/fr\/wp-json\/wp\/v2\/media\/338427"}],"wp:attachment":[{"href":"https:\/\/www.europesays.com\/fr\/wp-json\/wp\/v2\/media?parent=338426"}],"wp:term":[{"taxonomy":"category","embeddable":true,"href":"https:\/\/www.europesays.com\/fr\/wp-json\/wp\/v2\/categories?post=338426"},{"taxonomy":"post_tag","embeddable":true,"href":"https:\/\/www.europesays.com\/fr\/wp-json\/wp\/v2\/tags?post=338426"}],"curies":[{"name":"wp","href":"https:\/\/api.w.org\/{rel}","templated":true}]}}