{"id":338430,"date":"2025-08-23T11:54:12","date_gmt":"2025-08-23T11:54:12","guid":{"rendered":"https:\/\/www.europesays.com\/fr\/338430\/"},"modified":"2025-08-23T11:54:12","modified_gmt":"2025-08-23T11:54:12","slug":"psg-merci-paris-les-derniers-mots-de-donnarumma-pour-le-parc-des-princes","status":"publish","type":"post","link":"https:\/\/www.europesays.com\/fr\/338430\/","title":{"rendered":"PSG\u00a0: \u00ab\u00a0Merci Paris\u00a0\u00bb, les derniers mots de Donnarumma pour le Parc des Princes"},"content":{"rendered":"<p class=\"paragraph text_align_left lp-f-body-02\">Gianluigi Donnarumma et le <a href=\"https:\/\/www.leparisien.fr\/sports\/football\/psg\/\" target=\"_blank\" rel=\"noreferrer nofollow noopener\">PSG<\/a>, c\u2019est vraiment fini. Mais signe que la brouille entre l\u2019Italien et le club ne concerne pas les <a href=\"https:\/\/www.leparisien.fr\/sports\/football\/psg-angers-les-adieux-de-gianluigi-donnarumma-au-parc-des-princes-acclame-par-les-supporters-22-08-2025-NIDQIKK7AFFVDHJWW7BYFJYU7U.php\" target=\"_blank\" rel=\"noreferrer nofollow noopener\">supporters<\/a>, le vainqueur de la Ligue des champions a post\u00e9 un court message sur son compte Instagram. <\/p>\n<p class=\"paragraph text_align_left lp-f-body-02\">Un rapide \u00ab merci Paris \u00bb avec une photo de lui lors de l\u2019apr\u00e8s-match de <a href=\"https:\/\/www.leparisien.fr\/sports\/football\/ligue-1\/psg-angers-1-0-paris-joue-les-passe-murailles-22-08-2025-MQXQGFXOJFEONMBJAVH6Q67OQQ.php\" target=\"_blank\" rel=\"noreferrer nofollow noopener\">PSG-Angers (1-0)<\/a>, lors duquel <a href=\"https:\/\/www.leparisien.fr\/sports\/football\/ligue-1\/on-a-juste-a-le-remercier-lultime-hommage-du-parc-des-princes-et-du-psg-a-gianluigi-donnarumma-23-08-2025-J7CNVAHHHZHOTLIGTTNF5VOMLQ.php\" target=\"_blank\" rel=\"noreferrer nofollow noopener\">les spectateurs l\u2019ont largement ovationn\u00e9<\/a>, comme un dernier au revoir \u00e0 celui qui a d\u00e9fendu les cages parisiennes pendant quatre saisons.<\/p>\n<p class=\"paragraph text_align_left lp-f-body-02\">Mais pouss\u00e9 vers la sortie au profit de <a href=\"https:\/\/www.leparisien.fr\/sports\/football\/psg\/les-premieres-heures-de-lucas-chevalier-au-psg-il-a-choisi-le-challenge-le-plus-difficile-13-08-2025-FHEGVWHYDJEPHLM5UX7IWAAFM4.php\" target=\"_blank\" rel=\"noreferrer nofollow noopener\">Lucas Chevalier<\/a>, l\u2019histoire d\u2019amour franco-italienne avait pris fin avec fracas le 12 ao\u00fbt dernier. Donnarumma annon\u00e7ait son d\u00e9part quelque peu forc\u00e9, d\u00e9j\u00e0 sur ses r\u00e9seaux sociaux, via <a href=\"https:\/\/www.leparisien.fr\/sports\/football\/quelquun-a-decide-que-je-ne-pouvais-plus-faire-partie-du-groupe-donnarumma-fait-ses-adieux-au-psg-12-08-2025-76HM2U4JVZEE3JJB6BJKKHJNYQ.php\" target=\"_blank\" rel=\"noreferrer nofollow noopener\">un message piquant<\/a> visant Luis Enrique.<\/p>\n<p class=\"paragraph text_align_left lp-f-body-02\">Malgr\u00e9 la tristesse du d\u00e9part, la col\u00e8re semble avoir diminu\u00e9 du c\u00f4t\u00e9 du portier, d\u00e9j\u00e0 annonc\u00e9 comme potentielle recrue de plusieurs clubs anglais. \u00ab Don\u2019t look back in anger \u00bb, dit-on outre-Manche.<\/p>\n","protected":false},"excerpt":{"rendered":"Gianluigi Donnarumma et le PSG, c\u2019est vraiment fini. Mais signe que la brouille entre l\u2019Italien et le club&hellip;\n","protected":false},"author":2,"featured_media":338431,"comment_status":"","ping_status":"","sticky":false,"template":"","format":"standard","meta":{"footnotes":""},"categories":[1888],"tags":[1111,1928,11,1927,1777,674,63,1011,27,12,1926,626,1925,93,25,60],"class_list":{"0":"post-338430","1":"post","2":"type-post","3":"status-publish","4":"format-standard","5":"has-post-thumbnail","7":"category-paris","8":"tag-actu","9":"tag-actu-paris","10":"tag-actualites","11":"tag-actualites-paris","12":"tag-eu","13":"tag-europe","14":"tag-football","15":"tag-fr","16":"tag-france","17":"tag-news","18":"tag-news-paris","19":"tag-paris","20":"tag-paris-news","21":"tag-psg","22":"tag-republique-francaise","23":"tag-sports"},"share_on_mastodon":{"url":"https:\/\/pubeurope.com\/@fr\/115077949976941646","error":""},"_links":{"self":[{"href":"https:\/\/www.europesays.com\/fr\/wp-json\/wp\/v2\/posts\/338430","targetHints":{"allow":["GET"]}}],"collection":[{"href":"https:\/\/www.europesays.com\/fr\/wp-json\/wp\/v2\/posts"}],"about":[{"href":"https:\/\/www.europesays.com\/fr\/wp-json\/wp\/v2\/types\/post"}],"author":[{"embeddable":true,"href":"https:\/\/www.europesays.com\/fr\/wp-json\/wp\/v2\/users\/2"}],"replies":[{"embeddable":true,"href":"https:\/\/www.europesays.com\/fr\/wp-json\/wp\/v2\/comments?post=338430"}],"version-history":[{"count":0,"href":"https:\/\/www.europesays.com\/fr\/wp-json\/wp\/v2\/posts\/338430\/revisions"}],"wp:featuredmedia":[{"embeddable":true,"href":"https:\/\/www.europesays.com\/fr\/wp-json\/wp\/v2\/media\/338431"}],"wp:attachment":[{"href":"https:\/\/www.europesays.com\/fr\/wp-json\/wp\/v2\/media?parent=338430"}],"wp:term":[{"taxonomy":"category","embeddable":true,"href":"https:\/\/www.europesays.com\/fr\/wp-json\/wp\/v2\/categories?post=338430"},{"taxonomy":"post_tag","embeddable":true,"href":"https:\/\/www.europesays.com\/fr\/wp-json\/wp\/v2\/tags?post=338430"}],"curies":[{"name":"wp","href":"https:\/\/api.w.org\/{rel}","templated":true}]}}