{"id":338436,"date":"2025-08-23T11:57:10","date_gmt":"2025-08-23T11:57:10","guid":{"rendered":"https:\/\/www.europesays.com\/fr\/338436\/"},"modified":"2025-08-23T11:57:10","modified_gmt":"2025-08-23T11:57:10","slug":"ukraine-la-russie-revendique-la-prise-de-deux-villages-dans-la-region-de-donetsk","status":"publish","type":"post","link":"https:\/\/www.europesays.com\/fr\/338436\/","title":{"rendered":"Ukraine\u00a0: la Russie revendique la prise de deux villages dans la r\u00e9gion de Donetsk"},"content":{"rendered":"<p>La Russie a revendiqu\u00e9, samedi, la prise de deux villages dans la r\u00e9gion de Donetsk, dans l\u2019est de l\u2019<a href=\"https:\/\/www.letelegramme.fr\/monde\/guerre-ukraine-russie\/\" target=\"_blank\" rel=\"noopener\">Ukraine<\/a>, intensifiant la pression militaire sur le terrain au moment o\u00f9 les efforts diplomatiques s\u2019acc\u00e9l\u00e8rent pour trouver une issue au conflit.<\/p>\n<p>Rapprochement strat\u00e9gique<\/p>\n<p>Dans un communiqu\u00e9 sur Telegram, le minist\u00e8re russe de la D\u00e9fense a affirm\u00e9 avoir captur\u00e9 dans cette r\u00e9gion les localit\u00e9s de Sredne\u00efe et de Kleban-Byk.<\/p>\n<p>La prise de cette derni\u00e8re marque un pas de plus vers la ville de Kostyantynivka, bastion important sur la route de Kramatorsk qui est pour sa part un point important pour la logistique ukrainienne sur le front de la r\u00e9gion de Donetsk.<\/p>\n<p>L\u2019arm\u00e9e russe a accru ses gains territoriaux ces derniers mois face \u00e0 des forces ukrainiennes moins nombreuses et moins bien \u00e9quip\u00e9es.<\/p>\n<p>Ces avanc\u00e9es se produisent au moment o\u00f9 la perspective d\u2019une rencontre entre les pr\u00e9sidents russe et ukrainien, Vladimir Poutine et Volodymyr Zelensky, annonc\u00e9e par le dirigeant am\u00e9ricain Donald Trump et visant \u00e0 trouver un r\u00e8glement pacifique du conflit, <a href=\"https:\/\/www.letelegramme.fr\/monde\/la-russie-affirme-quil-ny-a-pas-de-rencontre-prevue-entre-poutine-et-zelensky-6874940.php\" target=\"_blank\" rel=\"noopener\">s\u2019\u00e9loigne<\/a>.<\/p>\n<p>L\u2019arm\u00e9e russe occupe actuellement environ 20 % du territoire ukrainien.<\/p>\n","protected":false},"excerpt":{"rendered":"La Russie a revendiqu\u00e9, samedi, la prise de deux villages dans la r\u00e9gion de Donetsk, dans l\u2019est de&hellip;\n","protected":false},"author":2,"featured_media":338437,"comment_status":"","ping_status":"","sticky":false,"template":"","format":"standard","meta":{"footnotes":""},"categories":[1591],"tags":[11,765,1887,131,2069,74,12,1885,1886,132,220],"class_list":{"0":"post-338436","1":"post","2":"type-post","3":"status-publish","4":"format-standard","5":"has-post-thumbnail","7":"category-russie","8":"tag-actualites","9":"tag-en-continu","10":"tag-federation-de-russie","11":"tag-guerre-en-ukraine","12":"tag-guerre-ukraine-russie","13":"tag-monde","14":"tag-news","15":"tag-russia","16":"tag-russian-federation","17":"tag-russie","18":"tag-ukraine"},"share_on_mastodon":{"url":"https:\/\/pubeurope.com\/@fr\/115077961927229808","error":""},"_links":{"self":[{"href":"https:\/\/www.europesays.com\/fr\/wp-json\/wp\/v2\/posts\/338436","targetHints":{"allow":["GET"]}}],"collection":[{"href":"https:\/\/www.europesays.com\/fr\/wp-json\/wp\/v2\/posts"}],"about":[{"href":"https:\/\/www.europesays.com\/fr\/wp-json\/wp\/v2\/types\/post"}],"author":[{"embeddable":true,"href":"https:\/\/www.europesays.com\/fr\/wp-json\/wp\/v2\/users\/2"}],"replies":[{"embeddable":true,"href":"https:\/\/www.europesays.com\/fr\/wp-json\/wp\/v2\/comments?post=338436"}],"version-history":[{"count":0,"href":"https:\/\/www.europesays.com\/fr\/wp-json\/wp\/v2\/posts\/338436\/revisions"}],"wp:featuredmedia":[{"embeddable":true,"href":"https:\/\/www.europesays.com\/fr\/wp-json\/wp\/v2\/media\/338437"}],"wp:attachment":[{"href":"https:\/\/www.europesays.com\/fr\/wp-json\/wp\/v2\/media?parent=338436"}],"wp:term":[{"taxonomy":"category","embeddable":true,"href":"https:\/\/www.europesays.com\/fr\/wp-json\/wp\/v2\/categories?post=338436"},{"taxonomy":"post_tag","embeddable":true,"href":"https:\/\/www.europesays.com\/fr\/wp-json\/wp\/v2\/tags?post=338436"}],"curies":[{"name":"wp","href":"https:\/\/api.w.org\/{rel}","templated":true}]}}