{"id":338442,"date":"2025-08-23T12:00:30","date_gmt":"2025-08-23T12:00:30","guid":{"rendered":"https:\/\/www.europesays.com\/fr\/338442\/"},"modified":"2025-08-23T12:00:30","modified_gmt":"2025-08-23T12:00:30","slug":"une-femme-transgenre-reconnue-coupable-dagression-sexuelle-pour-avoir-cache-son-genre-2","status":"publish","type":"post","link":"https:\/\/www.europesays.com\/fr\/338442\/","title":{"rendered":"une femme transgenre reconnue coupable d\u2019agression sexuelle pour avoir cach\u00e9 son genre"},"content":{"rendered":"<p>Ces \u00e9v\u00e9nements ont eu un impact significatif sur le bien-\u00eatre mental de la victime. <a data-i13n=\"cpos:1;pos:1\" href=\"https:\/\/www.parismatch.com\/actu\/international\/nee-sous-le-regne-dedouard-vii-la-doyenne-de-lhumanite-fete-ses-116-ans-au-royaume-uni-255890\" rel=\"nofollow noopener\" target=\"_blank\" data-ylk=\"slk:Au Royaume-Uni;cpos:1;pos:1;elm:context_link;itc:0;sec:content-canvas\" class=\"link \">Au Royaume-Uni<\/a>, Ciara Watkin, une femme transgenre de 21 ans, a \u00e9t\u00e9 reconnue coupable d\u2019avoir agress\u00e9 sexuellement un partenaire masculin en ne lui r\u00e9v\u00e9lant pas son identit\u00e9 de genre, ce qui signifie qu\u2019il n\u2019\u00e9tait pas en mesure de consentir pleinement \u00e0 l\u2019acte. Les procureurs ont tout de m\u00eame d\u00e9clar\u00e9 qu&rsquo;il s&rsquo;agissait d&rsquo;un cas de \u00ab consentement \u00e9clair\u00e9 \u00bb des deux parties, rapportent de nombreux m\u00e9dias dont le <a data-i13n=\"cpos:2;pos:1\" href=\"https:\/\/www.dailymail.co.uk\/news\/article-15019143\/Trans-woman-sexually-assaulted-man-concealing-male-genitalia.html\" rel=\"nofollow noopener\" target=\"_blank\" data-ylk=\"slk:Daily Mail;cpos:2;pos:1;elm:context_link;itc:0;sec:content-canvas\" class=\"link \">Daily Mail<\/a>.<\/p>\n<p>\u00ab Watkin n\u2019avait fait aucune tentative pour l\u2019informer de son statut transgenre \u00bb<\/p>\n<p>Le <a data-i13n=\"cpos:3;pos:1\" href=\"https:\/\/www.cps.gov.uk\/north-east\/news\/transgender-woman-convicted-sexual-assaults\" rel=\"nofollow noopener\" target=\"_blank\" data-ylk=\"slk:Crown Prosecution Service;cpos:3;pos:1;elm:context_link;itc:0;sec:content-canvas\" class=\"link \">Crown Prosecution Service<\/a> a indiqu\u00e9 que lors de leur premier rendez-vous, la pr\u00e9venue avait affirm\u00e9 \u00e0 l\u2019homme qu\u2019elle avait ses r\u00e8gles et qu\u2019il ne pouvait donc pas la toucher en dessous de la taille. Les faits se sont produits quelques jours plus tard, lorsque le couple s\u2019est revu. Ce n\u2019est qu\u2019ensuite qu\u2019elle lui a r\u00e9v\u00e9l\u00e9 la v\u00e9rit\u00e9 par message.<\/p>\n<p>\u00ab Il ressort clairement des preuves de cette affaire qu\u2019avant d\u2019avoir des relations sexuelles avec la victime, Watkin n\u2019avait fait aucune tentative pour l\u2019informer de son statut transgenre \u00bb, a d\u00e9clar\u00e9 la procureure Sarah Nelson.<\/p>\n<p>Elle a ajout\u00e9 : \u00ab La victime a clairement indiqu\u00e9 lors de son audition par la police qu\u2019il n\u2019aurait pas eu d\u2019activit\u00e9 sexuelle s\u2019il avait su la v\u00e9rit\u00e9. Ces \u00e9v\u00e9nements ont donc eu un impact significatif sur son bien-\u00eatre mental. \u00bb<\/p>\n<p>La pr\u00e9venue a reconnu avoir menti, mais ses avocats ont fait valoir, au cours du proc\u00e8s, q&#8230;<\/p>\n<p><a data-i13n=\"cpos:4;pos:1\" href=\"https:\/\/www.parismatch.com\/actu\/international\/royaume-uni-une-femme-transgenre-reconnue-coupable-dagression-sexuelle-pour-avoir-cache-son-genre-255960?at_medium=affiliate&amp;at_campaign=Yahoo\" rel=\"nofollow noopener\" target=\"_blank\" data-ylk=\"slk:Lire la suite sur ParisMatch;cpos:4;pos:1;elm:context_link;itc:0;sec:content-canvas\" class=\"link \">Lire la suite sur ParisMatch<\/a><\/p>\n","protected":false},"excerpt":{"rendered":"Ces \u00e9v\u00e9nements ont eu un impact significatif sur le bien-\u00eatre mental de la victime. Au Royaume-Uni, Ciara Watkin,&hellip;\n","protected":false},"author":2,"featured_media":338443,"comment_status":"","ping_status":"","sticky":false,"template":"","format":"standard","meta":{"footnotes":""},"categories":[1588],"tags":[11,1777,674,12,473,1853,1851,1850,1852,47479],"class_list":{"0":"post-338442","1":"post","2":"type-post","3":"status-publish","4":"format-standard","5":"has-post-thumbnail","7":"category-royaume-uni","8":"tag-actualites","9":"tag-eu","10":"tag-europe","11":"tag-news","12":"tag-royaume-uni","13":"tag-royaume-uni-de-grande-bretagne-et-dirlande-du-nord","14":"tag-uk","15":"tag-united-kingdom","16":"tag-united-kingdom-of-great-britain-and-northern-ireland","17":"tag-watkin"},"share_on_mastodon":{"url":"https:\/\/pubeurope.com\/@fr\/115077973560479323","error":""},"_links":{"self":[{"href":"https:\/\/www.europesays.com\/fr\/wp-json\/wp\/v2\/posts\/338442","targetHints":{"allow":["GET"]}}],"collection":[{"href":"https:\/\/www.europesays.com\/fr\/wp-json\/wp\/v2\/posts"}],"about":[{"href":"https:\/\/www.europesays.com\/fr\/wp-json\/wp\/v2\/types\/post"}],"author":[{"embeddable":true,"href":"https:\/\/www.europesays.com\/fr\/wp-json\/wp\/v2\/users\/2"}],"replies":[{"embeddable":true,"href":"https:\/\/www.europesays.com\/fr\/wp-json\/wp\/v2\/comments?post=338442"}],"version-history":[{"count":0,"href":"https:\/\/www.europesays.com\/fr\/wp-json\/wp\/v2\/posts\/338442\/revisions"}],"wp:featuredmedia":[{"embeddable":true,"href":"https:\/\/www.europesays.com\/fr\/wp-json\/wp\/v2\/media\/338443"}],"wp:attachment":[{"href":"https:\/\/www.europesays.com\/fr\/wp-json\/wp\/v2\/media?parent=338442"}],"wp:term":[{"taxonomy":"category","embeddable":true,"href":"https:\/\/www.europesays.com\/fr\/wp-json\/wp\/v2\/categories?post=338442"},{"taxonomy":"post_tag","embeddable":true,"href":"https:\/\/www.europesays.com\/fr\/wp-json\/wp\/v2\/tags?post=338442"}],"curies":[{"name":"wp","href":"https:\/\/api.w.org\/{rel}","templated":true}]}}