{"id":338450,"date":"2025-08-23T12:04:14","date_gmt":"2025-08-23T12:04:14","guid":{"rendered":"https:\/\/www.europesays.com\/fr\/338450\/"},"modified":"2025-08-23T12:04:14","modified_gmt":"2025-08-23T12:04:14","slug":"choquee-par-une-bagarre-en-match-amical-une-recrue-phare-de-lequipe-feminine-songerait-deja-a-quitter-le-club","status":"publish","type":"post","link":"https:\/\/www.europesays.com\/fr\/338450\/","title":{"rendered":"choqu\u00e9e par une bagarre en match amical, une recrue phare de l\u2019\u00e9quipe f\u00e9minine songerait d\u00e9j\u00e0 \u00e0 quitter le club"},"content":{"rendered":"<p>Arriv\u00e9e cet \u00e9t\u00e9 \u00e0 Marseille, la Norv\u00e9gienne Maria Thorisdottir aurait tr\u00e8s mal v\u00e9cu l\u2019incident qui a \u00e9clat\u00e9, ce mercredi en Espagne, entre les joueuses de l\u2019OM et celle du Club Esportiu Europa.<\/p>\n<p class=\"fig-paragraph\">La rocambolesque semaine de l\u2019Olympique de Marseille s\u2019\u00e9ternise. Pendant que l\u2019\u00e9quipe masculine, qui re\u00e7oit le Paris FC ce samedi en Ligue 1, tente de laisser derri\u00e8re elle<a href=\"http:\/\/www.lefigaro.fr\/sports\/football\/ligue-1\/affaire-rabiot-bagarre-d-une-violence-extreme-depart-force-poker-menteur-recit-d-un-psychodrame-qui-ebranle-l-olympique-de-marseille-20250822\" target=\"_blank\" data-fig-type=\"Article\" rel=\"noopener\" data-gtm-custom-categorie=\"navigation\" data-gtm-custom-action=\"crossclick\" data-gtm-custom-label=\"Contextuel\" data-gtm-event=\"customEventSPE\" data-fig-domain=\"LEFIGARO\">\u00a0l\u2019explosive affaire Rabiot<\/a>, la section f\u00e9minine rivalise en ce qui concerne l\u2019agitation. Ce mercredi en Espagne,<a href=\"http:\/\/www.lefigaro.fr\/sports\/football\/foot-entraineur-expulse-match-arrete-tension-lors-d-un-amical-des-feminines-de-l-om-a-gerone-20250821\" target=\"_blank\" data-fig-type=\"NewsFlash\" rel=\"noopener\" data-gtm-custom-categorie=\"navigation\" data-gtm-custom-action=\"crossclick\" data-gtm-custom-label=\"Contextuel\" data-gtm-event=\"customEventSPE\" data-fig-domain=\"LEFIGARO\">\u00a0une violente altercation<\/a>\u00a0entre certaines joueuses olympiennes et leurs adversaires du Club Esportiu Europa a entra\u00een\u00e9 l\u2019arr\u00eat pr\u00e9matur\u00e9 (\u00e0 la 86e minute) du match amical, remport\u00e9 2-1 par l\u2019OM.<\/p>\n<p>Un avenir en suspens<\/p>\n<p class=\"fig-paragraph\">Un incident loin d\u2019\u00eatre sans cons\u00e9quences puisque\u00a0<a href=\"https:\/\/www.laprovence.com\/article\/om\/2407220347270914\/om-feminines-choquee-par-la-bagarre-en-match-amical-thorisdottir-deja-sur-le-depart\" target=\"_blank\" rel=\"sponsored noopener\" data-gtm-custom-categorie=\"navigation\" data-gtm-custom-action=\"crossclick\" data-gtm-custom-label=\"Contextuel\" data-gtm-event=\"customEventSPE\">La Provence<\/a> \u00a0r\u00e9v\u00e8le que la Norv\u00e9gienne Maria Thorisdottir, recrue importante de l\u2019\u00e9t\u00e9 marseillais, songerait d\u00e9j\u00e0 \u00e0 quitter le club. La d\u00e9fenseure centrale de 32 ans aurait \u00e9t\u00e9 choqu\u00e9e par la tournure des \u00e9v\u00e8nements et a d\u00e9cid\u00e9 de quitter le stage de pr\u00e9paration de son club, jeudi \u00e0 G\u00e9rone. Celle qui \u00e9voluait \u00e0 Brighton lors des deux derni\u00e8res saisons serait rentr\u00e9e en Norv\u00e8ge pour r\u00e9fl\u00e9chir \u00e0 son avenir.<\/p>\n<p>                                    <a class=\"fig-a11y-skip a11y-hidden\" href=\"#fig-a11y-skip-main-inarticle\"><br \/>\n        Passer la publicit\u00e9<br \/>\n    <\/a><\/p>\n<p class=\"fig-paragraph\">Situ\u00e9 \u00e0 Barcelone dans le quartier de Gr\u00e0cia, le Club Esportiu Europa avait relat\u00e9 des \u00abagressions physiques entre les deux \u00e9quipes\u00bb pour justifier l\u2019interruption de la rencontre. Ce samedi (18h), l\u2019OM f\u00e9minin ach\u00e8ve sa pr\u00e9paration d\u2019avant-saison avec un dernier match amical face au FC Badalona Women, avant de d\u00e9fier Lyon, le 7 septembre prochain, en ouverture de la Premi\u00e8re Ligue fran\u00e7aise.<\/p>\n","protected":false},"excerpt":{"rendered":"Arriv\u00e9e cet \u00e9t\u00e9 \u00e0 Marseille, la Norv\u00e9gienne Maria Thorisdottir aurait tr\u00e8s mal v\u00e9cu l\u2019incident qui a \u00e9clat\u00e9, ce&hellip;\n","protected":false},"author":2,"featured_media":338451,"comment_status":"","ping_status":"","sticky":false,"template":"","format":"standard","meta":{"footnotes":""},"categories":[2],"tags":[11,3236,1011,27,12,1176,25],"class_list":{"0":"post-338450","1":"post","2":"type-post","3":"status-publish","4":"format-standard","5":"has-post-thumbnail","7":"category-actualites","8":"tag-actualites","9":"tag-football-feminin","10":"tag-fr","11":"tag-france","12":"tag-news","13":"tag-olympique-de-marseille","14":"tag-republique-francaise"},"share_on_mastodon":{"url":"https:\/\/pubeurope.com\/@fr\/115077989253169924","error":""},"_links":{"self":[{"href":"https:\/\/www.europesays.com\/fr\/wp-json\/wp\/v2\/posts\/338450","targetHints":{"allow":["GET"]}}],"collection":[{"href":"https:\/\/www.europesays.com\/fr\/wp-json\/wp\/v2\/posts"}],"about":[{"href":"https:\/\/www.europesays.com\/fr\/wp-json\/wp\/v2\/types\/post"}],"author":[{"embeddable":true,"href":"https:\/\/www.europesays.com\/fr\/wp-json\/wp\/v2\/users\/2"}],"replies":[{"embeddable":true,"href":"https:\/\/www.europesays.com\/fr\/wp-json\/wp\/v2\/comments?post=338450"}],"version-history":[{"count":0,"href":"https:\/\/www.europesays.com\/fr\/wp-json\/wp\/v2\/posts\/338450\/revisions"}],"wp:featuredmedia":[{"embeddable":true,"href":"https:\/\/www.europesays.com\/fr\/wp-json\/wp\/v2\/media\/338451"}],"wp:attachment":[{"href":"https:\/\/www.europesays.com\/fr\/wp-json\/wp\/v2\/media?parent=338450"}],"wp:term":[{"taxonomy":"category","embeddable":true,"href":"https:\/\/www.europesays.com\/fr\/wp-json\/wp\/v2\/categories?post=338450"},{"taxonomy":"post_tag","embeddable":true,"href":"https:\/\/www.europesays.com\/fr\/wp-json\/wp\/v2\/tags?post=338450"}],"curies":[{"name":"wp","href":"https:\/\/api.w.org\/{rel}","templated":true}]}}